{"id":26611,"date":"2019-05-02T22:00:50","date_gmt":"2019-05-03T02:00:50","guid":{"rendered":"https:\/\/cimbcc.org\/test2\/?p=26611"},"modified":"2023-10-16T22:14:27","modified_gmt":"2023-10-17T02:14:27","slug":"mot-du-president-mai-2019","status":"publish","type":"post","link":"https:\/\/cimbcc.org\/test2\/mot-du-president-mai-2019\/","title":{"rendered":"Mot du pr\u00e9sident &#8211; mai 2019"},"content":{"rendered":"<figure id=\"attachment_23836\" aria-describedby=\"caption-attachment-23836\" style=\"width: 125px\" class=\"wp-caption aligncenter\"><img loading=\"lazy\" decoding=\"async\" class=\"size-full wp-image-23836\" src=\"https:\/\/cimbcc.org\/test2\/wp-content\/uploads\/photo_cote_rejean.jpg\" alt=\"\" width=\"125\" height=\"125\" \/><figcaption id=\"caption-attachment-23836\" class=\"wp-caption-text\"><span style=\"color: #ffffff;\">immm<\/span>R\u00e9jean C\u00f4t\u00e9<\/figcaption><\/figure>\n<h5>Le conseil d&rsquo;administration pour 2019-2020<\/h5>\n<p style=\"text-align: justify;\">L\u2019assembl\u00e9e g\u00e9n\u00e9rale annuelle du 17\u00a0avril dernier a attir\u00e9 57\u00a0membres. Vos administrateurs ont appr\u00e9ci\u00e9 leur pr\u00e9sence et ils les remercient. Quatre administrateurs ont \u00e9t\u00e9 r\u00e9\u00e9lus pour un mandat de deux ans; il s\u2019agit de Mmes Danielle Barab\u00e9 et Sylvie Mazur et MM. Richard Gervais et Jacques Lalibert\u00e9. Ils se joindront \u00e0 Mmes\u00a0Danielle Charest Bourque, Berthe Demers et Huguette Turgeon et \u00e0 MM.\u00a0Michel C\u00f4t\u00e9, Michel Gagn\u00e9 et moi-m\u00eame pour composer le conseil d\u2019administration \u00e0 l\u2019\u0153uvre en 2019-2020.<\/p>\n<p><!--more--><\/p>\n<figure id=\"attachment_26621\" aria-describedby=\"caption-attachment-26621\" style=\"width: 512px\" class=\"wp-caption aligncenter\"><img loading=\"lazy\" decoding=\"async\" class=\"size-full wp-image-26621\" src=\"https:\/\/cimbcc.org\/test2\/wp-content\/uploads\/chip_2019_05_03_mot_du_president_aga_20190417.jpg\" alt=\"\" width=\"512\" height=\"342\" srcset=\"https:\/\/cimbcc.org\/test2\/wp-content\/uploads\/chip_2019_05_03_mot_du_president_aga_20190417.jpg 512w, https:\/\/cimbcc.org\/test2\/wp-content\/uploads\/chip_2019_05_03_mot_du_president_aga_20190417-300x200.jpg 300w, https:\/\/cimbcc.org\/test2\/wp-content\/uploads\/chip_2019_05_03_mot_du_president_aga_20190417-120x80.jpg 120w\" sizes=\"auto, (max-width: 512px) 100vw, 512px\" \/><figcaption id=\"caption-attachment-26621\" class=\"wp-caption-text\"><span style=\"color: #ffffff;\">mm<\/span>Assembl\u00e9e g\u00e9n\u00e9rale annuelle du CIMBCC tenue le 17 avril 2019 au Chalet Marie-Victorin<\/figcaption><\/figure>\n<hr \/>\n<h5>Le travail des b\u00e9n\u00e9voles au CIMBCC<\/h5>\n<p style=\"text-align: justify;\">Le Club informatique Mont-Bruno s\u2019efforce d\u2019\u00e9voluer avec l\u2019environnement informatique. Afin de proposer \u00e0 ses membres un programme vari\u00e9 et int\u00e9ressant, le club est constamment \u00e0 la recherche de nouveaux sujets, de nouveaux animateurs pour les ateliers et de nouveaux pr\u00e9sentateurs. En 2018-2019, c\u2019est gr\u00e2ce \u00e0 ses 79\u00a0g\u00e9n\u00e9reux b\u00e9n\u00e9voles que le CIMBCC a pu accomplir sa mission et offrir des services de qualit\u00e9 \u00e0 ses membres qui \u00e9taient 643 \u00e0 la fin d\u2019avril.<\/p>\n<hr \/>\n<h5>S\u00e9ances de pr\u00e9sentations du mercredi et du vendredi<\/h5>\n<p style=\"text-align: justify;\">Nous avons tenu cette ann\u00e9e 22\u00a0s\u00e9ances de pr\u00e9sentations dans la s\u00e9rie Facile et 23\u00a0s\u00e9ances dans la s\u00e9rie D\u00e9couverte. Deux pr\u00e9sentatrices et treize pr\u00e9sentateurs ont anim\u00e9 ces rencontres dont plusieurs portaient sur de nouveaux sujets.<\/p>\n<p style=\"text-align: justify;\">De nouvelles orientations ont \u00e9t\u00e9 adopt\u00e9es afin de favoriser l\u2019assiduit\u00e9 des membres aux pr\u00e9sentations du mercredi et du vendredi. Entre autres, les s\u00e9ances d\u2019une s\u00e9rie ont \u00e9t\u00e9 pr\u00e9sent\u00e9es en rafale le m\u00eame jour, d\u2019une semaine \u00e0 l\u2019autre. Cette ann\u00e9e, la moyenne des membres pr\u00e9sents par s\u00e9ance a baiss\u00e9 un peu et elle est pass\u00e9e de 73\u00a0participants, l\u2019an dernier, \u00e0 68 cette ann\u00e9e.<\/p>\n<hr \/>\n<h5>Accueil, impression des notes et logistique<\/h5>\n<p style=\"text-align: justify;\">Quinze b\u00e9n\u00e9voles se sont relay\u00e9s pour accueillir les membres qui se sont pr\u00e9sent\u00e9s au Chalet Marie-Victorin les mercredis et les vendredis. Trois b\u00e9n\u00e9voles ont assur\u00e9 l\u2019impression des notes de la s\u00e9rie Facile. Enfin, huit b\u00e9n\u00e9voles ont contribu\u00e9 \u00e0 monter et d\u00e9monter la salle, \u00e0 brancher l\u2019ordinateur et le syst\u00e8me de son, \u00e0 installer le projecteur et \u00e0 pr\u00e9parer et servir le caf\u00e9 et le jus offerts aux participants.<\/p>\n<hr \/>\n<h5 style=\"text-align: justify;\">Assistance avant les s\u00e9ances et assistance par courriel<\/h5>\n<p style=\"text-align: justify;\">Huit b\u00e9n\u00e9voles composaient l\u2019\u00e9quipe de l\u2019assistance avant les pr\u00e9sentations dans le corridor du Chalet Marie-Victorin. Deux ou trois de ces b\u00e9n\u00e9voles \u00e9taient toujours disponibles, une demi-heure avant chaque s\u00e9ance, pour r\u00e9pondre aux questions des membres et pour les aider \u00e0 r\u00e9soudre leurs probl\u00e8mes.<\/p>\n<p style=\"text-align: justify;\">Par ailleurs, huit b\u00e9n\u00e9voles ont assur\u00e9 r\u00e9guli\u00e8rement le service d\u2019assistance par courriel; ils ont \u00e9t\u00e9 \u00e9paul\u00e9s par trois b\u00e9n\u00e9voles occasionnels. Ils ont r\u00e9pondu aux questions que les membres ont transmises par courriel \u00e0 aidecimbcc\u00a0@gmail.com. Ce service est disponible douze mois par ann\u00e9e.<\/p>\n<hr \/>\n<h5>Ateliers<\/h5>\n<p style=\"text-align: justify;\">Depuis quelques ann\u00e9es d\u00e9j\u00e0, les ateliers du club contribuent \u00e0 la formation de nos membres. Chaque ann\u00e9e, il faut trouver des animateurs b\u00e9n\u00e9voles pour offrir de nouveaux ateliers. Cette ann\u00e9e, c\u2019est gr\u00e2ce \u00e0 la comp\u00e9tence et \u00e0 la g\u00e9n\u00e9rosit\u00e9 de neuf animateurs et de neuf assistants que 22 ateliers diff\u00e9rents ont \u00e9t\u00e9 propos\u00e9s aux membres.<\/p>\n<hr \/>\n<h5>Cours d\u2019initiation \u00e0 Internet<\/h5>\n<p style=\"text-align: justify;\">Dix b\u00e9n\u00e9voles ont donn\u00e9 huit cours de neuf heures d\u2019initiation \u00e0 Internet dans les biblioth\u00e8ques de Saint-Bruno-de-Montarville, de Saint-Basile-le-Grand et de Sainte-Julie. Cinq cours pr\u00e9paratoires de trois heures ont aussi \u00e9t\u00e9 donn\u00e9s aux personnes inscrites qui n\u2019avaient vraiment aucune exp\u00e9rience de l\u2019ordinateur, mais qui \u00e9taient d\u00e9termin\u00e9es \u00e0 apprendre l\u2019informatique.<\/p>\n<hr \/>\n<h5>Le site cimbcc.org et le CHIP<\/h5>\n<p style=\"text-align: justify;\">Notre site Web est tr\u00e8s dynamique et de plus en plus consult\u00e9 gr\u00e2ce \u00e0 la collaboration de dix-neuf b\u00e9n\u00e9voles. On peut y trouver toute l\u2019information sur les activit\u00e9s du club.<\/p>\n<p style=\"text-align: justify;\">Le CHIP est le blogue du club. Il compte maintenant 1\u00a0515 abonn\u00e9s \u00e0 travers le monde. Quatre b\u00e9n\u00e9voles ont assur\u00e9 son \u00e9dition et dix-huit collaborateurs ont r\u00e9dig\u00e9 95 articles. Le blogue permet aussi \u00e0 ceux qui le d\u00e9sirent de commenter les articles qui sont publi\u00e9s.<\/p>\n<hr \/>\n<h5 style=\"text-align: justify;\">Communication, activit\u00e9s sociales et r\u00e9cup\u00e9ration<\/h5>\n<p style=\"text-align: justify;\">L\u2019\u00e9quipe des communications \u00e9tait compos\u00e9e de trois b\u00e9n\u00e9voles. C\u2019est de cette \u00e9quipe que les membres ont re\u00e7u l&rsquo;infolettre hebdomadaire annon\u00e7ant le programme de la semaine ainsi que d\u2019autres communications au besoin.<\/p>\n<p style=\"text-align: justify;\">Les cinq b\u00e9n\u00e9voles responsables des activit\u00e9s sociales ont organis\u00e9 le souper de No\u00ebl et la soir\u00e9e des membres qui aura lieu le 8 mai. Ils ont aussi \u00e9t\u00e9 charg\u00e9s d\u2019organiser des activit\u00e9s destin\u00e9es \u00e0 t\u00e9moigner notre reconnaissance aux b\u00e9n\u00e9voles.<\/p>\n<p style=\"text-align: justify;\">Trois b\u00e9n\u00e9voles ont r\u00e9cup\u00e9r\u00e9 du mat\u00e9riel informatique. Cette \u00e9quipe collabore avec l\u2019\u00c9cocentre de Saint-Bruno-de-Montarville et elle est install\u00e9e dans un local fourni par la Ville. Depuis le d\u00e9but de 2018, 56 ordinateurs et portables ont \u00e9t\u00e9 reconstruits et donn\u00e9s \u00e0 des organismes communautaires. Depuis 2005, c\u2019est plus de 993\u00a0tonnes m\u00e9triques de mat\u00e9riel informatique qui ont ainsi \u00e9t\u00e9 r\u00e9cup\u00e9r\u00e9es. Tous les profits obtenus pour le mat\u00e9riel r\u00e9cup\u00e9r\u00e9, sans exception, ont \u00e9t\u00e9 remis \u00e0 des organismes communautaires.<\/p>\n<hr \/>\n<h5>Nos pr\u00e9cieux b\u00e9n\u00e9voles<\/h5>\n<p style=\"text-align: justify;\">Dans ce <em>Mot du pr\u00e9sident<\/em>, vous avez pu constater le travail exceptionnel r\u00e9alis\u00e9 par les b\u00e9n\u00e9voles du club que je remercie ici. Je sais que je le dis souvent, mais il est important de les remercier \u00e0 l\u2019occasion et de reconna\u00eetre combien ils sont indispensables pour le bon fonctionnement du club. Il ne faut jamais oublier que <em><strong>votre reconnaissance, c\u2019est un peu leur salaire.<\/strong><\/em><\/p>\n<hr \/>\n<h5>L\u2019avenir<\/h5>\n<p style=\"text-align: justify;\">Le club continuera toujours d\u2019avoir besoin de nouveaux b\u00e9n\u00e9voles. Vous serez toujours les bienvenus si vous d\u00e9sirez contribuer \u00e0 quelque t\u00e2che que ce soit. Dans une organisation comme la n\u00f4tre, il y a toujours plus de travail que de bras ou de cerveaux pour tout faire. Plus il y aura de membres qui s\u2019engageront, plus nous pourrons enrichir nos activit\u00e9s au profit de tous. L\u2019avenir du club ne peut \u00eatre assur\u00e9 autrement.<\/p>\n<p style=\"text-align: justify;\">Avez-vous un sujet de pr\u00e9sentation ou d\u2019atelier \u00e0 nous proposer? Si oui, dites-le-nous en laissant un commentaire \u00e0 la fin de cet article. Si vous avez un article int\u00e9ressant reli\u00e9 \u00e0 l\u2019informatique ou \u00e0 la s\u00e9curit\u00e9 informatique, faites-le-nous parvenir et nous serons heureux de le publier.<\/p>\n<p style=\"text-align: justify;\">N\u2019oubliez pas qu\u2019<em><strong>au club on s\u2019entraide<\/strong><\/em>, mais le partage des connaissances se fait <em><strong>sans aucune forme de garantie<\/strong><\/em>. Ni le club ni les b\u00e9n\u00e9voles ne peuvent garantir l\u2019exactitude de l\u2019information pr\u00e9sent\u00e9e, ni le club ni les b\u00e9n\u00e9voles <em><strong>ne peuvent \u00eatre responsables<\/strong> <\/em>des cons\u00e9quences de l\u2019utilisation de cette information par les membres ou par toute autre personne.<\/p>\n<p style=\"text-align: justify;\">Bonnes vacances estivales et au plaisir de vous revoir en septembre,<\/p>\n<p>R\u00e9jean C\u00f4t\u00e9, pr\u00e9sident<\/p>\n","protected":false},"excerpt":{"rendered":"<p>Le conseil d&rsquo;administration pour 2019-2020 L\u2019assembl\u00e9e g\u00e9n\u00e9rale annuelle du 17\u00a0avril dernier a attir\u00e9 57\u00a0membres. Vos administrateurs ont appr\u00e9ci\u00e9 leur pr\u00e9sence et ils les remercient. Quatre administrateurs ont \u00e9t\u00e9 r\u00e9\u00e9lus pour un mandat de deux ans; il s\u2019agit de Mmes Danielle Barab\u00e9 et Sylvie Mazur et MM. Richard Gervais et Jacques Lalibert\u00e9. Ils se joindront \u00e0 &hellip; <a href=\"https:\/\/cimbcc.org\/test2\/mot-du-president-mai-2019\/\" class=\"more-link\">Continuer la lecture de <span class=\"screen-reader-text\">Mot du pr\u00e9sident &#8211; mai 2019<\/span>  <span class=\"meta-nav\">&rarr;<\/span><\/a><\/p>\n","protected":false},"author":43,"featured_media":0,"comment_status":"open","ping_status":"closed","sticky":false,"template":"","format":"standard","meta":{"footnotes":""},"categories":[11],"tags":[777,737,231,232,269,1012,126,246,341,756,906,778,664,271,110],"class_list":["post-26611","post","type-post","status-publish","format-standard","hentry","category-mots-du-president","tag-accueil","tag-activites-sociales","tag-assistance-avant-les-seances","tag-assistance-par-courriel","tag-ateliers","tag-avenir","tag-benevoles","tag-chip","tag-communications","tag-conseil-dadministration","tag-cours-dans-les-bibliotheques","tag-impression","tag-logistique","tag-presentations","tag-recuperation"],"_links":{"self":[{"href":"https:\/\/cimbcc.org\/test2\/wp-json\/wp\/v2\/posts\/26611","targetHints":{"allow":["GET"]}}],"collection":[{"href":"https:\/\/cimbcc.org\/test2\/wp-json\/wp\/v2\/posts"}],"about":[{"href":"https:\/\/cimbcc.org\/test2\/wp-json\/wp\/v2\/types\/post"}],"author":[{"embeddable":true,"href":"https:\/\/cimbcc.org\/test2\/wp-json\/wp\/v2\/users\/43"}],"replies":[{"embeddable":true,"href":"https:\/\/cimbcc.org\/test2\/wp-json\/wp\/v2\/comments?post=26611"}],"version-history":[{"count":9,"href":"https:\/\/cimbcc.org\/test2\/wp-json\/wp\/v2\/posts\/26611\/revisions"}],"predecessor-version":[{"id":26663,"href":"https:\/\/cimbcc.org\/test2\/wp-json\/wp\/v2\/posts\/26611\/revisions\/26663"}],"wp:attachment":[{"href":"https:\/\/cimbcc.org\/test2\/wp-json\/wp\/v2\/media?parent=26611"}],"wp:term":[{"taxonomy":"category","embeddable":true,"href":"https:\/\/cimbcc.org\/test2\/wp-json\/wp\/v2\/categories?post=26611"},{"taxonomy":"post_tag","embeddable":true,"href":"https:\/\/cimbcc.org\/test2\/wp-json\/wp\/v2\/tags?post=26611"}],"curies":[{"name":"wp","href":"https:\/\/api.w.org\/{rel}","templated":true}]}}