{"id":26731,"date":"2019-05-30T00:00:45","date_gmt":"2019-05-30T04:00:45","guid":{"rendered":"https:\/\/cimbcc.org\/test2\/?p=26731"},"modified":"2023-10-16T22:14:27","modified_gmt":"2023-10-17T02:14:27","slug":"recours-collectif-pour-les-imprimantes-hp-officejet","status":"publish","type":"post","link":"https:\/\/cimbcc.org\/test2\/recours-collectif-pour-les-imprimantes-hp-officejet\/","title":{"rendered":"Recours collectif pour les imprimantes HP OfficeJet"},"content":{"rendered":"<figure id=\"attachment_24081\" aria-describedby=\"caption-attachment-24081\" style=\"width: 125px\" class=\"wp-caption aligncenter\"><img loading=\"lazy\" decoding=\"async\" class=\"size-full wp-image-24081\" src=\"https:\/\/cimbcc.org\/test2\/wp-content\/uploads\/photo_charron_denis.jpg\" alt=\"\" width=\"125\" height=\"125\" \/><figcaption id=\"caption-attachment-24081\" class=\"wp-caption-text\"><span style=\"color: #ffffff;\">mmm<\/span>Denis Charron<\/figcaption><\/figure>\n<p style=\"text-align: justify;\">La firme Hewlett-Packard (HP) a accept\u00e9 de payer des dommages aux propri\u00e9taires d&rsquo;imprimantes HP OfficeJet parce qu&rsquo;elle a install\u00e9 une mise \u00e0 jour du micrologiciel qui bloquait l&rsquo;imprimante si des cartouches de marques autres que HP \u00e9taient utilis\u00e9es.<\/p>\n<p style=\"text-align: justify;\"><!--more--><\/p>\n<p style=\"text-align: justify;\">Vous devez avoir poss\u00e9d\u00e9 un des mod\u00e8les d&rsquo;imprimantes nomm\u00e9s ci-dessous entre le 1<sup>er<\/sup>\u00a0mars 2015 et le 31 d\u00e9cembre 2017.<\/p>\n<ul style=\"text-align: justify;\">\n<li>HP OfficeJet Pro 6230<\/li>\n<li>HP OfficeJet 6812, 6815, 6820<\/li>\n<li>HP OfficeJet Pro 6830, 6835, 8610, 8615, 8616, 8620, 8625, 8630<\/li>\n<li>HP OfficeJet Pro X551dw, X451dn, X451dw, X576dw, X476dn, X476dw<\/li>\n<\/ul>\n<p style=\"text-align: justify;\">Vous avez jusqu&rsquo;au <strong>28 juin 2019<\/strong> pour soumettre votre r\u00e9clamation.<\/p>\n<p style=\"text-align: justify;\">Vous aurez plus de d\u00e9tails dans cet article du <em>Prot\u00e9gez-vous<\/em>\u00a0<a href=\"https:\/\/www.protegez-vous.ca\/nouvelles\/affaires-et-societe\/recours-collectif-imprimantes-hp-avez-vous-droit-a-un-dedommagement?utm_source=infolettre&amp;utm_medium=courriel&amp;utm_content%5Bdate%5D=2019-05-16+00%3A00%3A00.000000&amp;utm_content%5Btimezone_type%5D=1&amp;utm_content%5Btimezone%5D=%2B00%3A00&amp;utm_campaign=nouvelles&amp;tp=i-H43-Cd-zv-1byed-1s-Ict-1c-1buOc-F4Wb3\" target=\"_blank\" rel=\"noopener\">en cliquant ici<\/a>.<\/p>\n<p style=\"text-align: justify;\">Denis Charron<\/p>\n","protected":false},"excerpt":{"rendered":"<p>La firme Hewlett-Packard (HP) a accept\u00e9 de payer des dommages aux propri\u00e9taires d&rsquo;imprimantes HP OfficeJet parce qu&rsquo;elle a install\u00e9 une mise \u00e0 jour du micrologiciel qui bloquait l&rsquo;imprimante si des cartouches de marques autres que HP \u00e9taient utilis\u00e9es.<\/p>\n","protected":false},"author":43,"featured_media":0,"comment_status":"open","ping_status":"closed","sticky":false,"template":"","format":"standard","meta":{"footnotes":""},"categories":[24],"tags":[610,225,1019,684,887],"class_list":["post-26731","post","type-post","status-publish","format-standard","hentry","category-conseils-pratiques","tag-hewlett-packard","tag-hp","tag-hp-officejet","tag-imprimante","tag-recours-collectif"],"_links":{"self":[{"href":"https:\/\/cimbcc.org\/test2\/wp-json\/wp\/v2\/posts\/26731","targetHints":{"allow":["GET"]}}],"collection":[{"href":"https:\/\/cimbcc.org\/test2\/wp-json\/wp\/v2\/posts"}],"about":[{"href":"https:\/\/cimbcc.org\/test2\/wp-json\/wp\/v2\/types\/post"}],"author":[{"embeddable":true,"href":"https:\/\/cimbcc.org\/test2\/wp-json\/wp\/v2\/users\/43"}],"replies":[{"embeddable":true,"href":"https:\/\/cimbcc.org\/test2\/wp-json\/wp\/v2\/comments?post=26731"}],"version-history":[{"count":2,"href":"https:\/\/cimbcc.org\/test2\/wp-json\/wp\/v2\/posts\/26731\/revisions"}],"predecessor-version":[{"id":26734,"href":"https:\/\/cimbcc.org\/test2\/wp-json\/wp\/v2\/posts\/26731\/revisions\/26734"}],"wp:attachment":[{"href":"https:\/\/cimbcc.org\/test2\/wp-json\/wp\/v2\/media?parent=26731"}],"wp:term":[{"taxonomy":"category","embeddable":true,"href":"https:\/\/cimbcc.org\/test2\/wp-json\/wp\/v2\/categories?post=26731"},{"taxonomy":"post_tag","embeddable":true,"href":"https:\/\/cimbcc.org\/test2\/wp-json\/wp\/v2\/tags?post=26731"}],"curies":[{"name":"wp","href":"https:\/\/api.w.org\/{rel}","templated":true}]}}