{"id":26790,"date":"2019-06-06T21:00:48","date_gmt":"2019-06-07T01:00:48","guid":{"rendered":"https:\/\/cimbcc.org\/test2\/?p=26790"},"modified":"2023-10-16T22:14:27","modified_gmt":"2023-10-17T02:14:27","slug":"bilan-des-ateliers-2018-2019","status":"publish","type":"post","link":"https:\/\/cimbcc.org\/test2\/bilan-des-ateliers-2018-2019\/","title":{"rendered":"Bilan des ateliers 2018-2019"},"content":{"rendered":"<figure id=\"attachment_21218\" aria-describedby=\"caption-attachment-21218\" style=\"width: 254px\" class=\"wp-caption aligncenter\"><img loading=\"lazy\" decoding=\"async\" class=\"size-full wp-image-21218\" src=\"https:\/\/cimbcc.org\/test2\/wp-content\/uploads\/Demers_Barab\u00e9.jpg\" alt=\"\" width=\"254\" height=\"125\" \/><figcaption id=\"caption-attachment-21218\" class=\"wp-caption-text\"><span style=\"color: #ffffff;\">mmm<\/span>Berthe Demers<span style=\"color: #ffffff;\">mmmmmm<\/span>Danielle Barab\u00e9<\/figcaption><\/figure>\n<p style=\"text-align: justify;\">Animatrices, animateurs des ateliers, assistantes et assistants se sont r\u00e9unis le 30\u00a0mai dernier pour faire le bilan de l\u2019ann\u00e9e qui se termine et faire des plans pour la reprise des activit\u00e9s \u00e0 compter de septembre prochain.<\/p>\n<p><!--more--><\/p>\n<h4>Quelques chiffres sur la participation en 2018-2019<\/h4>\n<table>\n<tbody>\n<tr>\n<td style=\"width: 117px;\"><strong>P\u00e9riode<\/strong><\/td>\n<td style=\"text-align: center; width: 71px;\"><strong>Ateliers<\/strong><\/td>\n<td style=\"text-align: center; width: 103px;\"><strong>Inscriptions<\/strong><\/td>\n<td style=\"text-align: center; width: 114px;\"><strong>Pr\u00e9sences<\/strong><\/td>\n<\/tr>\n<tr>\n<td style=\"width: 117px;\">Automne 2018<\/td>\n<td style=\"text-align: center; width: 71px;\">11<\/td>\n<td style=\"text-align: center; width: 103px;\">180<\/td>\n<td style=\"text-align: center; width: 114px;\">505<\/td>\n<\/tr>\n<tr>\n<td style=\"width: 117px;\">Hiver 2019<\/td>\n<td style=\"text-align: center; width: 71px;\">11<\/td>\n<td style=\"text-align: center; width: 103px;\">143<\/td>\n<td style=\"text-align: center; width: 114px;\">486<\/td>\n<\/tr>\n<\/tbody>\n<\/table>\n<p style=\"text-align: justify;\">Les inscriptions pour les deux sessions, au nombre de 323, ont \u00e9t\u00e9 moins nombreuses que l\u2019ann\u00e9e pr\u00e9c\u00e9dente o\u00f9 elles avaient totalis\u00e9 378. Cette diminution s\u2019est traduite par un nombre de participants un peu moins nombreux dans les groupes.<\/p>\n<h4><strong>Ateliers sur les tablettes iPad et Android<\/strong><\/h4>\n<p>Les inscriptions ont repr\u00e9sent\u00e9\u00a0:<\/p>\n<table>\n<tbody>\n<tr>\n<td><strong>P\u00e9riode<\/strong><\/td>\n<td style=\"text-align: center;\"><strong>Ateliers<\/strong><\/td>\n<td style=\"text-align: center;\"><strong>inscriptions<\/strong><\/td>\n<td style=\"text-align: center;\"><strong>Pourcentage<\/strong><\/td>\n<\/tr>\n<tr>\n<td>Automne 2018<\/td>\n<td style=\"text-align: center;\">4<\/td>\n<td style=\"text-align: center;\">65<\/td>\n<td style=\"text-align: center;\">36%<\/td>\n<\/tr>\n<tr>\n<td>Hiver 2018<\/td>\n<td style=\"text-align: center;\">5<\/td>\n<td style=\"text-align: center;\">77<\/td>\n<td style=\"text-align: center;\">54%<\/td>\n<\/tr>\n<\/tbody>\n<\/table>\n<h4 style=\"text-align: justify;\"><strong>Les ateliers offerts en 2018-2019 <\/strong><\/h4>\n<ul style=\"text-align: justify;\">\n<li><a href=\"https:\/\/fr.wikipedia.org\/wiki\/Caisses_Desjardins\" target=\"_blank\" rel=\"noopener\">Acc\u00e8sD<\/a> \u2013 Internet (<em>nouvel atelier<\/em>)<\/li>\n<li><a href=\"https:\/\/fr.wikipedia.org\/wiki\/Facebook\" target=\"_blank\" rel=\"noopener\">Facebook<\/a> \u2013 d\u00e9butant et interm\u00e9diaire (2 ateliers)<\/li>\n<li><a href=\"https:\/\/fr.wikipedia.org\/wiki\/Microsoft_PowerPoint\" target=\"_blank\" rel=\"noopener\">PowerPoint<\/a><\/li>\n<li><a href=\"https:\/\/fr.wikipedia.org\/wiki\/Tablette_tactile\" target=\"_blank\" rel=\"noopener\">Tablette<\/a> <a href=\"https:\/\/fr.wikipedia.org\/wiki\/Android\" target=\"_blank\" rel=\"noopener\">Android<\/a> \u2013 d\u00e9butant<\/li>\n<li><a href=\"https:\/\/fr.wikipedia.org\/wiki\/Tablette_tactile\" target=\"_blank\" rel=\"noopener\">Tablette<\/a> <a href=\"https:\/\/fr.wikipedia.org\/wiki\/Android\" target=\"_blank\" rel=\"noopener\">Android<\/a> \u2013 les bases<\/li>\n<li><a href=\"https:\/\/fr.wikipedia.org\/wiki\/Tablette_tactile\" target=\"_blank\" rel=\"noopener\">Tablette<\/a> <a href=\"https:\/\/fr.wikipedia.org\/wiki\/Android\" target=\"_blank\" rel=\"noopener\">Android<\/a> \u2013 interm\u00e9diaire<\/li>\n<li><a href=\"https:\/\/fr.wikipedia.org\/wiki\/Tablette_tactile\" target=\"_blank\" rel=\"noopener\">Tablette<\/a>\u00a0<a href=\"https:\/\/fr.wikipedia.org\/wiki\/IPad\" target=\"_blank\" rel=\"noopener\">iPad<\/a> \u2013 d\u00e9butant (2 ateliers)<\/li>\n<li><a href=\"https:\/\/fr.wikipedia.org\/wiki\/Tablette_tactile\" target=\"_blank\" rel=\"noopener\">Tablette<\/a>\u00a0<a href=\"https:\/\/fr.wikipedia.org\/wiki\/IPad\" target=\"_blank\" rel=\"noopener\">iPad<\/a> \u2013 interm\u00e9diaire<\/li>\n<li><a href=\"https:\/\/fr.wikipedia.org\/wiki\/Liseuse\" target=\"_blank\" rel=\"noopener\">Liseuse<\/a> <a href=\"https:\/\/fr.wikipedia.org\/wiki\/Kobo_(entreprise)\" target=\"_blank\" rel=\"noopener\">Kobo<\/a> (<em>nouvel atelier<\/em>)<\/li>\n<li><a href=\"https:\/\/fr.wikipedia.org\/wiki\/Microsoft_Word\" target=\"_blank\" rel=\"noopener\">Word<\/a> \u2013 d\u00e9butant et interm\u00e9diaire (2 ateliers)<\/li>\n<li>Montage d\u2019un site Web et d\u2019un <a href=\"https:\/\/fr.wikipedia.org\/wiki\/Blog\" target=\"_blank\" rel=\"noopener\">blogue<\/a><\/li>\n<li><a href=\"https:\/\/cimbcc.org\/test2\/activites\/les-ateliers\/atelier-des-mordus-de-linformatique\" target=\"_blank\" rel=\"noopener\">Mordus de l\u2019informatique<\/a><\/li>\n<li>Introduction aux <a href=\"https:\/\/fr.wikipedia.org\/wiki\/Microcontr%C3%B4leur\" target=\"_blank\" rel=\"noopener\">microcontr\u00f4leurs<\/a> avec <a href=\"https:\/\/fr.wikipedia.org\/wiki\/Arduino\" target=\"_blank\" rel=\"noopener\">Arduino<\/a><\/li>\n<li>Programmation <a href=\"https:\/\/fr.wikipedia.org\/wiki\/Python_(langage)\" target=\"_blank\" rel=\"noopener\">Python<\/a> (<em>nouvel atelier<\/em>)<\/li>\n<\/ul>\n<p style=\"text-align: justify;\"><strong>Note<\/strong>\u00a0: quelques ateliers sont offerts une fois par ann\u00e9e alors que d\u2019autres reviennent chaque session.<\/p>\n<h4><strong>Pr\u00e9sentations de la <a href=\"https:\/\/cimbcc.org\/test2\/wp-content\/uploads\/calendrier_serie_facile.pdf\" target=\"_blank\" rel=\"noopener\"><em>s\u00e9rie Facile<\/em><\/a><\/strong><\/h4>\n<p style=\"text-align: justify;\">Les pr\u00e9sentations du mercredi soir ou du vendredi apr\u00e8s-midi, qui ont lieu au Chalet Marie-Victorin, demeurent le moyen par excellence d\u2019augmenter ses connaissances et faciliter l\u2019apprentissage en atelier. C\u2019est une pratique que nous encourageons.<\/p>\n<h4><strong>Animatrices, animateurs, assistantes et assistants<\/strong><\/h4>\n<p style=\"text-align: justify;\">Ils sont g\u00e9n\u00e9reux de leur temps, d\u00e9vou\u00e9s et soucieux de bien accompagner les participants. C\u2019est par leur implication, dans un esprit de partage de connaissances, que ces ateliers ont \u00e9t\u00e9 rendus possibles.<\/p>\n<p>Nous exprimons notre reconnaissance \u00e0\u00a0:<\/p>\n<table style=\"width: 473px;\">\n<tbody>\n<tr>\n<td style=\"text-align: center; width: 222px;\"><strong>Animatrices et animateurs\u00a0<\/strong><\/td>\n<td style=\"text-align: center; width: 216px;\"><strong>Assistantes et assistants<\/strong><\/td>\n<\/tr>\n<tr>\n<td style=\"text-align: center; width: 222px;\">Danielle Barab\u00e9<\/td>\n<td style=\"text-align: center; width: 216px;\">Louise Boivin<\/td>\n<\/tr>\n<tr>\n<td style=\"text-align: center; width: 222px;\">Nicole Comtois<\/td>\n<td style=\"text-align: center; width: 216px;\">Claudette Guy<\/td>\n<\/tr>\n<tr>\n<td style=\"text-align: center; width: 222px;\">Denis Charron<\/td>\n<td style=\"text-align: center; width: 216px;\">Diane Jutras<\/td>\n<\/tr>\n<tr>\n<td style=\"text-align: center; width: 222px;\">C\u00e9line Dufresne<\/td>\n<td style=\"text-align: center; width: 216px;\">Pierre Poisson<\/td>\n<\/tr>\n<tr>\n<td style=\"text-align: center; width: 222px;\">Bruno Fournier<\/td>\n<td style=\"text-align: center; width: 216px;\">Jeannette Ren\u00e9-de-Cotret<\/td>\n<\/tr>\n<tr>\n<td style=\"text-align: center; width: 222px;\">Sylvain Garneau<\/td>\n<td style=\"text-align: center; width: 216px;\">Monique Thibault<\/td>\n<\/tr>\n<tr>\n<td style=\"text-align: center; width: 222px;\">Patricia Gaulin<\/td>\n<td style=\"text-align: center; width: 216px;\"><\/td>\n<\/tr>\n<tr>\n<td style=\"text-align: center; width: 222px;\">Robert Lachance<\/td>\n<td style=\"text-align: center; width: 216px;\"><\/td>\n<\/tr>\n<tr>\n<td style=\"text-align: center; width: 222px;\">Michel Paul<\/td>\n<td style=\"text-align: center; width: 216px;\"><\/td>\n<\/tr>\n<tr>\n<td style=\"text-align: center; width: 222px;\">Yves Pepin<\/td>\n<td style=\"text-align: center; width: 216px;\"><\/td>\n<\/tr>\n<tr>\n<td style=\"text-align: center; width: 222px;\">Jean Presne<\/td>\n<td style=\"text-align: center; width: 216px;\"><\/td>\n<\/tr>\n<tr>\n<td style=\"text-align: center; width: 222px;\">Jean-Marie Turcotte<\/td>\n<td style=\"text-align: center; width: 216px;\"><\/td>\n<\/tr>\n<tr>\n<td style=\"text-align: center; width: 222px;\">Huguette Turgeon<\/td>\n<td style=\"text-align: center; width: 216px;\"><\/td>\n<\/tr>\n<\/tbody>\n<\/table>\n<p style=\"text-align: justify;\">Souhaitez-vous obtenir des informations sur diff\u00e9rents aspects du travail b\u00e9n\u00e9vole aux ateliers\u00a0? Vous pouvez nous contacter <a href=\"https:\/\/cimbcc.org\/test2\/nous-joindre\/nous-joindre-les-ateliers\" target=\"_blank\" rel=\"noopener\"><strong>en cliquant ici<\/strong><\/a> et nous communiquerons avec vous pour en discuter, sans obligation de votre part.<\/p>\n<p>Bonne saison estivale\u00a0!<\/p>\n<p>Berthe Demers et Danielle Barab\u00e9<br \/>\nResponsables des ateliers<\/p>\n","protected":false},"excerpt":{"rendered":"<p>Animatrices, animateurs des ateliers, assistantes et assistants se sont r\u00e9unis le 30\u00a0mai dernier pour faire le bilan de l\u2019ann\u00e9e qui se termine et faire des plans pour la reprise des activit\u00e9s \u00e0 compter de septembre prochain.<\/p>\n","protected":false},"author":43,"featured_media":0,"comment_status":"open","ping_status":"closed","sticky":false,"template":"","format":"standard","meta":{"footnotes":""},"categories":[402],"tags":[1039,1038,269,79,1036,1037],"class_list":["post-26790","post","type-post","status-publish","format-standard","hentry","category-activites-du-club","tag-assistantes","tag-assistants","tag-ateliers","tag-bilan","tag-presentateurs","tag-presentatrices"],"_links":{"self":[{"href":"https:\/\/cimbcc.org\/test2\/wp-json\/wp\/v2\/posts\/26790","targetHints":{"allow":["GET"]}}],"collection":[{"href":"https:\/\/cimbcc.org\/test2\/wp-json\/wp\/v2\/posts"}],"about":[{"href":"https:\/\/cimbcc.org\/test2\/wp-json\/wp\/v2\/types\/post"}],"author":[{"embeddable":true,"href":"https:\/\/cimbcc.org\/test2\/wp-json\/wp\/v2\/users\/43"}],"replies":[{"embeddable":true,"href":"https:\/\/cimbcc.org\/test2\/wp-json\/wp\/v2\/comments?post=26790"}],"version-history":[{"count":10,"href":"https:\/\/cimbcc.org\/test2\/wp-json\/wp\/v2\/posts\/26790\/revisions"}],"predecessor-version":[{"id":26916,"href":"https:\/\/cimbcc.org\/test2\/wp-json\/wp\/v2\/posts\/26790\/revisions\/26916"}],"wp:attachment":[{"href":"https:\/\/cimbcc.org\/test2\/wp-json\/wp\/v2\/media?parent=26790"}],"wp:term":[{"taxonomy":"category","embeddable":true,"href":"https:\/\/cimbcc.org\/test2\/wp-json\/wp\/v2\/categories?post=26790"},{"taxonomy":"post_tag","embeddable":true,"href":"https:\/\/cimbcc.org\/test2\/wp-json\/wp\/v2\/tags?post=26790"}],"curies":[{"name":"wp","href":"https:\/\/api.w.org\/{rel}","templated":true}]}}