{"id":27081,"date":"2019-06-28T00:00:12","date_gmt":"2019-06-28T04:00:12","guid":{"rendered":"https:\/\/cimbcc.org\/test2\/?p=27081"},"modified":"2023-10-16T22:14:27","modified_gmt":"2023-10-17T02:14:27","slug":"echos-du-conseil-dadministration-11-juin-2019","status":"publish","type":"post","link":"https:\/\/cimbcc.org\/test2\/echos-du-conseil-dadministration-11-juin-2019\/","title":{"rendered":"\u00c9chos du conseil d&rsquo;administration &#8211; 11 juin 2019"},"content":{"rendered":"<figure id=\"attachment_21147\" aria-describedby=\"caption-attachment-21147\" style=\"width: 500px\" class=\"wp-caption aligncenter\"><img loading=\"lazy\" decoding=\"async\" class=\"size-full wp-image-21147\" src=\"https:\/\/cimbcc.org\/test2\/wp-content\/uploads\/CIMBCC-2018-2019r.jpg\" alt=\"CA 2018-2019\" width=\"500\" height=\"228\" srcset=\"https:\/\/cimbcc.org\/test2\/wp-content\/uploads\/CIMBCC-2018-2019r.jpg 500w, https:\/\/cimbcc.org\/test2\/wp-content\/uploads\/CIMBCC-2018-2019r-300x137.jpg 300w\" sizes=\"auto, (max-width: 500px) 100vw, 500px\" \/><figcaption id=\"caption-attachment-21147\" class=\"wp-caption-text\">Sur la premi\u00e8re rang\u00e9e : Huguette Turgeon, Danielle Bourque, Danielle Barab\u00e9, Berthe Demers, Sylvie Mazur. Sur la deuxi\u00e8me rang\u00e9e : Michel C\u00f4t\u00e9, Jacques Lalibert\u00e9, Michel Gagn\u00e9, Richard Gervais, R\u00e9jean C\u00f4t\u00e9.<\/figcaption><\/figure>\n<p style=\"text-align: justify;\">La r\u00e9union pr\u00e9vue en mai ayant \u00e9t\u00e9 annul\u00e9e, le conseil d\u2019administration s\u2019est r\u00e9uni le 11\u00a0juin pour la premi\u00e8re fois apr\u00e8s l\u2019assembl\u00e9e g\u00e9n\u00e9rale du 17\u00a0avril. Le conseil a donc proc\u00e9d\u00e9 \u00e0 l\u2019\u00e9lection de son comit\u00e9 ex\u00e9cutif et \u00e0 l\u2019adoption de son calendrier pour 2019-2020.<\/p>\n<p><!--more--><\/p>\n<p style=\"text-align: justify;\">Pour terminer l\u2019ann\u00e9e\u00a02018-2019, le conseil a fait le point sur l\u2019atteinte de ses objectifs prioritaires. Il a aussi adopt\u00e9 les orientations propos\u00e9es pour les ateliers, les cours offerts dans les biblioth\u00e8ques et les s\u00e9ances de la s\u00e9rie <em>Facile<\/em>. Enfin, il a accept\u00e9 la proposition de participer au march\u00e9 public de Saint-Bruno-de-Montarville et reconduit certains documents de r\u00e9f\u00e9rence.<\/p>\n<hr \/>\n<h4><strong>\u00c9lection du comit\u00e9 ex\u00e9cutif<\/strong><\/h4>\n<p style=\"text-align: justify;\">Le conseil d\u2019administration du club est compos\u00e9 des m\u00eames administrateurs que l\u2019an dernier\u00a0: six personnes poursuivent leur mandat jusqu\u2019en 2020 et quatre personnes ont \u00e9t\u00e9 r\u00e9\u00e9lues le 17\u00a0avril pour un mandat de deux ans.<\/p>\n<p style=\"text-align: justify;\">Comme le pr\u00e9cisent les <a href=\"https:\/\/cimbcc.org\/test2\/le-club-2\/reglements-du-club#conseil\" target=\"_blank\" rel=\"noopener\">R\u00e8glements g\u00e9n\u00e9raux<\/a> du club\u00a0le\u00a0: \u00ab\u00a0comit\u00e9 ex\u00e9cutif se compose du pr\u00e9sident, du vice-pr\u00e9sident, du secr\u00e9taire et du tr\u00e9sorier du conseil d\u2019administration.\u00a0\u00bb Les membres du comit\u00e9 ex\u00e9cutif pour 2019-2020 qui ont \u00e9t\u00e9 \u00e9lus \u00e0 la r\u00e9union du 11\u00a0juin\u00a0sont\u00a0:<\/p>\n<ul>\n<li style=\"text-align: justify;\">R\u00e9jean\u00a0C\u00f4t\u00e9, pr\u00e9sident;<\/li>\n<li>Michel\u00a0Gagn\u00e9, vice-pr\u00e9sident;<\/li>\n<li>Danielle\u00a0Barab\u00e9, tr\u00e9sori\u00e8re;<\/li>\n<li>Sylvie\u00a0Mazur, secr\u00e9taire.<\/li>\n<\/ul>\n<hr \/>\n<h4><strong>Calendrier<\/strong><\/h4>\n<p style=\"text-align: justify;\">Les dates des r\u00e9unions du conseil d\u2019administration ont \u00e9t\u00e9 confirm\u00e9es. Elles se tiendront le premier mardi du mois, d\u2019ao\u00fbt \u00e0 juin, \u00e0 l\u2019exception des mois de septembre (avanc\u00e9e d\u2019une semaine) et de mars (retard\u00e9e d\u2019une semaine).<\/p>\n<p style=\"text-align: justify;\">Les dates des autres \u00e9v\u00e9nements marquants de l\u2019ann\u00e9e\u00a02019-2020\u00a0seront d\u00e9termin\u00e9es lorsque les locaux auront \u00e9t\u00e9 confirm\u00e9s.<\/p>\n<hr \/>\n<h4><strong>Objectifs prioritaires de 2018-2019<\/strong><\/h4>\n<p style=\"text-align: justify;\">\u00c0 la prochaine r\u00e9union, le conseil d\u2019administration amorcera le choix de ses objectifs pour 2019-2020. En juin, il a fait le point sur les objectifs de l\u2019ann\u00e9e qui se termine.<\/p>\n<ul>\n<li style=\"text-align: justify;\"><strong><em>Assurer la rel\u00e8ve pour le conseil d\u2019administration, le comit\u00e9 ex\u00e9cutif\u00a0et certaines fonctions\u00a0<\/em>:<\/strong> de toute \u00e9vidence, cet objectif n\u2019a pas \u00e9t\u00e9 atteint, sauf pour l\u2019infographie o\u00f9 R\u00e9jean\u00a0Daigle a accept\u00e9 d\u2019apporter les modifications n\u00e9cessaires au d\u00e9pliant du club.<\/li>\n<li style=\"text-align: justify;\"><strong><em>Modifier le processus d\u2019inscription d\u2019ici 2020\u00a0<\/em>:<\/strong> les travaux avancent et il est possible de penser que l\u2019inscription des membres pourra se faire sur Internet en 2020.<\/li>\n<li style=\"text-align: justify;\"><strong><em>Ajouter de nouveaux sujets de pr\u00e9sentations\u00a0<\/em>:<\/strong> de nouveaux sujets ont \u00e9t\u00e9 ajout\u00e9s cette ann\u00e9e et d\u2019autres s\u2019ajouteront en 2019-2020.<\/li>\n<li style=\"text-align: justify;\"><strong><em>Recruter de nouveaux membres\u00a0<\/em>:<\/strong> le club compte cette ann\u00e9e\u00a0653\u00a0membres, soit 150\u00a0membres de moins qu\u2019en 2016. Pour maintenir les services actuels, le club a besoin d\u2019augmenter ce nombre. Pour atteindre cet objectif, des activit\u00e9s de promotion du club seront entreprises en 2019-2020 et de nouveaux sujets de pr\u00e9sentations ou d\u2019ateliers seront propos\u00e9s aux membres.<\/li>\n<\/ul>\n<hr \/>\n<h4><strong>Ateliers<\/strong><\/h4>\n<p style=\"text-align: justify;\">Les 22\u00a0ateliers de 2018-2019 ont accumul\u00e9 323\u00a0inscriptions, soit une moyenne de 14,7\u00a0membres par atelier. Le peu d\u2019abandons constat\u00e9s et un taux d\u2019assiduit\u00e9 de plus de 80\u00a0% peuvent \u00eatre interpr\u00e9t\u00e9s comme des signes d\u2019appr\u00e9ciation des ateliers offerts. Pour plus de d\u00e9tails, on peut consulter le <a href=\"https:\/\/cimbcc.org\/test2\/bilan-des-ateliers-2018-2019\" target=\"_blank\" rel=\"noopener\">bilan publi\u00e9 dans le CHIP<\/a>.<\/p>\n<p style=\"text-align: justify;\">Le conseil d\u2019administration a accept\u00e9 les 12\u00a0ateliers propos\u00e9s par les animateurs pour l\u2019automne\u00a02019. Comme d\u2019habitude, les membres recevront un courriel leur pr\u00e9cisant la p\u00e9riode pendant laquelle ils pourront s\u2019inscrire en septembre prochain.<\/p>\n<hr \/>\n<h4 style=\"text-align: justify;\"><strong>Cours offerts dans les biblioth\u00e8ques et s\u00e9ances de la s\u00e9rie <em>Facile<\/em><\/strong><\/h4>\n<p style=\"text-align: justify;\">Les instructeurs des <a href=\"https:\/\/cimbcc.org\/test2\/activites\/familiarisation-a-linternet\" target=\"_blank\" rel=\"noopener\">cours offerts dans les biblioth\u00e8ques<\/a> ont d\u00e9cid\u00e9 des changements suivants\u00a0pour l\u2019ann\u00e9e\u00a02019-2020\u00a0:<\/p>\n<ul style=\"text-align: justify;\">\n<li>le cours actuel de niveau\u00a01 sur Chrome et Outlook.com sera conserv\u00e9 et sera intitul\u00e9\u00a0: <em>Initiation \u00e0 l\u2019ordinateur et \u00e0 Internet<\/em>.<\/li>\n<li>le cours actuel de niveau\u00a02 sera remplac\u00e9 par un cours sur Windows\u00a010 et sur la s\u00e9curit\u00e9 informatique.<\/li>\n<\/ul>\n<p style=\"text-align: justify;\">Le but de ces changements est d\u2019attirer aux cours offerts dans les biblioth\u00e8ques des utilisateurs plus avanc\u00e9s afin d\u2019augmenter le nombre d\u2019inscrits au cours et aussi le nombre d\u2019inscrits au club.<\/p>\n<p style=\"text-align: justify;\">Par ailleurs, les pr\u00e9sentateurs des s\u00e9ances de la <a href=\"https:\/\/cimbcc.org\/test2\/activites\/les-presentations-du-mercredi-et-du-vendredi\" target=\"_blank\" rel=\"noopener\">s\u00e9rie <em>Facile<\/em><\/a> ont d\u00e9cid\u00e9 d\u2019inclure les exercices d\u00e9velopp\u00e9s pour les cours offerts dans les biblioth\u00e8ques \u00e0 leurs pr\u00e9sentations sur Windows 10 et sur la s\u00e9curit\u00e9 informatique.<\/p>\n<p style=\"text-align: justify;\">Ces pr\u00e9sentateurs ont \u00e9galement d\u00e9cid\u00e9 de proposer, l\u2019automne prochain, <a href=\"https:\/\/cimbcc.org\/test2\/activites\/les-ateliers\/atelier-aide-aux-exercices-de-la-serie-facile\" target=\"_blank\" rel=\"noopener\">un atelier<\/a> destin\u00e9 \u00e0 aider les membres qui auront des difficult\u00e9s \u00e0 faire les exercices propos\u00e9s par les s\u00e9ances sur les sujets suivants\u00a0: Chrome, Windows\u00a010, Google, gestion des fichiers et des dossiers. Le but de cet atelier est d\u2019inciter plus de membres \u00e0 faire les exercices propos\u00e9s et \u00e0 pers\u00e9v\u00e9rer dans leur apprentissage.<\/p>\n<hr \/>\n<h4 style=\"text-align: justify;\"><strong>March\u00e9 public de Saint-Bruno-de-Montarville<\/strong><\/h4>\n<p style=\"text-align: justify;\">Le conseil a accueilli avec int\u00e9r\u00eat la proposition de Jean-Fran\u00e7ois\u00a0Courtoy de tenir un kiosque d\u2019information au march\u00e9 public de Saint-Bruno-de-Montarville, <strong>le 17\u00a0ao\u00fbt prochain<\/strong>. Berthe\u00a0Demers et Sylvie\u00a0Mazur ont accept\u00e9 d\u2019y participer avec M.\u00a0Courtoy pour faire la promotion du club.<\/p>\n<hr \/>\n<h4><strong>R\u00e9vision des documents de r\u00e9f\u00e9rence du club<\/strong><\/h4>\n<p>Apr\u00e8s avoir jug\u00e9 de la conformit\u00e9 du projet de proc\u00e8s-verbal de l\u2019assembl\u00e9e g\u00e9n\u00e9rale du 17\u00a0avril, qui sera soumis \u00e0 l\u2019adoption de l\u2019assembl\u00e9e g\u00e9n\u00e9rale de 2020, le conseil d\u2019administration a reconduit les documents de r\u00e9f\u00e9rence portant les titres suivants\u00a0:<\/p>\n<ul>\n<li>R\u00e9unions du conseil d\u2019administration<\/li>\n<li><a href=\"https:\/\/cimbcc.org\/test2\/le-club-2\/la-mission-et-la-politique\" target=\"_blank\" rel=\"noopener\">Mission et politique g\u00e9n\u00e9rale du club<\/a><\/li>\n<li>Gestion des logiciels payants<\/li>\n<\/ul>\n<hr \/>\n<p>Sylvie\u00a0Mazur<br \/>\nSecr\u00e9taire du CIMBCC<\/p>\n","protected":false},"excerpt":{"rendered":"<p>La r\u00e9union pr\u00e9vue en mai ayant \u00e9t\u00e9 annul\u00e9e, le conseil d\u2019administration s\u2019est r\u00e9uni le 11\u00a0juin pour la premi\u00e8re fois apr\u00e8s l\u2019assembl\u00e9e g\u00e9n\u00e9rale du 17\u00a0avril. Le conseil a donc proc\u00e9d\u00e9 \u00e0 l\u2019\u00e9lection de son comit\u00e9 ex\u00e9cutif et \u00e0 l\u2019adoption de son calendrier pour 2019-2020.<\/p>\n","protected":false},"author":43,"featured_media":0,"comment_status":"open","ping_status":"closed","sticky":false,"template":"","format":"standard","meta":{"footnotes":""},"categories":[386],"tags":[269,785,1048,906,761,370,1049,1010],"class_list":["post-27081","post","type-post","status-publish","format-standard","hentry","category-echos-du-conseil-dadministration","tag-ateliers","tag-calendrier","tag-comite-executif","tag-cours-dans-les-bibliotheques","tag-documents-de-reference","tag-facile","tag-marche-public","tag-objectifs"],"_links":{"self":[{"href":"https:\/\/cimbcc.org\/test2\/wp-json\/wp\/v2\/posts\/27081","targetHints":{"allow":["GET"]}}],"collection":[{"href":"https:\/\/cimbcc.org\/test2\/wp-json\/wp\/v2\/posts"}],"about":[{"href":"https:\/\/cimbcc.org\/test2\/wp-json\/wp\/v2\/types\/post"}],"author":[{"embeddable":true,"href":"https:\/\/cimbcc.org\/test2\/wp-json\/wp\/v2\/users\/43"}],"replies":[{"embeddable":true,"href":"https:\/\/cimbcc.org\/test2\/wp-json\/wp\/v2\/comments?post=27081"}],"version-history":[{"count":6,"href":"https:\/\/cimbcc.org\/test2\/wp-json\/wp\/v2\/posts\/27081\/revisions"}],"predecessor-version":[{"id":27106,"href":"https:\/\/cimbcc.org\/test2\/wp-json\/wp\/v2\/posts\/27081\/revisions\/27106"}],"wp:attachment":[{"href":"https:\/\/cimbcc.org\/test2\/wp-json\/wp\/v2\/media?parent=27081"}],"wp:term":[{"taxonomy":"category","embeddable":true,"href":"https:\/\/cimbcc.org\/test2\/wp-json\/wp\/v2\/categories?post=27081"},{"taxonomy":"post_tag","embeddable":true,"href":"https:\/\/cimbcc.org\/test2\/wp-json\/wp\/v2\/tags?post=27081"}],"curies":[{"name":"wp","href":"https:\/\/api.w.org\/{rel}","templated":true}]}}