{"id":27151,"date":"2019-07-09T21:00:18","date_gmt":"2019-07-10T01:00:18","guid":{"rendered":"https:\/\/cimbcc.org\/test2\/?p=27151"},"modified":"2023-10-16T22:14:26","modified_gmt":"2023-10-17T02:14:26","slug":"les-fraises-les-influenceurs-et-les-medias-sociaux","status":"publish","type":"post","link":"https:\/\/cimbcc.org\/test2\/les-fraises-les-influenceurs-et-les-medias-sociaux\/","title":{"rendered":"Les fraises, les influenceurs et les m\u00e9dias sociaux"},"content":{"rendered":"<figure id=\"attachment_26699\" aria-describedby=\"caption-attachment-26699\" style=\"width: 125px\" class=\"wp-caption aligncenter\"><img loading=\"lazy\" decoding=\"async\" class=\"size-full wp-image-26699\" src=\"https:\/\/cimbcc.org\/test2\/wp-content\/uploads\/photo_dion_celine.jpg\" alt=\"\" width=\"125\" height=\"125\" \/><figcaption id=\"caption-attachment-26699\" class=\"wp-caption-text\"><span style=\"color: #ffffff;\">mmmm<\/span>C\u00e9line Dion<\/figcaption><\/figure>\n<h5 style=\"text-align: justify;\"><strong>Le nouvel outil de marketing des producteurs de fraises:<br \/>\nles influenceurs sur les m\u00e9dias sociaux\u00a0<\/strong><span style=\"font-size: 8pt;\">(<a href=\"https:\/\/www.laterre.ca\/actualites\/vie-rurale\/influenceurs-et-medias-sociaux-au-coeur-du-marketing\" target=\"_blank\" rel=\"noopener\">Source<\/a>)<\/span><\/h5>\n<p style=\"text-align: justify;\">Gr\u00e2ce \u00e0 sa campagne marketing durant la saison 2018, l<em>&lsquo;Association des producteurs de fraises et framboises du Qu\u00e9bec<\/em> (<a href=\"https:\/\/www.fraicheurquebec.com\/partenaires\/association-des-producteurs-de-fraises-et-framboises-du-quebec\" target=\"_blank\" rel=\"noopener\">APFFQ<\/a>), a r\u00e9ussi le grand d\u00e9fi d&rsquo;attirer plus de jeunes \u00e0 l&rsquo;<a href=\"https:\/\/fraisesetframboisesduquebec.com\/autocueillette\/\" target=\"_blank\" rel=\"noopener\">autocueillette<\/a> dans les champs de ses membres.<\/p>\n<p style=\"text-align: justify;\"><!--more--><\/p>\n<p style=\"text-align: justify;\">Nous n&rsquo;avons rien vu de tout cela dans nos m\u00e9dias traditionnels (t\u00e9l\u00e9vision, journaux nationaux, etc.), car cette campagne se d\u00e9roulait essentiellement sur <a href=\"https:\/\/www.instagram.com\/?hl=fr-ca\" target=\"_blank\" rel=\"noopener\">Instagram<\/a> et <a href=\"https:\/\/www.youtube.com\" target=\"_blank\" rel=\"noopener\">YouTube<\/a>, par l&rsquo;entremise de ce qu&rsquo;on appelle maintenant des \u00ab\u00a0<a href=\"https:\/\/fr.wikipedia.org\/wiki\/Influenceur\" target=\"_blank\" rel=\"noopener\">influenceurs<\/a>\u00a0\u00bb.<\/p>\n<p style=\"text-align: justify;\">Ce qu&rsquo;on appelle \u00ab\u00a0<a href=\"https:\/\/fr.wikipedia.org\/wiki\/Influenceur\" target=\"_blank\" rel=\"noopener\">influenceur<\/a>\u00a0\u00bb sur les <a href=\"https:\/\/fr.wikipedia.org\/wiki\/R%C3%A9seau_social\" target=\"_blank\" rel=\"noopener\">r\u00e9seaux sociaux<\/a>\u00a0est tout simplement une personnalit\u00e9 suivie par un assez grand nombre de personnes pour justifier qu&rsquo;on fasse appel \u00e0 cette personne pour mousser l&rsquo;int\u00e9r\u00eat pour un produit, un \u00e9v\u00e9nement, etc.<\/p>\n<p style=\"text-align: justify;\">Comme les <a href=\"https:\/\/fr.wikipedia.org\/wiki\/G%C3%A9n%C3%A9ration_Y\" target=\"_blank\" rel=\"noopener\">mill\u00e9nariaux<\/a>\u00a0 ont grandi avec ces m\u00e9dias, les <a href=\"https:\/\/fr.wikipedia.org\/wiki\/R%C3%A9seau_social\" target=\"_blank\" rel=\"noopener\">r\u00e9seaux sociaux<\/a> sont devenus les principaux canaux de communication pour interagir avec cette g\u00e9n\u00e9ration.<\/p>\n<p style=\"text-align: justify;\">Gabrielle Mad\u00e9, directrice g\u00e9n\u00e9rale de l&rsquo;agence <a href=\"https:\/\/leslingshot.com\/fr\" target=\"_blank\" rel=\"noopener\"><em>Le Slingshot<\/em><\/a>, fait du marketing d&rsquo;influence sa sp\u00e9cialit\u00e9. La fa\u00e7on dont cet organisme fonctionne est qu&rsquo;il embauche des \u00ab\u00a0<a href=\"https:\/\/fr.wikipedia.org\/wiki\/Influenceur\" target=\"_blank\" rel=\"noopener\">influenceurs<\/a>\u00a0\u00bb pour participer \u00e0 des campagnes de <a href=\"https:\/\/fr.wikipedia.org\/wiki\/Marketing\" target=\"_blank\" rel=\"noopener\">marketing<\/a>.<\/p>\n<p style=\"text-align: justify;\">Dans l&rsquo;exemple de la campagne de l&rsquo;<a href=\"https:\/\/www.fraicheurquebec.com\/partenaires\/association-des-producteurs-de-fraises-et-framboises-du-quebec\" target=\"_blank\" rel=\"noopener\">APFFQ<\/a>, cinq \u00ab\u00a0<a href=\"https:\/\/fr.wikipedia.org\/wiki\/Influenceur\" target=\"_blank\" rel=\"noopener\">influenceuses<\/a>\u00a0\u00bb ont \u00e9t\u00e9 recrut\u00e9es pour mousser les ventes du livre de recettes \u00ab\u00a0<a href=\"https:\/\/www.renaud-bray.com\/Livres_Produit.aspx?id=2449027&amp;def=Ah,+les+fraises+et+les+framboises+!,COLLECTIF,9782924251621\" target=\"_blank\" rel=\"noopener\"><em>Ah, les fraises et les framboises!<\/em><\/a>\u00ab\u00a0<em>, <\/em>en plus de promouvoir l&rsquo;<a href=\"https:\/\/fraisesetframboisesduquebec.com\/autocueillette\/\" target=\"_blank\" rel=\"noopener\">autocueillette<\/a> comme activit\u00e9 de groupe. Comme les jeunes cherchent \u00e0 vivre des exp\u00e9riences sociales, la campagne a eu les effets recherch\u00e9s dans les champs, en plus d&rsquo;avoir atteint leur objectif de vente du livre de 5000 exemplaires!<\/p>\n<p>C\u00e9line Dion<\/p>\n","protected":false},"excerpt":{"rendered":"<p>Le nouvel outil de marketing des producteurs de fraises: les influenceurs sur les m\u00e9dias sociaux\u00a0(Source) Gr\u00e2ce \u00e0 sa campagne marketing durant la saison 2018, l&lsquo;Association des producteurs de fraises et framboises du Qu\u00e9bec (APFFQ), a r\u00e9ussi le grand d\u00e9fi d&rsquo;attirer plus de jeunes \u00e0 l&rsquo;autocueillette dans les champs de ses membres.<\/p>\n","protected":false},"author":43,"featured_media":0,"comment_status":"open","ping_status":"closed","sticky":false,"template":"","format":"standard","meta":{"footnotes":""},"categories":[1],"tags":[1057,1055,1054,1056,1053],"class_list":["post-27151","post","type-post","status-publish","format-standard","hentry","category-sans-categories","tag-apffq","tag-autocueillette","tag-fraises","tag-influenceurs","tag-marketing"],"_links":{"self":[{"href":"https:\/\/cimbcc.org\/test2\/wp-json\/wp\/v2\/posts\/27151","targetHints":{"allow":["GET"]}}],"collection":[{"href":"https:\/\/cimbcc.org\/test2\/wp-json\/wp\/v2\/posts"}],"about":[{"href":"https:\/\/cimbcc.org\/test2\/wp-json\/wp\/v2\/types\/post"}],"author":[{"embeddable":true,"href":"https:\/\/cimbcc.org\/test2\/wp-json\/wp\/v2\/users\/43"}],"replies":[{"embeddable":true,"href":"https:\/\/cimbcc.org\/test2\/wp-json\/wp\/v2\/comments?post=27151"}],"version-history":[{"count":3,"href":"https:\/\/cimbcc.org\/test2\/wp-json\/wp\/v2\/posts\/27151\/revisions"}],"predecessor-version":[{"id":27155,"href":"https:\/\/cimbcc.org\/test2\/wp-json\/wp\/v2\/posts\/27151\/revisions\/27155"}],"wp:attachment":[{"href":"https:\/\/cimbcc.org\/test2\/wp-json\/wp\/v2\/media?parent=27151"}],"wp:term":[{"taxonomy":"category","embeddable":true,"href":"https:\/\/cimbcc.org\/test2\/wp-json\/wp\/v2\/categories?post=27151"},{"taxonomy":"post_tag","embeddable":true,"href":"https:\/\/cimbcc.org\/test2\/wp-json\/wp\/v2\/tags?post=27151"}],"curies":[{"name":"wp","href":"https:\/\/api.w.org\/{rel}","templated":true}]}}