{"id":27170,"date":"2019-07-24T00:00:40","date_gmt":"2019-07-24T04:00:40","guid":{"rendered":"https:\/\/cimbcc.org\/test2\/?p=27170"},"modified":"2023-10-16T22:14:26","modified_gmt":"2023-10-17T02:14:26","slug":"la-deuxieme-generation-des-assistants-vocaux-arrive","status":"publish","type":"post","link":"https:\/\/cimbcc.org\/test2\/la-deuxieme-generation-des-assistants-vocaux-arrive\/","title":{"rendered":"La deuxi\u00e8me g\u00e9n\u00e9ration des assistants vocaux arrive"},"content":{"rendered":"<figure id=\"attachment_24081\" aria-describedby=\"caption-attachment-24081\" style=\"width: 125px\" class=\"wp-caption aligncenter\"><img loading=\"lazy\" decoding=\"async\" class=\"size-full wp-image-24081\" src=\"https:\/\/cimbcc.org\/test2\/wp-content\/uploads\/photo_charron_denis.jpg\" alt=\"\" width=\"125\" height=\"125\" \/><figcaption id=\"caption-attachment-24081\" class=\"wp-caption-text\"><span style=\"color: #ffffff;\">mmm<\/span>Denis Charron<\/figcaption><\/figure>\n<p style=\"text-align: justify;\">Une nouvelle mouture pour les assistants vocaux vient combler les faiblesses de la g\u00e9n\u00e9ration actuelle en ajoutant un \u00e9cran qui permet de voir, en plus d&rsquo;entendre, les r\u00e9ponses fournies \u00e0 nos demandes.<\/p>\n<p style=\"text-align: justify;\"><!--more--><\/p>\n<p style=\"text-align: justify;\">Dans cet article de <em>LaPresse.ca,<\/em>\u00a0on a test\u00e9 celui offert par Amazon, l&rsquo;<a href=\"https:\/\/www.amazon.ca\/s?k=echo+show&amp;language=fr_CA&amp;adgrpid=67511357232&amp;gclid=CjwKCAjw04vpBRB3EiwA0Iieaq1jtzAcVJ3rn2OTC84eWJTjlnyZWGPLKVgzBhP6kzbjBNf1LuPcehoCK1oQAvD_BwE&amp;hvadid=338566970101&amp;hvdev=c&amp;hvlocphy=9000553&amp;hvnetw=g&amp;hvpos=1t1&amp;hvqmt=e&amp;hvrand=15850232843369350189&amp;hvtargid=kwd-310736619495&amp;hydadcr=10152_11074151&amp;tag=googlefrenchd-20&amp;ref=pd_sl_4w0f3du6hf_e\" target=\"_blank\" rel=\"noopener\">Echo Show<\/a>. Vous en apprendrez plus\u00a0<a href=\"https:\/\/www.lapresse.ca\/affaires\/techno\/201907\/07\/01-5232982-teste-quand-lintelligence-saffiche.php\" target=\"_blank\" rel=\"noopener\">en cliquant ici.<\/a><\/p>\n<p style=\"text-align: justify;\">Denis Charron<\/p>\n","protected":false},"excerpt":{"rendered":"<p>Une nouvelle mouture pour les assistants vocaux vient combler les faiblesses de la g\u00e9n\u00e9ration actuelle en ajoutant un \u00e9cran qui permet de voir, en plus d&rsquo;entendre, les r\u00e9ponses fournies \u00e0 nos demandes.<\/p>\n","protected":false},"author":43,"featured_media":0,"comment_status":"open","ping_status":"closed","sticky":false,"template":"","format":"standard","meta":{"footnotes":""},"categories":[24],"tags":[822,1060],"class_list":["post-27170","post","type-post","status-publish","format-standard","hentry","category-conseils-pratiques","tag-assistant-vocal","tag-echo-show"],"_links":{"self":[{"href":"https:\/\/cimbcc.org\/test2\/wp-json\/wp\/v2\/posts\/27170","targetHints":{"allow":["GET"]}}],"collection":[{"href":"https:\/\/cimbcc.org\/test2\/wp-json\/wp\/v2\/posts"}],"about":[{"href":"https:\/\/cimbcc.org\/test2\/wp-json\/wp\/v2\/types\/post"}],"author":[{"embeddable":true,"href":"https:\/\/cimbcc.org\/test2\/wp-json\/wp\/v2\/users\/43"}],"replies":[{"embeddable":true,"href":"https:\/\/cimbcc.org\/test2\/wp-json\/wp\/v2\/comments?post=27170"}],"version-history":[{"count":3,"href":"https:\/\/cimbcc.org\/test2\/wp-json\/wp\/v2\/posts\/27170\/revisions"}],"predecessor-version":[{"id":27212,"href":"https:\/\/cimbcc.org\/test2\/wp-json\/wp\/v2\/posts\/27170\/revisions\/27212"}],"wp:attachment":[{"href":"https:\/\/cimbcc.org\/test2\/wp-json\/wp\/v2\/media?parent=27170"}],"wp:term":[{"taxonomy":"category","embeddable":true,"href":"https:\/\/cimbcc.org\/test2\/wp-json\/wp\/v2\/categories?post=27170"},{"taxonomy":"post_tag","embeddable":true,"href":"https:\/\/cimbcc.org\/test2\/wp-json\/wp\/v2\/tags?post=27170"}],"curies":[{"name":"wp","href":"https:\/\/api.w.org\/{rel}","templated":true}]}}