{"id":27375,"date":"2019-08-02T07:00:40","date_gmt":"2019-08-02T11:00:40","guid":{"rendered":"https:\/\/cimbcc.org\/test2\/?p=27375"},"modified":"2023-10-16T22:14:26","modified_gmt":"2023-10-17T02:14:26","slug":"mot-du-president-aout-2019","status":"publish","type":"post","link":"https:\/\/cimbcc.org\/test2\/mot-du-president-aout-2019\/","title":{"rendered":"Mot du Pr\u00e9sident &#8211; ao\u00fbt 2019"},"content":{"rendered":"<p>&nbsp;<\/p>\n<figure id=\"attachment_23836\" aria-describedby=\"caption-attachment-23836\" style=\"width: 125px\" class=\"wp-caption aligncenter\"><img loading=\"lazy\" decoding=\"async\" class=\"size-full wp-image-23836\" src=\"https:\/\/cimbcc.org\/test2\/wp-content\/uploads\/photo_cote_rejean.jpg\" alt=\"\" width=\"125\" height=\"125\" \/><figcaption id=\"caption-attachment-23836\" class=\"wp-caption-text\"><span style=\"color: #ffffff;\">&#8212;&#8212;-<\/span>R\u00e9jean C\u00f4t\u00e9<span style=\"color: #ffffff;\">&#8212;&#8212;-<\/span><\/figcaption><\/figure>\n<p>&nbsp;<\/p>\n<p style=\"text-align: justify;\">Comme d\u2019habitude, septembre annonce la rentr\u00e9e au Club informatique Mont-Bruno. La nouvelle saison du club et la rencontre des membres, anciens et nouveaux, me rendent f\u00e9brile comme chaque ann\u00e9e.<\/p>\n<p style=\"text-align: justify;\">Encore cette ann\u00e9e, chaque responsable d\u2019activit\u00e9 a r\u00e9uni son \u00e9quipe de b\u00e9n\u00e9voles, en mai ou en juin, pour planifier les activit\u00e9s pr\u00e9vues pour l\u2019automne 2019. Le conseil d\u2019administration se r\u00e9unit aussi le 6 ao\u00fbt afin de commencer la mise en \u0153uvre du programme de cette nouvelle session.<\/p>\n<p><!--more--><\/p>\n<p style=\"text-align: justify;\">Fin ao\u00fbt, le club vous enverra un premier courriel hebdomadaire pour vous inviter \u00e0 renouveler votre adh\u00e9sion <strong>par la poste<\/strong> ou <strong>en personne \u00e0 la<\/strong> <strong><em>Journ\u00e9e d\u2019information et d\u2019inscription<\/em><\/strong> qui aura lieu cette ann\u00e9e le <strong>mercredi 4 septembre<\/strong> <strong>au<\/strong> <strong>Centre communautaire <\/strong>de Saint-Bruno-de-Montarville. Plus de 20 b\u00e9n\u00e9voles du CIMBCC seront sur place d\u00e8s<strong> 14 heures<\/strong> pour vous accueillir. Je vous encourage \u00e0 inviter parents et amis \u00e0 vous y accompagner pour prendre connaissance des activit\u00e9s du Club informatique Mont-Bruno et pour en devenir membres.<\/p>\n<p style=\"text-align: justify;\">La <strong><em>Journ\u00e9e d\u2019information et d\u2019inscription<\/em><\/strong> sera aussi l\u2019occasion de pr\u00e9senter le <strong>programme complet des activit\u00e9s de<\/strong> <strong>l\u2019automne 2019<\/strong>, ce qui sera fait \u00e0 trois reprises : \u00e0 <strong>14 h 30<\/strong>, \u00e0 <strong>16 h<\/strong> et \u00e0 <strong>19 h 30<\/strong>.<\/p>\n<p>Voici quelques nouveaut\u00e9s en <strong>2019-2020<\/strong> qui sauront vous plaire.<\/p>\n<ul>\n<li style=\"text-align: justify;\">Les pr\u00e9sentations de la <strong>s\u00e9rie <em>Facile<\/em><\/strong> seront mises \u00e0 jour pour y ajouter plusieurs \u00e9l\u00e9ments sur <strong>Windows 10 <\/strong>et sur la<strong> s\u00e9curit\u00e9 informatique<\/strong>. M\u00eame si vous avez d\u00e9j\u00e0 assist\u00e9 aux pr\u00e9sentations de la <strong>s\u00e9rie <em>Facile<\/em> <\/strong>par le pass\u00e9, je vous encourage fortement \u00e0 assister aux nouvelles pr\u00e9sentations qui traiteront de ces sujets. Et pourquoi ne pas assister de nouveau \u00e0 toutes les pr\u00e9sentations de la <strong>s\u00e9rie <em>Facile<\/em><\/strong>? Elles pr\u00e9sentent toutes des notions de base qui vous permettent d&rsquo;utiliser votre ordinateur efficacement et en toute s\u00e9curit\u00e9. Leur contenu inclut certainement encore des \u00e9l\u00e9ments que vous ignorez et que vous avez int\u00e9r\u00eat \u00e0 conna\u00eetre.<\/li>\n<\/ul>\n<ul>\n<li style=\"text-align: justify;\">Pour vous permettre de mieux assimiler les informations contenues dans les pr\u00e9sentations de <strong>s\u00e9rie <em>Facile<\/em><\/strong>, les pr\u00e9sentateurs vous proposeront, l\u2019automne prochain, un<strong> atelier <\/strong>destin\u00e9 aux membres qui aimeraient faire les exercices de la <strong>s\u00e9rie <em>Facile<\/em><\/strong> en groupe et avec l&rsquo;assistance d&rsquo;un instructeur. En vous inscrivant \u00e0 cet atelier, vous vous motiverez \u00e0 faire les exercices chaque semaine et vous serez certain de trouver de l&rsquo;aide si vous rencontrez un probl\u00e8me en faisant ces exercices. Vous pouvez d\u00e9j\u00e0 prendre connaissance de la description de cet atelier en cliquant sur le lien suivant : <a href=\"https:\/\/cimbcc.org\/test2\/activites\/les-ateliers\/atelier-aide-aux-exercices-de-la-serie-facile\" target=\"_blank\" rel=\"noopener\">https:\/\/cimbcc.org\/test2\/activites\/les-ateliers\/atelier-aide-aux-exercices-de-la-serie-facile<\/a>.<\/li>\n<\/ul>\n<ul>\n<li style=\"text-align: justify;\">Le club tentera de mettre sur pied\u00a0une troisi\u00e8me s\u00e9rie de pr\u00e9sentations de type <strong><em>D\u00e9couverte<\/em><\/strong>. Cette nouvelle s\u00e9rie sera probablement offerte les lundis soirs, au cours de l\u2019hiver prochain, et elle pourrait se nommer <strong><em>D\u00e9couverte T\u00e9l\u00e9phone-Tablette<\/em><\/strong>. Les sujets pr\u00e9sent\u00e9s traiteront exclusivement\u00a0des fonctions et applications que l\u2019on trouve sur les\u00a0tablettes \u00e9lectroniques et les t\u00e9l\u00e9phones intelligents sous <strong>Android<\/strong> et <strong>iOS<\/strong>.<\/li>\n<\/ul>\n<p style=\"text-align: justify;\">Pendant la <strong>session d\u2019automne 2019<\/strong>, toutes les s\u00e9ances de la <strong>s\u00e9rie <em>Facile<\/em><\/strong> seront pr\u00e9sent\u00e9es le vendredi et toutes les s\u00e9ances de la <strong>s\u00e9rie<\/strong> <strong><em>D\u00e9couverte<\/em><\/strong> seront pr\u00e9sent\u00e9es le mercredi. Pendant la <strong>session d\u2019hiver 2019<\/strong>, toutes les s\u00e9ances de la <strong>s\u00e9rie <em>Facile<\/em><\/strong> seront pr\u00e9sent\u00e9es le mercredi et toutes les s\u00e9ances de la <strong>s\u00e9rie <em>D\u00e9couverte<\/em><\/strong> seront pr\u00e9sent\u00e9es le vendredi. Pour acc\u00e9der aux <strong><em>Calendriers et notes de pr\u00e9sentations<\/em><\/strong>, cliquer sur les liens \u00e0 droite de la page d\u2019accueil du site Web du club : <a href=\"https:\/\/cimbcc.org\/test2\/\" target=\"_blank\" rel=\"noopener\">https:\/\/cimbcc.org\/test2\/<\/a>.<\/p>\n<p style=\"text-align: justify;\">Les douze <strong>ateliers<\/strong> offerts durant <strong>l\u2019automne 2019<\/strong> sont d\u00e9j\u00e0 d\u00e9crits sur le site Web du club. Vous pouvez d\u00e8s maintenant en consulter le contenu et les coordonn\u00e9es en cliquant sur <a href=\"https:\/\/cimbcc.org\/test2\/activites\/les-ateliers\" target=\"_blank\" rel=\"noopener\">https:\/\/cimbcc.org\/test2\/activites\/les-ateliers<\/a>. L\u2019inscription aux ateliers de l\u2019automne 2019 commencera <strong>le mercredi 11 septembre \u00e0 midi<\/strong>. Les membres recevront un courriel de lancement de l\u2019inscription aux ateliers deux semaines avant le d\u00e9but de celle-ci, ce qui vous laissera amplement le temps de prendre une d\u00e9cision. La mani\u00e8re de s\u2019inscrire demeure inchang\u00e9e : elle se fera en ligne, \u00e0 compter du 11 septembre, en remplissant le formulaire qui se trouve au bas de la page de chacun des ateliers propos\u00e9s pour l\u2019automne 2019.<\/p>\n<p style=\"text-align: justify;\">Au plaisir de vous revoir bient\u00f4t, votre pr\u00e9sident qui, encore une fois, a bien h\u00e2te \u00e0 la rentr\u00e9e et a h\u00e2te aussi de vous rencontrer de nouveau.<\/p>\n<p>R\u00e9jean C\u00f4t\u00e9, pr\u00e9sident<\/p>\n<p>&nbsp;<\/p>\n","protected":false},"excerpt":{"rendered":"<p>&nbsp; &nbsp; Comme d\u2019habitude, septembre annonce la rentr\u00e9e au Club informatique Mont-Bruno. La nouvelle saison du club et la rencontre des membres, anciens et nouveaux, me rendent f\u00e9brile comme chaque ann\u00e9e. Encore cette ann\u00e9e, chaque responsable d\u2019activit\u00e9 a r\u00e9uni son \u00e9quipe de b\u00e9n\u00e9voles, en mai ou en juin, pour planifier les activit\u00e9s pr\u00e9vues pour l\u2019automne &hellip; <a href=\"https:\/\/cimbcc.org\/test2\/mot-du-president-aout-2019\/\" class=\"more-link\">Continuer la lecture de <span class=\"screen-reader-text\">Mot du Pr\u00e9sident &#8211; ao\u00fbt 2019<\/span>  <span class=\"meta-nav\">&rarr;<\/span><\/a><\/p>\n","protected":false},"author":43,"featured_media":0,"comment_status":"open","ping_status":"closed","sticky":false,"template":"","format":"standard","meta":{"footnotes":""},"categories":[402],"tags":[269,371,370,143,271,104],"class_list":["post-27375","post","type-post","status-publish","format-standard","hentry","category-activites-du-club","tag-ateliers","tag-decouverte","tag-facile","tag-journee-dinformation-et-dinscription","tag-presentations","tag-telephone-intelligent"],"_links":{"self":[{"href":"https:\/\/cimbcc.org\/test2\/wp-json\/wp\/v2\/posts\/27375","targetHints":{"allow":["GET"]}}],"collection":[{"href":"https:\/\/cimbcc.org\/test2\/wp-json\/wp\/v2\/posts"}],"about":[{"href":"https:\/\/cimbcc.org\/test2\/wp-json\/wp\/v2\/types\/post"}],"author":[{"embeddable":true,"href":"https:\/\/cimbcc.org\/test2\/wp-json\/wp\/v2\/users\/43"}],"replies":[{"embeddable":true,"href":"https:\/\/cimbcc.org\/test2\/wp-json\/wp\/v2\/comments?post=27375"}],"version-history":[{"count":11,"href":"https:\/\/cimbcc.org\/test2\/wp-json\/wp\/v2\/posts\/27375\/revisions"}],"predecessor-version":[{"id":27423,"href":"https:\/\/cimbcc.org\/test2\/wp-json\/wp\/v2\/posts\/27375\/revisions\/27423"}],"wp:attachment":[{"href":"https:\/\/cimbcc.org\/test2\/wp-json\/wp\/v2\/media?parent=27375"}],"wp:term":[{"taxonomy":"category","embeddable":true,"href":"https:\/\/cimbcc.org\/test2\/wp-json\/wp\/v2\/categories?post=27375"},{"taxonomy":"post_tag","embeddable":true,"href":"https:\/\/cimbcc.org\/test2\/wp-json\/wp\/v2\/tags?post=27375"}],"curies":[{"name":"wp","href":"https:\/\/api.w.org\/{rel}","templated":true}]}}