{"id":27440,"date":"2019-08-30T00:00:51","date_gmt":"2019-08-30T04:00:51","guid":{"rendered":"https:\/\/cimbcc.org\/test2\/?p=27440"},"modified":"2023-10-16T22:12:38","modified_gmt":"2023-10-17T02:12:38","slug":"saison-2019-2020-des-presentations-du-mercredi-et-vendredi","status":"publish","type":"post","link":"https:\/\/cimbcc.org\/test2\/saison-2019-2020-des-presentations-du-mercredi-et-vendredi\/","title":{"rendered":"Saison 2019-2020 des pr\u00e9sentations du mercredi et vendredi"},"content":{"rendered":"<figure id=\"attachment_24078\" aria-describedby=\"caption-attachment-24078\" style=\"width: 125px\" class=\"wp-caption aligncenter\"><img loading=\"lazy\" decoding=\"async\" class=\"size-full wp-image-24078\" src=\"https:\/\/cimbcc.org\/test2\/wp-content\/uploads\/photo_belanger_guy.jpg\" alt=\"\" width=\"125\" height=\"125\" \/><figcaption id=\"caption-attachment-24078\" class=\"wp-caption-text\"><span style=\"color: #ffffff;\">mmm<\/span>Guy B\u00e9langer<\/figcaption><\/figure>\n<p style=\"text-align: justify;\">Le d\u00e9but septembre signale la reprise des s\u00e9ances techniques du CIMBCC. Le 4 septembre prochain, les nouveaux et anciens membres pourront s\u2019inscrire et avoir un aper\u00e7u \u00e0 la fois des services offerts par le club et des sujets qui seront abord\u00e9s lors des s\u00e9ances du mercredi et du vendredi.<\/p>\n<p style=\"text-align: justify;\">Nous d\u00e9sirons, par ce pr\u00e9sent texte, vous donner un avant-go\u00fbt des sujets qui seront trait\u00e9s dans les s\u00e9ries Facile et D\u00e9couverte.<\/p>\n<p><!--more--><\/p>\n<hr \/>\n<h4 style=\"text-align: justify;\"><a href=\"https:\/\/cimbcc.org\/test2\/wp-content\/uploads\/calendrier_serie_decouverte.pdf\" target=\"_blank\" rel=\"noopener\">S\u00e9rie D\u00e9couverte<\/a><\/h4>\n<p style=\"text-align: justify;\">Comme pour les deux derni\u00e8res ann\u00e9es, les pr\u00e9sentations de la <strong>s\u00e9rie D\u00e9couverte<\/strong> seront offertes les <strong>mercredis de 19\u00a0h\u00a030 \u00e0 21\u00a0h\u00a045<\/strong>. De plus, l\u2019\u00e9quipe vous offrira des sujets nouveaux ou des mises \u00e0 jour pertinentes de sujets qui, nous l\u2019esp\u00e9rons, pourront susciter votre int\u00e9r\u00eat.<\/p>\n<h6><em>GPS<\/em><\/h6>\n<p style=\"text-align: justify;\">Ainsi, Michel Paul lancera la saison en nous pr\u00e9sentant les technologies qui permettent la <a href=\"https:\/\/fr.wikipedia.org\/wiki\/G%C3%A9olocalisation\" target=\"_blank\" rel=\"noopener\">g\u00e9olocalisation<\/a> globale qui nous situe sur la plan\u00e8te. Cette technologie est connue sous le sigle <strong>GPS<\/strong> pour <a href=\"https:\/\/fr.wikipedia.org\/wiki\/Global_Positioning_System\" target=\"_blank\" rel=\"noopener\"><em>Global Positioning System<\/em><\/a>. Michel illustrera son utilisation par une activit\u00e9 nomm\u00e9e <a href=\"https:\/\/fr.wikipedia.org\/wiki\/G%C3%A9ocaching\" target=\"_blank\" rel=\"noopener\">G\u00e9ocaching<\/a> qui est une course \u00e0 des indices qui sont distribu\u00e9s de par le monde. Vous pourrez vous inscrire \u00e0 une sortie de recherche d\u2019indices.<\/p>\n<h6><em>Windows 10<\/em><\/h6>\n<p style=\"text-align: justify;\">R\u00e9jean C\u00f4t\u00e9 nous pr\u00e9sentera diff\u00e9rents \u00e9l\u00e9ments associ\u00e9s au syst\u00e8me d\u2019exploitation <strong>Windows 10<\/strong> ainsi que la plus r\u00e9cente version de Windows, soit la <a href=\"https:\/\/fr.wikipedia.org\/wiki\/Historique_des_versions_de_Windows_10\" target=\"_blank\" rel=\"noopener\">mouture 1903<\/a>.<\/p>\n<h6><em>Monnaies virtuelles<\/em><\/h6>\n<p style=\"text-align: justify;\">Les innovations informatiques touchent le monde bancaire avec l\u2019\u00e9mergence de <strong>monnaies virtuelles<\/strong>. Michel Gagn\u00e9 nous fera conna\u00eetre la m\u00e9canique derri\u00e8re les <a href=\"https:\/\/fr.wikipedia.org\/wiki\/Bitcoin\" target=\"_blank\" rel=\"noopener\">Bitcoins<\/a> et la <a href=\"https:\/\/fr.wikipedia.org\/wiki\/Blockchain\" target=\"_blank\" rel=\"noopener\">cha\u00eene de blocs<\/a>.<\/p>\n<h6><em>Voyage<\/em><\/h6>\n<p style=\"text-align: justify;\">Pour plusieurs, la <strong>planification des voyages<\/strong> est une source de stress et de pr\u00e9occupations. Pour aider \u00e0 r\u00e9soudre les diff\u00e9rentes questions qui se posent, Bruno Fournier nous pr\u00e9sentera diff\u00e9rents sites Web qui simplifient les pr\u00e9paratifs de voyage.<\/p>\n<h6><em>Word<\/em><\/h6>\n<p style=\"text-align: justify;\">Michel Paul nous fera conna\u00eetre les diff\u00e9rentes caract\u00e9ristiques de la derni\u00e8re version du <strong>logiciel de traitement de texte <a href=\"https:\/\/fr.wikipedia.org\/wiki\/Microsoft_Word\" target=\"_blank\" rel=\"noopener\">Word<\/a><\/strong>. On y pr\u00e9sentera diff\u00e9rentes fonctions de cet outil. Pour illustrer les capacit\u00e9s de Word, C\u00e9line Dufresne nous indiquera comment cr\u00e9er des cartes de visite, adresser des enveloppes et r\u00e9aliser des tableaux.<\/p>\n<h6><em>Tablettes<\/em><\/h6>\n<p style=\"text-align: justify;\">Gilles Lepage nous fera d\u00e9couvrir diverses <strong>applications pour les <a href=\"https:\/\/fr.wikipedia.org\/wiki\/Tablette_tactile\" target=\"_blank\" rel=\"noopener\">tablettes<\/a><\/strong>.<\/p>\n<h6><em>Google Chrome, Google Drive et Google Photos<\/em><\/h6>\n<p style=\"text-align: justify;\">Denis Charron explorera d\u2019autres facettes du navigateur Web, <a href=\"https:\/\/fr.wikipedia.org\/wiki\/Google_Chrome\" target=\"_blank\" rel=\"noopener\">Google Chrome<\/a>, soit <a href=\"https:\/\/fr.wikipedia.org\/wiki\/Google_Drive\" target=\"_blank\" rel=\"noopener\">Google Drive<\/a> pour stocker dans les nuages des fichiers et <a href=\"https:\/\/fr.wikipedia.org\/wiki\/Google_Photos\" target=\"_blank\" rel=\"noopener\">Google Photos<\/a> pour aussi <strong>stocker et g\u00e9rer vos photos<\/strong>.<\/p>\n<h6><em>S\u00e9curit\u00e9 dans les transactions \u00e9lectroniques<\/em><\/h6>\n<p style=\"text-align: justify;\">De plus en plus, nous utilisons notre ordinateur, t\u00e9l\u00e9phone ou tablette pour r\u00e9aliser des achats et payer des factures. Danielle Barab\u00e9 et Berthe Demers vous guideront pour vous assurer que ces <strong>transactions soient r\u00e9alis\u00e9es en toute s\u00e9curit\u00e9<\/strong>.<\/p>\n<h6><em>Antidote<\/em><\/h6>\n<p style=\"text-align: justify;\">Michel Gagn\u00e9 nous pr\u00e9sentera un logiciel bien connu soit le correcteur et v\u00e9rificateur de texte <a href=\"https:\/\/fr.wikipedia.org\/wiki\/Antidote_(logiciel)\" target=\"_blank\" rel=\"noopener\"><strong>Antidote<\/strong><\/a>.<\/p>\n<h6><em>Haut-parleurs intelligents<\/em><\/h6>\n<p style=\"text-align: justify;\">Pour sa part, Sylvain Garneau traitera des caract\u00e9ristiques des divers <strong>haut-parleurs intelligents ou <a href=\"https:\/\/fr.wikipedia.org\/wiki\/Enceinte_connect%C3%A9e\" target=\"_blank\" rel=\"noopener\">connect\u00e9s<\/a><\/strong>.<\/p>\n<h6><em>Traitement de photos avec GIMP<\/em><\/h6>\n<p style=\"text-align: justify;\">Pour am\u00e9liorer vos photos (recadrer, am\u00e9liorer les couleurs ou contrastes\u2026), divers logiciels plus ou moins sophistiqu\u00e9s sont disponibles sur le march\u00e9. Robert Lachance nous pr\u00e9sentera le <strong>logiciel <a href=\"https:\/\/fr.wikipedia.org\/wiki\/GIMP\" target=\"_blank\" rel=\"noopener\">GIMP<\/a><\/strong> pour traiter vos photos.<\/p>\n<h6><em>Voiture \u00e9lectrique<\/em><\/h6>\n<p style=\"text-align: justify;\">Pour r\u00e9duire nos \u00e9missions de gaz \u00e0 effet de serre (le bioxyde de carbone) l\u2019utilisation d\u2019un <a href=\"https:\/\/fr.wikipedia.org\/wiki\/Voiture_%C3%A9lectrique\" target=\"_blank\" rel=\"noopener\"><strong>v\u00e9hicule \u00e0 propulsion \u00e9lectrique<\/strong><\/a> est une des solutions pertinentes pour le Qu\u00e9bec. Sylvain Garneau nous pr\u00e9sentera son cheminement et ses r\u00e9flexions qui l\u2019ont men\u00e9 \u00e0 l\u2019achat d\u2019un tel v\u00e9hicule.<\/p>\n<h6><em>Sauvegarde des fichiers et imprimante 3D<\/em><\/h6>\n<p style=\"text-align: justify;\">Enfin, lors la derni\u00e8re soir\u00e9e deux sujets seront trait\u00e9s. Dans un premier temps, Youssef Tijani nous fera d\u00e9couvrir les diff\u00e9rentes approches et technologies pour <strong><a href=\"https:\/\/fr.wikipedia.org\/wiki\/Sauvegarde_(informatique)\" target=\"_blank\" rel=\"noopener\">sauvegarder<\/a> nos fichiers<\/strong> (<a href=\"https:\/\/fr.wikipedia.org\/wiki\/Cl%C3%A9_USB\" target=\"_blank\" rel=\"noopener\">clef USB<\/a>, <a href=\"https:\/\/fr.wikipedia.org\/wiki\/M%C3%A9dia_amovible\" target=\"_blank\" rel=\"noopener\">m\u00e9moires externes<\/a>, <a href=\"https:\/\/fr.wikipedia.org\/wiki\/Cloud_computing\" target=\"_blank\" rel=\"noopener\">nuage<\/a>\u2026). Pour conclure, R\u00e9jean Bouchard nous fera d\u00e9couvrir les m\u00e9canismes et technologies utilis\u00e9s par les <strong><a href=\"https:\/\/fr.wikipedia.org\/wiki\/Impression_3D\" target=\"_blank\" rel=\"noopener\">imprimantes 3D<\/a><\/strong>.<\/p>\n<h6><em>Capsules vid\u00e9o avant les pr\u00e9sentations<\/em><\/h6>\n<p style=\"text-align: justify;\">Le club offrira, avant les pr\u00e9sentations du mercredi, un nouveau service. En effet, C\u00e9line Dufresne aid\u00e9 de Michel Paul pr\u00e9pareront de courtes\u00a0 <strong>capsules vid\u00e9o<\/strong> (moins de 5 minutes) illustrant divers sujets.<\/p>\n<p style=\"text-align: justify;\">Les membres qui se pr\u00e9senteront avant le d\u00e9but de la s\u00e9ance pourront visionner ces tutoriels. Cette innovation permettra de meubler de fa\u00e7on int\u00e9ressante le temps mort avant la pr\u00e9sentation principale. Les derni\u00e8res modalit\u00e9s de cette innovation sont \u00e0 d\u00e9finir.<\/p>\n<hr \/>\n<h4><a href=\"https:\/\/cimbcc.org\/test2\/wp-content\/uploads\/calendrier_serie_facile.pdf\" target=\"_blank\" rel=\"noopener\">S\u00e9rie Facile<\/a><\/h4>\n<p style=\"text-align: justify;\">Les s\u00e9ances associ\u00e9es \u00e0 la <strong>s\u00e9rie Facile<\/strong> se d\u00e9rouleront les <strong>vendredis apr\u00e8s-midi de 13\u00a0h\u00a015 \u00e0 15\u00a0h\u00a030<\/strong> comme pour les deux derni\u00e8res ann\u00e9es. De plus, la programmation sera identique \u00e0 celle de ces derni\u00e8res ann\u00e9es tout en y int\u00e9grant des mises \u00e0 jour des sujets trait\u00e9s.<\/p>\n<h6>Plusieurs facettes de Google Chrome<\/h6>\n<p style=\"text-align: justify;\">Ainsi, dans l\u2019optique de promouvoir l\u2019utilisation du navigateur Web, <a href=\"https:\/\/fr.wikipedia.org\/wiki\/Google_Chrome\" target=\"_blank\" rel=\"noopener\"><strong>Google Chrome<\/strong><\/a> au moins trois s\u00e9ances y seront consacr\u00e9es. Michel Gagn\u00e9, Sylvain Garneau et moi, nous passerons en revue divers aspects de ce navigateur.<\/p>\n<h6><em>Utilisation s\u00e9curitaire de Windows 10<\/em><\/h6>\n<p style=\"text-align: justify;\">Pour sa part R\u00e9jean C\u00f4t\u00e9 nous fera d\u00e9couvrir les bases du syst\u00e8me d\u2019exploitation <a href=\"https:\/\/fr.wikipedia.org\/wiki\/Windows_10\" target=\"_blank\" rel=\"noopener\"><strong>Windows 10<\/strong><\/a> avec une emphase sur les actions et proc\u00e9dures \u00e0 adopter pour assurer l\u2019utilisation s\u00e9curitaire de votre ordinateur.<\/p>\n<h6><em>Fichiers, dossiers et gestion de vos photos<\/em><\/h6>\n<p style=\"text-align: justify;\">Francine Couture nous guidera au cours de trois pr\u00e9sentations sur l\u2019utilisation d\u00e9taill\u00e9e des concepts de <a href=\"https:\/\/fr.wikipedia.org\/wiki\/Fichier_informatique\" target=\"_blank\" rel=\"noopener\"><strong>fichiers<\/strong><\/a> et <strong><a href=\"https:\/\/fr.wikipedia.org\/wiki\/R%C3%A9pertoire_(informatique)\" target=\"_blank\" rel=\"noopener\">dossiers<\/a><\/strong> pour assurer une utilisation optimale des diff\u00e9rents documents que vous manipulez dans le cours normal de vos incursions dans le monde de l\u2019informatique. Cette revue couvrira aussi la <strong>gestion de vos <a href=\"https:\/\/fr.wikipedia.org\/wiki\/Appareil_photographique_num%C3%A9rique\" target=\"_blank\" rel=\"noopener\">photos<\/a><\/strong>\u00a0: leur transfert vers votre ordinateur, leur classification et d&rsquo;autres \u00e9l\u00e9ments pertinents.<\/p>\n<h6><em>Outlook et utilisation s\u00e9curitaire du courriel<\/em><\/h6>\n<p style=\"text-align: justify;\">Michel Th\u00e9roux nous pr\u00e9sentera un outil important dans l\u2019utilisation r\u00e9guli\u00e8re de votre ordinateur soit le logiciel <a href=\"https:\/\/fr.wikipedia.org\/wiki\/Outlook.com\" target=\"_blank\" rel=\"noopener\">Outlook<\/a> qui nous permet de transmettre et recevoir des courriels. En plus de pr\u00e9senter les actions fondamentales pour utiliser cet outil, Michel Gagn\u00e9 abordera les \u00e9l\u00e9ments de s\u00e9curit\u00e9 comme l\u2019<a href=\"https:\/\/fr.wikipedia.org\/wiki\/Hame%C3%A7onnage\" target=\"_blank\" rel=\"noopener\">hame\u00e7onnage<\/a> et d\u2019autres \u00e9l\u00e9ments qui permettent d\u2019utiliser cet outil de courriel de fa\u00e7on s\u00e9curitaire.<\/p>\n<h6><em>G\u00e9rer Facebook de fa\u00e7on s\u00e9curitaire<\/em><\/h6>\n<p style=\"text-align: justify;\">Un des r\u00e9seaux sociaux les plus populaires demeure <a href=\"https:\/\/fr.wikipedia.org\/wiki\/Facebook\" target=\"_blank\" rel=\"noopener\"><strong>Facebook<\/strong><\/a>. Sylvain Garneau nous pr\u00e9sentera ses principales caract\u00e9ristiques, comment se cr\u00e9er un compte et comment le g\u00e9rer de fa\u00e7on s\u00e9curitaire et selon les besoins propres de chacun.<\/p>\n<h6><em>S\u00e9curit\u00e9 et transactions bancaires<\/em><\/h6>\n<p style=\"text-align: justify;\">La saison d\u2019automne se terminera par une pr\u00e9sentation de Michel Gagn\u00e9 portant sp\u00e9cifiquement sur la <a href=\"https:\/\/fr.wikipedia.org\/wiki\/Ing%C3%A9nierie_sociale_(s%C3%A9curit%C3%A9_de_l%27information)\" target=\"_blank\" rel=\"noopener\">s\u00e9curit\u00e9<\/a>, une pr\u00e9occupation constante du CIMBCC. Il nous indiquera comme d\u00e9tecter les <a href=\"https:\/\/fr.wikipedia.org\/wiki\/Cyberattaque\" target=\"_blank\" rel=\"noopener\">tentatives de piratage<\/a> de votre ordinateur et comment r\u00e9aliser des <strong>transactions bancaires de fa\u00e7on s\u00e9curitaire<\/strong>.<\/p>\n<hr \/>\n<h4>Rappel et bienvenue<\/h4>\n<p style=\"text-align: justify;\">Nous d\u00e9sirons aussi par la pr\u00e9sente vous <a href=\"https:\/\/cimbcc.org\/test2\/le-club-2\/avertissement\" target=\"_blank\" rel=\"noopener\">rappeler<\/a> une des politiques du club informatique Mont-Bruno soit que les administratrices, administrateurs du club, les pr\u00e9sentatrices et pr\u00e9sentateurs d\u00e9clinent toute responsabilit\u00e9 sur les cons\u00e9quences possibles de l\u2019utilisation que vous ferez des liens, des articles du blogue, des notes de pr\u00e9sentation, ou tout autre renseignement que vous trouverez sur le site.<\/p>\n<p style=\"text-align: justify;\">Nous vous souhaitons donc un heureux retour aux activit\u00e9s du mercredi et vendredi. Nous vous attendons nombreux aux diff\u00e9rentes s\u00e9ances qui, nous sommes assur\u00e9s, pourront vous transmettre des informations utiles et vous permettront d\u2019utiliser de fa\u00e7on s\u00e9curitaire vos \u00e9quipements informatiques.<\/p>\n<p style=\"text-align: justify;\">Nous vous signalons que les calendriers des s\u00e9ries Facile et D\u00e9couverte sont accessibles \u00e0 partir de la <a href=\"https:\/\/cimbcc.org\/test2\" target=\"_blank\" rel=\"noopener\">page d\u2019accueil du site du club<\/a> (CIMBCC.org) et en cliquant sur l\u2019image <a href=\"https:\/\/cimbcc.org\/test2\/wp-content\/uploads\/calendrier_serie_facile.pdf\" target=\"_blank\" rel=\"noopener\"><strong>S\u00e9rie Facile<\/strong><\/a> ou <strong><a href=\"https:\/\/cimbcc.org\/test2\/wp-content\/uploads\/calendrier_serie_decouverte.pdf\" target=\"_blank\" rel=\"noopener\">S\u00e9rie D\u00e9couverte<\/a><\/strong>. Vous pourrez y trouver des descriptifs qui r\u00e9sument de fa\u00e7on plus \u00e9labor\u00e9e les contenus de chaque s\u00e9ance.<\/p>\n<p>Guy B\u00e9langer<br \/>\nCoresponsable des s\u00e9ances du mercredi et du vendredi.<\/p>\n","protected":false},"excerpt":{"rendered":"<p>Le d\u00e9but septembre signale la reprise des s\u00e9ances techniques du CIMBCC. Le 4 septembre prochain, les nouveaux et anciens membres pourront s\u2019inscrire et avoir un aper\u00e7u \u00e0 la fois des services offerts par le club et des sujets qui seront abord\u00e9s lors des s\u00e9ances du mercredi et du vendredi. Nous d\u00e9sirons, par ce pr\u00e9sent texte, &hellip; <a href=\"https:\/\/cimbcc.org\/test2\/saison-2019-2020-des-presentations-du-mercredi-et-vendredi\/\" class=\"more-link\">Continuer la lecture de <span class=\"screen-reader-text\">Saison 2019-2020 des pr\u00e9sentations du mercredi et vendredi<\/span>  <span class=\"meta-nav\">&rarr;<\/span><\/a><\/p>\n","protected":false},"author":43,"featured_media":0,"comment_status":"open","ping_status":"closed","sticky":false,"template":"","format":"standard","meta":{"footnotes":""},"categories":[402],"tags":[997,718,1076,574,371,20,370,134,549,537,1077,643,548,271,130,357,105,1078,532,88,201],"class_list":["post-27440","post","type-post","status-publish","format-standard","hentry","category-activites-du-club","tag-antidote","tag-bitcoin","tag-chaine-de-blocs","tag-chrome","tag-decouverte","tag-facebook","tag-facile","tag-google-drive","tag-google-photos","tag-gps","tag-haut-parleurs-connectes","tag-imprimante-3d","tag-outlook-com","tag-presentations","tag-sauvegarde","tag-securite","tag-tablette","tag-voiture-electrique","tag-voyage","tag-windows-10","tag-word"],"_links":{"self":[{"href":"https:\/\/cimbcc.org\/test2\/wp-json\/wp\/v2\/posts\/27440","targetHints":{"allow":["GET"]}}],"collection":[{"href":"https:\/\/cimbcc.org\/test2\/wp-json\/wp\/v2\/posts"}],"about":[{"href":"https:\/\/cimbcc.org\/test2\/wp-json\/wp\/v2\/types\/post"}],"author":[{"embeddable":true,"href":"https:\/\/cimbcc.org\/test2\/wp-json\/wp\/v2\/users\/43"}],"replies":[{"embeddable":true,"href":"https:\/\/cimbcc.org\/test2\/wp-json\/wp\/v2\/comments?post=27440"}],"version-history":[{"count":5,"href":"https:\/\/cimbcc.org\/test2\/wp-json\/wp\/v2\/posts\/27440\/revisions"}],"predecessor-version":[{"id":27608,"href":"https:\/\/cimbcc.org\/test2\/wp-json\/wp\/v2\/posts\/27440\/revisions\/27608"}],"wp:attachment":[{"href":"https:\/\/cimbcc.org\/test2\/wp-json\/wp\/v2\/media?parent=27440"}],"wp:term":[{"taxonomy":"category","embeddable":true,"href":"https:\/\/cimbcc.org\/test2\/wp-json\/wp\/v2\/categories?post=27440"},{"taxonomy":"post_tag","embeddable":true,"href":"https:\/\/cimbcc.org\/test2\/wp-json\/wp\/v2\/tags?post=27440"}],"curies":[{"name":"wp","href":"https:\/\/api.w.org\/{rel}","templated":true}]}}