{"id":27464,"date":"2019-09-01T21:00:35","date_gmt":"2019-09-02T01:00:35","guid":{"rendered":"https:\/\/cimbcc.org\/test2\/?p=27464"},"modified":"2023-10-16T22:12:38","modified_gmt":"2023-10-17T02:12:38","slug":"un-outil-pour-proteger-les-donnees-dentreprise","status":"publish","type":"post","link":"https:\/\/cimbcc.org\/test2\/un-outil-pour-proteger-les-donnees-dentreprise\/","title":{"rendered":"Un outil pour prot\u00e9ger les donn\u00e9es d&rsquo;entreprise"},"content":{"rendered":"<figure id=\"attachment_26699\" aria-describedby=\"caption-attachment-26699\" style=\"width: 125px\" class=\"wp-caption aligncenter\"><img loading=\"lazy\" decoding=\"async\" class=\"size-full wp-image-26699\" src=\"https:\/\/cimbcc.org\/test2\/wp-content\/uploads\/photo_dion_celine.jpg\" alt=\"\" width=\"125\" height=\"125\" \/><figcaption id=\"caption-attachment-26699\" class=\"wp-caption-text\"><span style=\"color: #ffffff;\">immm<\/span>C\u00e9line Dion<\/figcaption><\/figure>\n<p>Pour le Chamblyen Sylvain Bouchard, consultant en informatique, la protection des donn\u00e9es d&rsquo;une entreprise, comme celle des clients de Desjardins, est primordiale.<\/p>\n<p style=\"text-align: justify;\">Cr\u00e9ateur d&rsquo;un programme qui signale lorsqu&rsquo;une cl\u00e9 USB est branch\u00e9e sur un ordinateur d&rsquo;entreprise, il estime que sa technologie aurait possiblement pu freiner la collecte de donn\u00e9es personnelles des 2,9 millions de membres de Desjardins, par un de ses employ\u00e9s.<\/p>\n<p><!--more--><\/p>\n<p style=\"text-align: justify;\">Comment? Au moment o\u00f9 l&#8217;employ\u00e9 copiait les donn\u00e9es sur un support de <a href=\"https:\/\/fr.wikipedia.org\/wiki\/Stockage_d%27information\" target=\"_blank\" rel=\"noopener\">stockage externe<\/a>, \u00e7a aurait au moins permis d&rsquo;en aviser le superviseur qui aurait alors pu aller voir ce qui se passait.<\/p>\n<h4>USB Tagger<\/h4>\n<p style=\"text-align: justify;\">L&rsquo;informaticien a cr\u00e9\u00e9 <a href=\"https:\/\/website.informer.com\/usbtag.com\" target=\"_blank\" rel=\"noopener\"><em>USB Tagger<\/em><\/a> il y a 2 ans, \u00e0 la demande d&rsquo;un client qui \u00e9tait inquiet lorsque sa secr\u00e9taire est partie travailler chez un comp\u00e9titeur. Il voulait savoir si celle-ci avait copi\u00e9 des informations sur ses clients. C&rsquo;est alors qu&rsquo;il a eu l&rsquo;id\u00e9e de coder quelque chose qui allait donner une alerte quand quelqu&rsquo;un copie un document sur une <a href=\"https:\/\/fr.wikipedia.org\/wiki\/Cl%C3%A9_USB\" target=\"_blank\" rel=\"noopener\">cl\u00e9 ou un support USB<\/a>. Il a d\u00e9velopp\u00e9 ce concept avec 2 coll\u00e8gues, et ils l&rsquo;ont mis sur le march\u00e9.<\/p>\n<p style=\"text-align: justify;\">Ainsi, les entreprises qui utilisent <em>USB Tagger<\/em> peuvent savoir en temps r\u00e9el lorsqu&rsquo;un employ\u00e9 introduit un support de stockage externe sur l&rsquo;ordinateur de travail. Le superviseur re\u00e7oit alors une alerte. De plus, si l&#8217;employ\u00e9 d\u00e9missionne, il est possible de consulter l&rsquo;historique et de savoir s&rsquo;il a copi\u00e9 des documents. \u00ab\u00a0<em>De savoir que ton employeur est au courant quand tu copies un document, \u00e7a peut inciter \u00e0 se garder une petite g\u00eane<\/em>\u00ab\u00a0, dit-il.\u00a0<span style=\"font-size: 10pt;\">(<a href=\"https:\/\/www.journaldechambly.com\/un-outil-pour-proteger-les-donnees-dentreprises\/\" target=\"_blank\" rel=\"noopener\">Source<\/a>)<\/span><\/p>\n<h4 style=\"text-align: justify;\"><strong>Nul n&rsquo;est proph\u00e8te en son pays<\/strong><\/h4>\n<p>Le Chamblyen vend des licences un peu partout \u00e0 travers le monde, mais tr\u00e8s peu au Qu\u00e9bec. Il a connu une l\u00e9g\u00e8re augmentation de la demande apr\u00e8s l&rsquo;affaire <em>Desjardins<\/em>, mais il est surpris de la lenteur \u00e0 d\u00e9marrer au Qu\u00e9bec malgr\u00e9 ce qui se passe. \u00cates-vous surpris? Pas moi\u2026<\/p>\n<p>C\u00e9line Dion<\/p>\n","protected":false},"excerpt":{"rendered":"<p>Pour le Chamblyen Sylvain Bouchard, consultant en informatique, la protection des donn\u00e9es d&rsquo;une entreprise, comme celle des clients de Desjardins, est primordiale. Cr\u00e9ateur d&rsquo;un programme qui signale lorsqu&rsquo;une cl\u00e9 USB est branch\u00e9e sur un ordinateur d&rsquo;entreprise, il estime que sa technologie aurait possiblement pu freiner la collecte de donn\u00e9es personnelles des 2,9 millions de membres &hellip; <a href=\"https:\/\/cimbcc.org\/test2\/un-outil-pour-proteger-les-donnees-dentreprise\/\" class=\"more-link\">Continuer la lecture de <span class=\"screen-reader-text\">Un outil pour prot\u00e9ger les donn\u00e9es d&rsquo;entreprise<\/span>  <span class=\"meta-nav\">&rarr;<\/span><\/a><\/p>\n","protected":false},"author":43,"featured_media":0,"comment_status":"open","ping_status":"closed","sticky":false,"template":"","format":"standard","meta":{"footnotes":""},"categories":[25],"tags":[33,683,1075,1074],"class_list":["post-27464","post","type-post","status-publish","format-standard","hentry","category-chronique-securite","tag-cle-usb","tag-protection-des-donnees","tag-sylvain-bouchard","tag-usb-tagger"],"_links":{"self":[{"href":"https:\/\/cimbcc.org\/test2\/wp-json\/wp\/v2\/posts\/27464","targetHints":{"allow":["GET"]}}],"collection":[{"href":"https:\/\/cimbcc.org\/test2\/wp-json\/wp\/v2\/posts"}],"about":[{"href":"https:\/\/cimbcc.org\/test2\/wp-json\/wp\/v2\/types\/post"}],"author":[{"embeddable":true,"href":"https:\/\/cimbcc.org\/test2\/wp-json\/wp\/v2\/users\/43"}],"replies":[{"embeddable":true,"href":"https:\/\/cimbcc.org\/test2\/wp-json\/wp\/v2\/comments?post=27464"}],"version-history":[{"count":5,"href":"https:\/\/cimbcc.org\/test2\/wp-json\/wp\/v2\/posts\/27464\/revisions"}],"predecessor-version":[{"id":27610,"href":"https:\/\/cimbcc.org\/test2\/wp-json\/wp\/v2\/posts\/27464\/revisions\/27610"}],"wp:attachment":[{"href":"https:\/\/cimbcc.org\/test2\/wp-json\/wp\/v2\/media?parent=27464"}],"wp:term":[{"taxonomy":"category","embeddable":true,"href":"https:\/\/cimbcc.org\/test2\/wp-json\/wp\/v2\/categories?post=27464"},{"taxonomy":"post_tag","embeddable":true,"href":"https:\/\/cimbcc.org\/test2\/wp-json\/wp\/v2\/tags?post=27464"}],"curies":[{"name":"wp","href":"https:\/\/api.w.org\/{rel}","templated":true}]}}