{"id":27537,"date":"2019-08-23T00:01:39","date_gmt":"2019-08-23T04:01:39","guid":{"rendered":"https:\/\/cimbcc.org\/test2\/?p=27537"},"modified":"2023-10-16T22:12:38","modified_gmt":"2023-10-17T02:12:38","slug":"echos-du-conseil-dadministration-6-aout-2019","status":"publish","type":"post","link":"https:\/\/cimbcc.org\/test2\/echos-du-conseil-dadministration-6-aout-2019\/","title":{"rendered":"\u00c9chos du conseil d\u2019administration \u2014 6 ao\u00fbt 2019"},"content":{"rendered":"<figure id=\"attachment_21147\" aria-describedby=\"caption-attachment-21147\" style=\"width: 492px\" class=\"wp-caption aligncenter\"><img loading=\"lazy\" decoding=\"async\" class=\" wp-image-21147\" src=\"https:\/\/cimbcc.org\/test2\/wp-content\/uploads\/CIMBCC-2018-2019r-300x137.jpg\" alt=\"CA 2018-2019\" width=\"492\" height=\"225\" srcset=\"https:\/\/cimbcc.org\/test2\/wp-content\/uploads\/CIMBCC-2018-2019r-300x137.jpg 300w, https:\/\/cimbcc.org\/test2\/wp-content\/uploads\/CIMBCC-2018-2019r.jpg 500w\" sizes=\"auto, (max-width: 492px) 100vw, 492px\" \/><figcaption id=\"caption-attachment-21147\" class=\"wp-caption-text\">Sur la premi\u00e8re rang\u00e9e : Huguette Turgeon, Danielle Bourque, Danielle Barab\u00e9, Berthe Demers, Sylvie Mazur. Sur la deuxi\u00e8me rang\u00e9e : Michel C\u00f4t\u00e9, Jacques Lalibert\u00e9, Michel Gagn\u00e9, Richard Gervais, R\u00e9jean C\u00f4t\u00e9.<\/figcaption><\/figure>\n<p style=\"text-align: justify;\">\u00c0 la veille de la reprise des activit\u00e9s du club, le conseil d\u2019administration a pris connaissance, le 6\u00a0ao\u00fbt dernier, de la planification de la prochaine <em>Journ\u00e9e d\u2019information et d\u2019inscription<\/em> et il a fait le point sur le budget qui est \u00e0 surveiller.<\/p>\n<p style=\"text-align: justify;\">\u00c0 chaque r\u00e9union, le conseil traite de certains sujets r\u00e9currents qui font l\u2019objet d\u2019orientations majeures pour le club. Ce mois-ci, il a \u00e9t\u00e9 question des mesures prises pour remercier les b\u00e9n\u00e9voles de leur engagement, de l\u2019importance de respecter les lois et la propri\u00e9t\u00e9 intellectuelle, et de la qualit\u00e9 de l\u2019information fournie aux membres.<\/p>\n<p style=\"text-align: justify;\"><!--more--><\/p>\n<p style=\"text-align: justify;\"><strong>Planification de la <\/strong><a href=\"https:\/\/cimbcc.org\/test2\/\" target=\"_blank\" rel=\"noopener\"><strong><em>Journ\u00e9e d\u2019information et d\u2019inscription<\/em><\/strong><\/a><\/p>\n<p style=\"text-align: justify;\">Danielle\u00a0Bourque a fait part de sa planification de cette journ\u00e9e annuelle \u00e0 laquelle <strong>tous les citoyens sont invit\u00e9s<\/strong>. Elle met tout en \u0153uvre pour que cette journ\u00e9e se tienne le <strong>mercredi 4\u00a0septembre<\/strong> au Centre communautaire de Saint-Bruno-de-Montarville.<\/p>\n<p style=\"text-align: justify;\">Plusieurs b\u00e9n\u00e9voles seront sur place pour accueillir et informer les membres qui pourront renouveler leur adh\u00e9sion au club ainsi que tous les citoyens qui viendront pour s\u2019informer et pour devenir membres du club.<\/p>\n<p style=\"text-align: justify;\"><strong>Budget<\/strong><\/p>\n<p style=\"text-align: justify;\">Le conseil d\u2019administration a autoris\u00e9 Danielle\u00a0Barab\u00e9, la tr\u00e9sori\u00e8re du CIMBCC, \u00e0 honorer la facture re\u00e7ue de la Ville de Saint-Bruno-de-Montarville pour la location des salles par le club, pendant le premier semestre de 2019. Cette facture de pr\u00e8s de 2\u00a0250\u00a0$ couvrait aussi le co\u00fbt des photocopies r\u00e9alis\u00e9es pendant cette m\u00eame p\u00e9riode.<\/p>\n<p style=\"text-align: justify;\">Madame Barab\u00e9 a fait remarquer que, selon le rapport budg\u00e9taire actuel, elle pr\u00e9voit un d\u00e9ficit de 900\u00a0$ pour l\u2019ann\u00e9e en cours alors que notre objectif est de finir l\u2019ann\u00e9e avec un bilan \u00e9quilibr\u00e9. Le conseil a d\u00e9cid\u00e9 d\u2019attendre avant de r\u00e9duire certaines d\u00e9penses pr\u00e9vues au budget. L\u2019inscription d\u2019un grand nombre de membres d\u2019ici la fin d\u2019octobre permettra peut-\u00eatre de corriger cette situation.<\/p>\n<p style=\"text-align: justify;\">Toutefois, les membres qui assisteront aux pr\u00e9sentations de la <a href=\"https:\/\/cimbcc.org\/test2\/activites\/les-presentations-du-mercredi-et-du-vendredi\" target=\"_blank\" rel=\"noopener\">s\u00e9rie <em>Facile<\/em><\/a> seront invit\u00e9s \u00e0 prendre une photocopie des notes de pr\u00e9sentations <u>seulement<\/u> <u>s\u2019ils ont l\u2019intention de faire les exercices<\/u> qui y seront propos\u00e9s. Toutes les notes des pr\u00e9sentations de la s\u00e9rie <em>Facile<\/em> comme celles de la <a href=\"https:\/\/cimbcc.org\/test2\/activites\/les-presentations-du-mercredi-et-du-vendredi\" target=\"_blank\" rel=\"noopener\">s\u00e9rie <em>D\u00e9couverte<\/em><\/a> continueront \u00e0 \u00eatre accessibles sur le site Web du club.<\/p>\n<p style=\"text-align: justify;\"><a href=\"https:\/\/cimbcc.org\/test2\/le-club-2\/benevoles-demandes\" target=\"_blank\" rel=\"noopener\"><strong>B\u00e9n\u00e9voles<\/strong><\/a><\/p>\n<p style=\"text-align: justify;\">Michel\u00a0Gagn\u00e9 a rappel\u00e9 que le club t\u00e9moigne sa gratitude aux b\u00e9n\u00e9voles de diverses fa\u00e7ons. Celles-ci sont d\u00e9crites dans un document de r\u00e9f\u00e9rence que le conseil d\u2019administration a reconduit. Ce faisant, le conseil confirme qu\u2019il est important de manifester notre reconnaissance aux b\u00e9n\u00e9voles sans qui le club n\u2019existerait pas.<\/p>\n<p style=\"text-align: justify;\">Afin de favoriser la participation des b\u00e9n\u00e9voles aux orientations du club, les responsables des diff\u00e9rentes activit\u00e9s seront invit\u00e9s \u00e0 assister aux r\u00e9unions du conseil d\u2019administration. Ces responsables seront aussi invit\u00e9s \u00e0 une rencontre d\u2019\u00e9change d\u2019informations avec les membres du conseil.<\/p>\n<p style=\"text-align: justify;\"><strong>Respect des lois et de la propri\u00e9t\u00e9 intellectuelle<\/strong><\/p>\n<p style=\"text-align: justify;\">Le conseil d\u2019administration a r\u00e9affirm\u00e9 l\u2019importance qu\u2019il accorde au respect des lois dans les domaines de la propri\u00e9t\u00e9 intellectuelle et de la protection des renseignements personnels.<\/p>\n<p style=\"text-align: justify;\">Pour s\u2019assurer que nos b\u00e9n\u00e9voles saisissent bien cette orientation majeure, un message du pr\u00e9sident leur rappelle chaque ann\u00e9e que le club pratique et encourage le respect de la propri\u00e9t\u00e9 intellectuelle dans le cadre de ses cours, de ses pr\u00e9sentations du mercredi et du vendredi, de ses ateliers et de toutes ses activit\u00e9s. Ceci signifie, entre autres, qu\u2019aucun logiciel ou contenu pirat\u00e9 ne doit \u00eatre utilis\u00e9 au club et qu\u2019on ne doit pas enseigner aux membres comment se procurer de tels logiciels.<\/p>\n<p style=\"text-align: justify;\"><strong>Qualit\u00e9 de l\u2019information fournie aux membres<\/strong><\/p>\n<p style=\"text-align: justify;\">Le conseil a r\u00e9it\u00e9r\u00e9 sa volont\u00e9 de diffuser une information de qualit\u00e9. Il a constat\u00e9 que la <strong>vari\u00e9t\u00e9<\/strong>, une caract\u00e9ristique importante de cette information, a \u00e9t\u00e9 am\u00e9lior\u00e9e\u00a0:<\/p>\n<ul style=\"text-align: justify;\">\n<li>l\u2019an dernier, de nouveaux sujets ont \u00e9t\u00e9 pr\u00e9sent\u00e9s dans la s\u00e9rie <em>D\u00e9couverte,<\/em> et ce sera le cas \u00e9galement cette ann\u00e9e;<\/li>\n<li>de nouveaux ateliers ont \u00e9t\u00e9 propos\u00e9s aux membres sur les liseuses \u00e9lectroniques, sur Acc\u00e8sD et sur Python;<\/li>\n<li>la nouvelle s\u00e9rie <em>D\u00e9couverte pour mobiles<\/em> viendra enrichir les pr\u00e9sentations en 2019-2020.<\/li>\n<\/ul>\n<p style=\"text-align: justify;\">Enfin, nos interventions sur la <strong>s\u00e9curit\u00e9 informatique<\/strong> seront am\u00e9lior\u00e9es par l\u2019ajout d\u2019un cours qui sera donn\u00e9 dans les biblioth\u00e8ques. Des \u00e9l\u00e9ments de ce cours seront aussi int\u00e9gr\u00e9s aux pr\u00e9sentations du mercredi et du vendredi.<\/p>\n<p>\u00a0Sylvie\u00a0Mazur, secr\u00e9taire du CIMBCC<\/p>\n","protected":false},"excerpt":{"rendered":"<p>\u00c0 la veille de la reprise des activit\u00e9s du club, le conseil d\u2019administration a pris connaissance, le 6\u00a0ao\u00fbt dernier, de la planification de la prochaine Journ\u00e9e d\u2019information et d\u2019inscription et il a fait le point sur le budget qui est \u00e0 surveiller. \u00c0 chaque r\u00e9union, le conseil traite de certains sujets r\u00e9currents qui font l\u2019objet &hellip; <a href=\"https:\/\/cimbcc.org\/test2\/echos-du-conseil-dadministration-6-aout-2019\/\" class=\"more-link\">Continuer la lecture de <span class=\"screen-reader-text\">\u00c9chos du conseil d\u2019administration \u2014 6 ao\u00fbt 2019<\/span>  <span class=\"meta-nav\">&rarr;<\/span><\/a><\/p>\n","protected":false},"author":43,"featured_media":0,"comment_status":"open","ping_status":"closed","sticky":false,"template":"","format":"standard","meta":{"footnotes":""},"categories":[386],"tags":[126,310,472,371,370,143,960,357],"class_list":["post-27537","post","type-post","status-publish","format-standard","hentry","category-echos-du-conseil-dadministration","tag-benevoles","tag-bibliotheque","tag-budget","tag-decouverte","tag-facile","tag-journee-dinformation-et-dinscription","tag-propriete-intellectuelle","tag-securite"],"_links":{"self":[{"href":"https:\/\/cimbcc.org\/test2\/wp-json\/wp\/v2\/posts\/27537","targetHints":{"allow":["GET"]}}],"collection":[{"href":"https:\/\/cimbcc.org\/test2\/wp-json\/wp\/v2\/posts"}],"about":[{"href":"https:\/\/cimbcc.org\/test2\/wp-json\/wp\/v2\/types\/post"}],"author":[{"embeddable":true,"href":"https:\/\/cimbcc.org\/test2\/wp-json\/wp\/v2\/users\/43"}],"replies":[{"embeddable":true,"href":"https:\/\/cimbcc.org\/test2\/wp-json\/wp\/v2\/comments?post=27537"}],"version-history":[{"count":4,"href":"https:\/\/cimbcc.org\/test2\/wp-json\/wp\/v2\/posts\/27537\/revisions"}],"predecessor-version":[{"id":27556,"href":"https:\/\/cimbcc.org\/test2\/wp-json\/wp\/v2\/posts\/27537\/revisions\/27556"}],"wp:attachment":[{"href":"https:\/\/cimbcc.org\/test2\/wp-json\/wp\/v2\/media?parent=27537"}],"wp:term":[{"taxonomy":"category","embeddable":true,"href":"https:\/\/cimbcc.org\/test2\/wp-json\/wp\/v2\/categories?post=27537"},{"taxonomy":"post_tag","embeddable":true,"href":"https:\/\/cimbcc.org\/test2\/wp-json\/wp\/v2\/tags?post=27537"}],"curies":[{"name":"wp","href":"https:\/\/api.w.org\/{rel}","templated":true}]}}