{"id":27571,"date":"2019-09-05T23:00:20","date_gmt":"2019-09-06T03:00:20","guid":{"rendered":"https:\/\/cimbcc.org\/test2\/?p=27571"},"modified":"2023-10-16T22:12:38","modified_gmt":"2023-10-17T02:12:38","slug":"mot-du-president-septembre-2019","status":"publish","type":"post","link":"https:\/\/cimbcc.org\/test2\/mot-du-president-septembre-2019\/","title":{"rendered":"Mot du pr\u00e9sident &#8211; septembre 2019"},"content":{"rendered":"<figure id=\"attachment_23836\" aria-describedby=\"caption-attachment-23836\" style=\"width: 125px\" class=\"wp-caption aligncenter\"><img loading=\"lazy\" decoding=\"async\" class=\"size-full wp-image-23836\" src=\"https:\/\/cimbcc.org\/test2\/wp-content\/uploads\/photo_cote_rejean.jpg\" alt=\"\" width=\"125\" height=\"125\" \/><figcaption id=\"caption-attachment-23836\" class=\"wp-caption-text\"><span style=\"color: #ffffff;\">mnmm<\/span>R\u00e9jean C\u00f4t\u00e9<\/figcaption><\/figure>\n<p style=\"text-align: justify;\">L\u2019automne arrive \u00e0 grands pas. Les activit\u00e9s du CIMBCC d\u00e9buteront sous peu et plusieurs membres ont d\u00e9j\u00e0 renouvel\u00e9 leur adh\u00e9sion pour la nouvelle saison. De vous savoir l\u00e0, confiants et int\u00e9ress\u00e9s, nous motive \u00e0 pers\u00e9v\u00e9rer dans l\u2019am\u00e9lioration des services offerts aux membres du club.<\/p>\n<p><!--more--><\/p>\n<p style=\"text-align: justify;\">La <strong><em>Journ\u00e9e d\u2019information et d\u2019inscription<\/em><\/strong> du mercredi\u00a04\u00a0septembre a \u00e9t\u00e9 tr\u00e8s appr\u00e9ci\u00e9e par les membres. Danielle\u00a0Bourque, la responsable, et 25 b\u00e9n\u00e9voles ont accueilli membres et visiteurs au <strong>Centre communautaire de Saint-Bruno<\/strong>. Que ce soit pour renouveler leur adh\u00e9sion, pour s\u2019informer sur les services offerts par le club et pour devenir membres du club pour la premi\u00e8re fois, 170\u00a0personnes ont r\u00e9pondu \u00e0 l\u2019invitation du club.<\/p>\n<p style=\"text-align: justify;\">Sous la coordination de Guy\u00a0B\u00e9langer et de C\u00e9line\u00a0Dufresne, le club vous proposera cette ann\u00e9e 50\u00a0<a href=\"https:\/\/cimbcc.org\/test2\/activites\/les-presentations-du-mercredi-et-du-vendredi\" target=\"_blank\" rel=\"noopener\">pr\u00e9sentations<\/a> sur divers sujets li\u00e9s \u00e0 l\u2019informatique. Cet automne, les membres pourront assister aux pr\u00e9sentations de la <a href=\"https:\/\/cimbcc.org\/test2\/wp-content\/uploads\/calendrier_serie_facile.pdf\" target=\"_blank\" rel=\"noopener\"><strong>s\u00e9rie <em>Facile<\/em><\/strong><\/a> <strong>tous les vendredis apr\u00e8s-midis<\/strong> et aux pr\u00e9sentations de la <a href=\"https:\/\/cimbcc.org\/test2\/wp-content\/uploads\/calendrier_serie_decouverte.pdf\" target=\"_blank\" rel=\"noopener\"><strong>s\u00e9rie <em>D\u00e9couverte <\/em><\/strong><\/a><strong>tous les mercredis soirs<\/strong>. L\u2019hiver prochain, les pr\u00e9sentations de la <strong>s\u00e9rie <em>Facile<\/em><\/strong> seront r\u00e9p\u00e9t\u00e9es tous les mercredis soirs et celles de la <strong>s\u00e9rie <em>D\u00e9couverte<\/em><\/strong> r\u00e9p\u00e9t\u00e9es tous les vendredis apr\u00e8s-midis.<\/p>\n<p style=\"text-align: justify;\">Certaines pr\u00e9sentations populaires, comme les suivantes, seront de retour cette ann\u00e9e\u00a0:<\/p>\n<ul style=\"text-align: justify;\">\n<li><strong><a href=\"https:\/\/fr.wikipedia.org\/wiki\/Google_Chrome\" target=\"_blank\" rel=\"noopener\"><em>Chrome<\/em><\/a><\/strong><\/li>\n<li><strong><em><a href=\"https:\/\/fr.wikipedia.org\/wiki\/Microsoft_Windows\" target=\"_blank\" rel=\"noopener\">Windows<\/a> et la s\u00e9curit\u00e9 informatique<\/em><\/strong><\/li>\n<li><strong><em>Gestion des <a href=\"https:\/\/fr.wikipedia.org\/wiki\/Fichier_informatique\" target=\"_blank\" rel=\"noopener\">fichiers<\/a> et des <a href=\"https:\/\/fr.wikipedia.org\/wiki\/R%C3%A9pertoire_(informatique)\" target=\"_blank\" rel=\"noopener\">dossiers<\/a><\/em><\/strong><\/li>\n<li><strong><em>Am\u00e9liorer et organiser vos <a href=\"https:\/\/fr.wikipedia.org\/wiki\/Appareil_photographique_num%C3%A9rique\" target=\"_blank\" rel=\"noopener\">photos<\/a> sur l\u2019ordinateur<\/em><\/strong><\/li>\n<li><a href=\"https:\/\/fr.wikipedia.org\/wiki\/Outlook.com\" target=\"_blank\" rel=\"noopener\"><strong><em>Outlook.com<\/em><\/strong><\/a><\/li>\n<\/ul>\n<p style=\"text-align: justify;\">Quelques nouveaut\u00e9s sont aussi pr\u00e9vues; en voici quelques exemples\u00a0:<\/p>\n<ul style=\"text-align: justify;\">\n<li><strong><em>Fonctionnement du <a href=\"https:\/\/fr.wikipedia.org\/wiki\/Global_Positioning_System\" target=\"_blank\" rel=\"noopener\">GPS<\/a><\/em><\/strong><\/li>\n<li><strong><em><a href=\"https:\/\/fr.wikipedia.org\/wiki\/Bitcoin\" target=\"_blank\" rel=\"noopener\">Bitcoins<\/a> et <a href=\"https:\/\/fr.wikipedia.org\/wiki\/Blockchain\" target=\"_blank\" rel=\"noopener\">chaines de blocs<\/a><\/em><\/strong><\/li>\n<li><strong><em><a href=\"https:\/\/fr.wikipedia.org\/wiki\/Application_(informatique)\" target=\"_blank\" rel=\"noopener\">Applications<\/a> pour <a href=\"https:\/\/fr.wikipedia.org\/wiki\/Tablette_tactile\" target=\"_blank\" rel=\"noopener\">tablettes<\/a><\/em><\/strong><\/li>\n<li><strong><em><a href=\"https:\/\/fr.wikipedia.org\/wiki\/Google_Drive\" target=\"_blank\" rel=\"noopener\">Google Drive<\/a> et <a href=\"https:\/\/fr.wikipedia.org\/wiki\/Google_Photos\" target=\"_blank\" rel=\"noopener\">Google Photos<\/a><\/em><\/strong><\/li>\n<li><a href=\"https:\/\/fr.wikipedia.org\/wiki\/Paiement_sur_Internet\" target=\"_blank\" rel=\"noopener\"><strong><em>Paiements num\u00e9riques<\/em><\/strong><\/a><\/li>\n<li><strong><em>Comment passer \u00e0 l\u2019<a href=\"https:\/\/fr.wikipedia.org\/wiki\/Voiture_%C3%A9lectrique\" target=\"_blank\" rel=\"noopener\">auto 100\u00a0% \u00e9lectrique<\/a><\/em><\/strong><\/li>\n<li><a href=\"https:\/\/fr.wikipedia.org\/wiki\/Impression_3D\" target=\"_blank\" rel=\"noopener\"><strong><em>Imprimantes 3D<\/em><\/strong><\/a><\/li>\n<\/ul>\n<p style=\"text-align: justify;\">Pour trouver une description compl\u00e8te des pr\u00e9sentations de cette ann\u00e9e, allez sur le site Web du <strong><em><a href=\"https:\/\/cimbcc.org\/test2\/\" target=\"_blank\" rel=\"noopener\">CIMBCC<\/a><\/em><\/strong>. Cliquez sur les liens pr\u00e9sents \u00e0 la droite de la page d\u2019accueil pour consulter le calendrier de la <a href=\"https:\/\/cimbcc.org\/test2\/wp-content\/uploads\/calendrier_serie_facile.pdf\" target=\"_blank\" rel=\"noopener\"><strong>s\u00e9rie <em>Facile<\/em>\u00a02019-2020<\/strong><\/a> et celui de la <a href=\"https:\/\/cimbcc.org\/test2\/wp-content\/uploads\/calendrier_serie_decouverte.pdf\" target=\"_blank\" rel=\"noopener\"><strong>s\u00e9rie <em>D\u00e9couverte<\/em>\u00a02019-2020<\/strong><\/a>. En cliquant sur <a href=\"https:\/\/cimbcc.org\/test2\/wp-content\/uploads\/calendrier_archive.pdf\" target=\"_blank\" rel=\"noopener\"><strong><em>Archives<\/em><\/strong><\/a>, vous pouvez consulter les calendriers et les notes des pr\u00e9sentations des dix derni\u00e8res ann\u00e9es.<\/p>\n<p style=\"text-align: justify;\">Le <strong>syst\u00e8me d\u2019\u00e9coute personnalis\u00e9 <\/strong><a href=\"https:\/\/www.decadetransmitters.com\/fr\/systeme-son-sans-fil.htm\" target=\"_blank\" rel=\"noopener\"><strong><em>D\u00c9CADE<\/em><\/strong><\/a> est toujours disponible au <a href=\"https:\/\/cimbcc.org\/test2\/chalet-marie-victorin-saint-bruno\" target=\"_blank\" rel=\"noopener\">Chalet Marie-Victorin<\/a> o\u00f9 ont lieu les pr\u00e9sentations du club. Bien que ce syst\u00e8me vise d\u2019abord \u00e0 faciliter l\u2019\u00e9coute pour les personnes malentendantes, il est accessible \u00e0 tous les participants des pr\u00e9sentations du mercredi et du vendredi. Pour en profiter, il vous suffit d\u2019apporter une petite radio FM munie d\u2019\u00e9couteurs, de syntoniser\u00a0la fr\u00e9quence 89,7 et d\u2019ajuster le volume \u00e0 votre convenance pour mieux entendre le pr\u00e9sentateur tout en n\u2019\u00e9tant nullement d\u00e9rang\u00e9 par les bruits ambiants.<\/p>\n<p style=\"text-align: justify;\">Les deux responsables des ateliers, Berthe\u00a0Demers et Danielle\u00a0Barab\u00e9, ont annonc\u00e9 que <strong>12\u00a0ateliers<\/strong> seront offerts cet automne. Vous pouvez prendre connaissance du contenu et du calendrier des ateliers en allant \u00e0 la page <strong><em><a href=\"https:\/\/cimbcc.org\/test2\/activites\/les-ateliers\" target=\"_blank\" rel=\"noopener\">Ateliers<\/a><\/em><\/strong> qui leur est consacr\u00e9e sur le site du club. Les inscriptions aux ateliers de l&rsquo;automne 2019 se feront sur le site Web du club, du<strong>\u00a05 septembre \u00e0 midi au 7 septembre \u00e0 minuit<\/strong><strong>.<\/strong><strong>\u00a0<\/strong><\/p>\n<p style=\"text-align: justify;\"><strong>L\u2019animation d\u2019un atelier<\/strong> est tr\u00e8s valorisante. C\u2019est aussi une belle fa\u00e7on d\u2019approfondir un sujet qui vous tient \u00e0 c\u0153ur. Alors, si vous voulez animer un atelier sur un sujet qui vous passionne,<strong><em> <a href=\"https:\/\/cimbcc.org\/test2\/nous-joindre\/nous-joindre-les-ateliers\" target=\"_blank\" rel=\"noopener\">contactez<\/a><\/em><\/strong> les responsables et c\u2019est avec plaisir qu\u2019elles vous apporteront toute l\u2019aide n\u00e9cessaire \u00e0 la r\u00e9ussite de votre projet.<\/p>\n<p style=\"text-align: justify;\">Relevez un beau d\u00e9fi en devenant <strong><em><a href=\"https:\/\/cimbcc.org\/test2\/nous-joindre\/nous-joindre-les-presentations-du-mercredi-et-du-vendredi\" target=\"_blank\" rel=\"noopener\">pr\u00e9sentateur<\/a><\/em><\/strong>! C\u2019est tr\u00e8s gratifiant. Que ce soit pour une pr\u00e9sentation d\u2019une demi-heure, d\u2019une heure ou de deux heures, nous serons toujours l\u00e0 pour vous \u00e9pauler dans votre pr\u00e9paration. Plus nous serons de pr\u00e9sentateurs, plus les sujets abord\u00e9s seront vari\u00e9s et int\u00e9ressants.<\/p>\n<p style=\"text-align: justify;\">Une autre fa\u00e7on de participer au club est de r\u00e9diger un article pour le <strong><em><a href=\"https:\/\/cimbcc.org\/test2\/services\/chip\" target=\"_blank\" rel=\"noopener\">CHIP<\/a><\/em><\/strong> qui est le <a href=\"https:\/\/fr.wikipedia.org\/wiki\/Blog\" target=\"_blank\" rel=\"noopener\">blogue<\/a> du club. Votre article aura un lien avec l\u2019informatique, le Club informatique Mont-Bruno ou le b\u00e9n\u00e9volat. Soumettez votre texte \u00e0 l\u2019\u00e9diteur en utilisant le formulaire que vous trouverez <a href=\"https:\/\/cimbcc.org\/test2\/nous-joindre\/nous-joindre-le-chip\" target=\"_blank\" rel=\"noopener\">en cliquant <strong>ici<\/strong><\/a>.<\/p>\n<p style=\"text-align: justify;\">Enfin, je veux terminer ce texte en remerciant les 77 merveilleux b\u00e9n\u00e9voles actuellement actifs au club. Sans eux, le club n\u2019existerait pas!<\/p>\n<p style=\"text-align: justify;\">R\u00e9jean\u00a0C\u00f4t\u00e9, pr\u00e9sident<\/p>\n","protected":false},"excerpt":{"rendered":"<p>L\u2019automne arrive \u00e0 grands pas. Les activit\u00e9s du CIMBCC d\u00e9buteront sous peu et plusieurs membres ont d\u00e9j\u00e0 renouvel\u00e9 leur adh\u00e9sion pour la nouvelle saison. De vous savoir l\u00e0, confiants et int\u00e9ress\u00e9s, nous motive \u00e0 pers\u00e9v\u00e9rer dans l\u2019am\u00e9lioration des services offerts aux membres du club.<\/p>\n","protected":false},"author":43,"featured_media":0,"comment_status":"open","ping_status":"closed","sticky":false,"template":"","format":"standard","meta":{"footnotes":""},"categories":[11],"tags":[269,126,246,371,370,143,1036,271,1037],"class_list":["post-27571","post","type-post","status-publish","format-standard","hentry","category-mots-du-president","tag-ateliers","tag-benevoles","tag-chip","tag-decouverte","tag-facile","tag-journee-dinformation-et-dinscription","tag-presentateurs","tag-presentations","tag-presentatrices"],"_links":{"self":[{"href":"https:\/\/cimbcc.org\/test2\/wp-json\/wp\/v2\/posts\/27571","targetHints":{"allow":["GET"]}}],"collection":[{"href":"https:\/\/cimbcc.org\/test2\/wp-json\/wp\/v2\/posts"}],"about":[{"href":"https:\/\/cimbcc.org\/test2\/wp-json\/wp\/v2\/types\/post"}],"author":[{"embeddable":true,"href":"https:\/\/cimbcc.org\/test2\/wp-json\/wp\/v2\/users\/43"}],"replies":[{"embeddable":true,"href":"https:\/\/cimbcc.org\/test2\/wp-json\/wp\/v2\/comments?post=27571"}],"version-history":[{"count":7,"href":"https:\/\/cimbcc.org\/test2\/wp-json\/wp\/v2\/posts\/27571\/revisions"}],"predecessor-version":[{"id":27763,"href":"https:\/\/cimbcc.org\/test2\/wp-json\/wp\/v2\/posts\/27571\/revisions\/27763"}],"wp:attachment":[{"href":"https:\/\/cimbcc.org\/test2\/wp-json\/wp\/v2\/media?parent=27571"}],"wp:term":[{"taxonomy":"category","embeddable":true,"href":"https:\/\/cimbcc.org\/test2\/wp-json\/wp\/v2\/categories?post=27571"},{"taxonomy":"post_tag","embeddable":true,"href":"https:\/\/cimbcc.org\/test2\/wp-json\/wp\/v2\/tags?post=27571"}],"curies":[{"name":"wp","href":"https:\/\/api.w.org\/{rel}","templated":true}]}}