{"id":27854,"date":"2019-09-25T22:00:45","date_gmt":"2019-09-26T02:00:45","guid":{"rendered":"https:\/\/cimbcc.org\/test2\/?p=27854"},"modified":"2023-10-16T22:12:37","modified_gmt":"2023-10-17T02:12:37","slug":"echos-du-conseil-dadministration-27-aout-2019","status":"publish","type":"post","link":"https:\/\/cimbcc.org\/test2\/echos-du-conseil-dadministration-27-aout-2019\/","title":{"rendered":"\u00c9chos du conseil d\u2019administration \u2014 27 ao\u00fbt 2019"},"content":{"rendered":"<figure id=\"attachment_27577\" aria-describedby=\"caption-attachment-27577\" style=\"width: 500px\" class=\"wp-caption aligncenter\"><img loading=\"lazy\" decoding=\"async\" class=\"size-full wp-image-27577\" src=\"https:\/\/cimbcc.org\/test2\/wp-content\/uploads\/photo_ca_-2019_2020.jpg\" alt=\"CA 2019-2020\" width=\"500\" height=\"228\" srcset=\"https:\/\/cimbcc.org\/test2\/wp-content\/uploads\/photo_ca_-2019_2020.jpg 500w, https:\/\/cimbcc.org\/test2\/wp-content\/uploads\/photo_ca_-2019_2020-300x137.jpg 300w\" sizes=\"auto, (max-width: 500px) 100vw, 500px\" \/><figcaption id=\"caption-attachment-27577\" class=\"wp-caption-text\">Sur la premi\u00e8re rang\u00e9e : Huguette Turgeon, Danielle Bourque, Danielle Barab\u00e9, Berthe Demers, Sylvie Mazur. Sur la deuxi\u00e8me rang\u00e9e : Michel C\u00f4t\u00e9, Jacques Lalibert\u00e9, Michel Gagn\u00e9, Richard Gervais, R\u00e9jean C\u00f4t\u00e9.<\/figcaption><\/figure>\n<p style=\"text-align: justify;\">Apr\u00e8s avoir pris connaissance de l\u2019\u00e9tat de pr\u00e9paration de la <em>Journ\u00e9e d\u2019information et d\u2019inscription<\/em> du 4 septembre et d\u2019un bilan sommaire de la pr\u00e9sence du club au march\u00e9 public de Saint-Bruno-de-Montarville le 7 ao\u00fbt dernier, le conseil d\u2019administration a consacr\u00e9 sa r\u00e9union \u00e0 l\u2019examen des activit\u00e9s relatives au CHIP, aux ateliers de l\u2019automne, \u00e0 la s\u00e9curit\u00e9 physique des membres ainsi qu\u2019\u00e0 la gestion des b\u00e9n\u00e9voles du club.<\/p>\n<p><!--more--><\/p>\n<hr \/>\n<h4><strong>Le CHIP<\/strong><\/h4>\n<p style=\"text-align: justify;\">Le <a href=\"https:\/\/cimbcc.org\/test2\/services\/chip\" target=\"_blank\" rel=\"noopener noreferrer\">CHIP<\/a> est le blogue du CIMBCC. Son responsable, Richard Gervais, a fait un compte-rendu d\u00e9taill\u00e9 de l\u2019\u00e9tat du CHIP.Le CHIP atteint 1495 abonn\u00e9s, ce qui repr\u00e9sente une augmentation de plus de 9 % par rapport \u00e0 2017-2018.<\/p>\n<ul>\n<li style=\"text-align: justify;\">Les demandes de retrait de la liste d&rsquo;envoi du CHIP ont augment\u00e9 depuis un an. Ces requ\u00eates proviennent de personnes pr\u00e9f\u00e9rant ne pas recevoir les <a href=\"https:\/\/fr.wikipedia.org\/wiki\/Lettre_d%27information\" target=\"_blank\" rel=\"noopener noreferrer\">infolettres<\/a> associ\u00e9es \u00e0 la parution de nouveaux articles sur le blogue du club; le CIMBCC respecte la libert\u00e9 de choix des gens.<\/li>\n<li style=\"text-align: justify;\">Dans les derniers mois, il y a eu des probl\u00e8mes de communication avec les abonn\u00e9s : nous avons \u00e9t\u00e9 bloqu\u00e9s pendant une semaine par le serveur de Vid\u00e9otron au cours de l\u2019\u00e9t\u00e9 2019 (soup\u00e7onn\u00e9s \u00e0 tort de <a href=\"https:\/\/fr.wikipedia.org\/wiki\/Spam\" target=\"_blank\" rel=\"noopener noreferrer\">spamming<\/a>), et l\u2019<a href=\"https:\/\/wordpress.org\/plugins\/newsletter\/\" target=\"_blank\" rel=\"noopener noreferrer\">extension Newsletter<\/a> qui envoie les infolettres occasionne des probl\u00e8mes fr\u00e9quents.<\/li>\n<li style=\"text-align: justify;\">En lien avec les infolettres annon\u00e7ant la parution d\u2019un article, le nombre de courriels ouverts est en augmentation et le nombre de lecteurs assidus est constant :\n<ul style=\"list-style-type: circle;\">\n<li>en moyenne, ce sont 841\u00a0courriels qui ont \u00e9t\u00e9 ouverts en 2018-2019 contre 800 l\u2019ann\u00e9e pr\u00e9c\u00e9dente;<\/li>\n<li>la mention <em>Continuer la lecture<\/em> a \u00e9t\u00e9 cliqu\u00e9e 335\u00a0fois en moyenne, contre 331 l\u2019ann\u00e9e pr\u00e9c\u00e9dente.<\/li>\n<\/ul>\n<\/li>\n<li style=\"text-align: justify;\">Les th\u00e8mes les plus populaires portaient sur la s\u00e9curit\u00e9 informatique et sur les questions d\u2019argent comme dans les exemples suivants\u00a0: la s\u00e9curit\u00e9 sur Internet, une faille de s\u00e9curit\u00e9 dans Chrome, attention aux Wi-Fi publics et gratuits, r\u00e9duire sa facture de t\u00e9l\u00e9communications.<\/li>\n<li style=\"text-align: justify;\">Certains sujets ont g\u00e9n\u00e9r\u00e9 plus de commentaires, mais le nombre moyen des commentaires par article a diminu\u00e9 passant de 4,8\u00a0commentaires en 2017-2018 \u00e0 3,4\u00a0en 2019-2020.<\/li>\n<li style=\"text-align: justify;\">Le nombre de collaborateurs r\u00e9guliers est en diminution et le nombre d\u2019articles publi\u00e9s est pass\u00e9 de 148 en 2018-2019 \u00e0 132 en 2018-2019.<\/li>\n<\/ul>\n<p style=\"text-align: justify;\">Le conseil d\u2019administration est conscient de la lourdeur de la t\u00e2che assum\u00e9e par le responsable du CHIP et il a d\u00e9cid\u00e9 de limiter \u00e0 une moyenne de deux les articles publi\u00e9s chaque semaine, \u00e0 l\u2019exception des semaines o\u00f9 des messages particuliers doivent \u00eatre diffus\u00e9s.<\/p>\n<p style=\"text-align: justify;\">Par ailleurs, pour continuer \u00e0 int\u00e9resser les abonn\u00e9s du CHIP, actuels et futurs, il est n\u00e9cessaire de susciter la <a href=\"https:\/\/cimbcc.org\/test2\/nous-joindre\/nous-joindre-le-chip\" target=\"_blank\" rel=\"noopener noreferrer\">contribution de nouveaux r\u00e9dacteurs<\/a> et la publication d\u2019articles au contenu original. La revitalisation du CHIP est un objectif prioritaire propos\u00e9 pour l\u2019ann\u00e9e\u00a02019-2020.<\/p>\n<hr \/>\n<h4><strong>Ateliers de l\u2019automne 2019<\/strong><\/h4>\n<p style=\"text-align: justify;\">Berthe\u00a0Demers et Danielle\u00a0Barab\u00e9 ont d\u00e9pos\u00e9 le calendrier des 12\u00a0ateliers de l\u2019automne 2019, dont le <a href=\"https:\/\/cimbcc.org\/test2\/activites\/les-ateliers\/atelier-aide-aux-exercices-de-la-serie-facile\" target=\"_blank\" rel=\"noopener noreferrer\">nouvel atelier d\u2019aide aux exercices de la s\u00e9rie <em>Facile<\/em><\/a>. Ces ateliers seront anim\u00e9s par 14\u00a0b\u00e9n\u00e9voles, certains ateliers profitant de la comp\u00e9tence de plus d\u2019un animateur.<\/p>\n<p style=\"text-align: justify;\">Ces ateliers donneront lieu \u00e0 50\u00a0r\u00e9unions entre le 16\u00a0septembre et le 3\u00a0d\u00e9cembre\u00a0: 22 r\u00e9unions au <a href=\"https:\/\/cimbcc.org\/test2\/centre-communautaire\" target=\"_blank\" rel=\"noopener noreferrer\">Centre communautaire<\/a> et \u00e0 la <a href=\"https:\/\/cimbcc.org\/test2\/bibliotheque-de-saint-bruno\" target=\"_blank\" rel=\"noopener noreferrer\">biblioth\u00e8que de Saint-Bruno-de-Montarville<\/a>, 12\u00a0r\u00e9unions \u00e0 la <a href=\"https:\/\/cimbcc.org\/test2\/bibliotheque-de-saint-basile\" target=\"_blank\" rel=\"noopener noreferrer\">biblioth\u00e8que de Saint-Basile<\/a> et 16\u00a0r\u00e9unions \u00e0 la <a href=\"https:\/\/cimbcc.org\/test2\/bibliotheque-de-sainte-julie\" target=\"_blank\" rel=\"noopener noreferrer\">biblioth\u00e8que de Sainte-Julie<\/a>.<\/p>\n<p style=\"text-align: justify;\">L\u2019agenda complet des ateliers est accessible sur la <a href=\"https:\/\/cimbcc.org\/test2\/activites\/les-ateliers\" target=\"_blank\" rel=\"noopener noreferrer\">page consacr\u00e9e aux ateliers <\/a>du site Web du club. L\u2019inscription aux ateliers s\u2019est d\u00e9roul\u00e9e par Internet du 5\u00a0au 7\u00a0septembre derniers.<\/p>\n<hr \/>\n<h4 style=\"text-align: justify;\"><strong>S\u00e9curit\u00e9 physique des membres<\/strong><\/h4>\n<p style=\"text-align: justify;\">Le club est responsable de la s\u00e9curit\u00e9 physique des participants lors des activit\u00e9s regroupant un grand nombre de personnes comme les s\u00e9ances qui se tiennent au <a href=\"https:\/\/cimbcc.org\/test2\/chalet-marie-victorin-saint-bruno\" target=\"_blank\" rel=\"noopener noreferrer\">Chalet Marie-Victorin<\/a> deux fois par semaine. Pour ce faire, le conseil d\u2019administration a confirm\u00e9 le r\u00f4le et l\u2019identit\u00e9 du responsable de la s\u00e9curit\u00e9. Il a aussi reconduit les mesures destin\u00e9es \u00e0 assurer la s\u00e9curit\u00e9 des membres en vigueur depuis quelques ann\u00e9es.<\/p>\n<hr \/>\n<h4 style=\"text-align: justify;\"><strong>Gestion et reconnaissance des b\u00e9n\u00e9voles<\/strong><\/h4>\n<p style=\"text-align: justify;\">Le conseil d\u2019administration consid\u00e8re comme essentiel d\u2019exprimer notre reconnaissance aux b\u00e9n\u00e9voles du club. Afin d\u2019assurer la constance et l\u2019\u00e9quit\u00e9 dans ces manifestations de reconnaissance, le conseil d\u2019administration s\u2019est dot\u00e9 de r\u00e8gles de gestion qui ont \u00e9t\u00e9 r\u00e9vis\u00e9es et reconduites pour l\u2019ann\u00e9e\u00a02019-2020.<\/p>\n<p style=\"text-align: justify;\">Sylvie Mazur<br \/>\nSecr\u00e9taire du CIMBCC<\/p>\n","protected":false},"excerpt":{"rendered":"<p>Apr\u00e8s avoir pris connaissance de l\u2019\u00e9tat de pr\u00e9paration de la Journ\u00e9e d\u2019information et d\u2019inscription du 4 septembre et d\u2019un bilan sommaire de la pr\u00e9sence du club au march\u00e9 public de Saint-Bruno-de-Montarville le 7 ao\u00fbt dernier, le conseil d\u2019administration a consacr\u00e9 sa r\u00e9union \u00e0 l\u2019examen des activit\u00e9s relatives au CHIP, aux ateliers de l\u2019automne, \u00e0 la &hellip; <a href=\"https:\/\/cimbcc.org\/test2\/echos-du-conseil-dadministration-27-aout-2019\/\" class=\"more-link\">Continuer la lecture de <span class=\"screen-reader-text\">\u00c9chos du conseil d\u2019administration \u2014 27 ao\u00fbt 2019<\/span>  <span class=\"meta-nav\">&rarr;<\/span><\/a><\/p>\n","protected":false},"author":43,"featured_media":0,"comment_status":"open","ping_status":"closed","sticky":false,"template":"","format":"standard","meta":{"footnotes":""},"categories":[386],"tags":[269,246,762,570],"class_list":["post-27854","post","type-post","status-publish","format-standard","hentry","category-echos-du-conseil-dadministration","tag-ateliers","tag-chip","tag-reconnaissance-de-benevoles","tag-securite-physique"],"_links":{"self":[{"href":"https:\/\/cimbcc.org\/test2\/wp-json\/wp\/v2\/posts\/27854","targetHints":{"allow":["GET"]}}],"collection":[{"href":"https:\/\/cimbcc.org\/test2\/wp-json\/wp\/v2\/posts"}],"about":[{"href":"https:\/\/cimbcc.org\/test2\/wp-json\/wp\/v2\/types\/post"}],"author":[{"embeddable":true,"href":"https:\/\/cimbcc.org\/test2\/wp-json\/wp\/v2\/users\/43"}],"replies":[{"embeddable":true,"href":"https:\/\/cimbcc.org\/test2\/wp-json\/wp\/v2\/comments?post=27854"}],"version-history":[{"count":12,"href":"https:\/\/cimbcc.org\/test2\/wp-json\/wp\/v2\/posts\/27854\/revisions"}],"predecessor-version":[{"id":27958,"href":"https:\/\/cimbcc.org\/test2\/wp-json\/wp\/v2\/posts\/27854\/revisions\/27958"}],"wp:attachment":[{"href":"https:\/\/cimbcc.org\/test2\/wp-json\/wp\/v2\/media?parent=27854"}],"wp:term":[{"taxonomy":"category","embeddable":true,"href":"https:\/\/cimbcc.org\/test2\/wp-json\/wp\/v2\/categories?post=27854"},{"taxonomy":"post_tag","embeddable":true,"href":"https:\/\/cimbcc.org\/test2\/wp-json\/wp\/v2\/tags?post=27854"}],"curies":[{"name":"wp","href":"https:\/\/api.w.org\/{rel}","templated":true}]}}