{"id":2789,"date":"2012-08-29T20:47:36","date_gmt":"2012-08-30T01:47:36","guid":{"rendered":"https:\/\/cimbcc.org\/test2\/?p=2789"},"modified":"2023-10-16T22:17:14","modified_gmt":"2023-10-17T02:17:14","slug":"echos-du-conseil-dadministration-aout-2012-2","status":"publish","type":"post","link":"https:\/\/cimbcc.org\/test2\/echos-du-conseil-dadministration-aout-2012-2\/","title":{"rendered":"\u00c9chos du conseil d&rsquo;administration &#8211; 7 ao\u00fbt 2012"},"content":{"rendered":"<h5 style=\"text-align: left;\"><\/h5>\n<figure id=\"attachment_5549\" aria-describedby=\"caption-attachment-5549\" style=\"width: 450px\" class=\"wp-caption aligncenter\"><img loading=\"lazy\" decoding=\"async\" class=\"size-full wp-image-5549\" src=\"https:\/\/cimbcc.org\/test2\/wp-content\/uploads\/Photo-Du-CA-2012-2013.jpg\" alt=\"\" width=\"450\" height=\"134\" srcset=\"https:\/\/cimbcc.org\/test2\/wp-content\/uploads\/Photo-Du-CA-2012-2013.jpg 450w, https:\/\/cimbcc.org\/test2\/wp-content\/uploads\/Photo-Du-CA-2012-2013-300x89.jpg 300w\" sizes=\"auto, (max-width: 450px) 100vw, 450px\" \/><figcaption id=\"caption-attachment-5549\" class=\"wp-caption-text\">De gauche \u00e0 droite\u00a0: Walter\u00a0Pearce, Francine\u00a0Fortier, R\u00e9jean\u00a0C\u00f4t\u00e9, Danielle\u00a0Bourque, Michel\u00a0Gagn\u00e9, Yvon\u00a0Gaudreau, Raymonde\u00a0Lemay, R\u00e9jean\u00a0Daigle, Sylvie\u00a0Mazur et Andr\u00e9\u00a0Charest. Denis\u00a0Dulude \u00e9tait absent au moment de la prise de la photo.<\/figcaption><\/figure>\n<p style=\"text-align: left;\">Le conseil d\u2019administration du club s\u2019est r\u00e9uni les 5 juin et 7 ao\u00fbt derniers.<\/p>\n<p style=\"text-align: left;\"><!--more--><\/p>\n<p style=\"text-align: justify;\">Le conseil a fait le point sur les rencontres des b\u00e9n\u00e9voles regroup\u00e9s par service ou par activit\u00e9. Ces rencontres ont pour but de faire le bilan de l\u2019ann\u00e9e \u00e9coul\u00e9e et d\u2019amorcer la planification de l\u2019ann\u00e9e \u00e0 venir. Certaines de ces rencontres ont d\u00e9j\u00e0 eu lieu et les responsables ont rapport\u00e9 les recommandations formul\u00e9es par les b\u00e9n\u00e9voles, d\u2019autres se tiendront \u00e0 la fin de l\u2019\u00e9t\u00e9 pour inclure les nouveaux b\u00e9n\u00e9voles.<\/p>\n<p style=\"text-align: justify;\">Andr\u00e9 Charest a d\u00e9plor\u00e9, d\u2019une part, le tr\u00e8s petit nombre de r\u00e9ponses re\u00e7ues \u00e0 la suite de l\u2019envoi d\u2019un communiqu\u00e9 aux membres dans le but de recruter des b\u00e9n\u00e9voles et, d\u2019autre part, de recueillir des inscriptions aux divers ateliers. Il faudra relancer cet appel \u00e0 l\u2019occasion de la Journ\u00e9e portes ouvertes de septembre.<\/p>\n<p style=\"text-align: justify;\">Le pr\u00e9sident, R\u00e9jean C\u00f4t\u00e9, a soulign\u00e9 que le b\u00e9n\u00e9volat est \u00e0 la base m\u00eame du club. En effet, l\u2019apport des b\u00e9n\u00e9voles est essentiel \u00e0 la survie du club, car ce sont des b\u00e9n\u00e9voles qui offrent tous les services et animent toutes les activit\u00e9s du club. Le recrutement de nouveaux b\u00e9n\u00e9voles permet une offre de services enrichie. Il a aussi pour but d\u2019\u00e9viter de surcharger les b\u00e9n\u00e9voles actuels en r\u00e9partissant les responsabilit\u00e9s entre plusieurs personnes.<\/p>\n<p style=\"text-align: justify;\">Il a aussi \u00e9t\u00e9 question de l\u2019utilisation des adresses \u00e9lectroniques des membres du club par les b\u00e9n\u00e9voles. Ces adresses ne devraient \u00eatre utilis\u00e9es que pour les besoins de communication du club et ne pas servir \u00e0 d\u2019autres fins.<\/p>\n<p style=\"text-align: justify;\">Francine Fortier, responsable du <em>CHIP<\/em>, a fait \u00e9tat du bilan positif des cinq premiers mois d\u2019existence du blogue du club. L\u2019\u00e9quipe du <em>CHIP<\/em> avait identifi\u00e9 des am\u00e9liorations \u00e0 y apporter, dont quelques-unes appara\u00eetront d\u00e8s cet automne telle l\u2019interactivit\u00e9 du blogue. Gr\u00e2ce \u00e0 une section cr\u00e9\u00e9e \u00e0 cette fin, les abonn\u00e9s du <em>CHIP<\/em> pourront r\u00e9agir aux articles publi\u00e9s en enregistrant leurs commentaires qui seront analys\u00e9s par une \u00e9quipe de mod\u00e9rateurs avant d\u2019\u00eatre publi\u00e9s sur le site du club. Pour ce faire, les commentaires devront, entre autres, se rapporter \u00e0 l\u2019article publi\u00e9, \u00eatre sign\u00e9s, respecter la politique du club quant \u00e0 la neutralit\u00e9, \u00eatre non discriminatoires ou haineux et ne pas nuire \u00e0 la r\u00e9putation ou critiquer le club. Les commentaires seront publi\u00e9s comme soumis, soit sans correction de l\u2019orthographe. Le lancement de cette section de commentaires est pr\u00e9vu pour novembre prochain.<\/p>\n<p style=\"text-align: justify;\">Michel Gagn\u00e9 a pr\u00e9sent\u00e9 la planification des cours d\u2019initiation \u00e0 Internet qui seront donn\u00e9s dans les biblioth\u00e8ques en 2012-2013. Neuf b\u00e9n\u00e9voles se partageront la t\u00e2che des 11 cours de quatre jours qui pourront accueillir un total de 110 personnes. Chaque journ\u00e9e sera compos\u00e9e d\u2019une partie th\u00e9orique et d\u2019une partie pratique. Le plus souvent, il y aura une semaine d\u2019intervalle entre chaque cours pour que les participants r\u00e9alisent leurs exercices pratiques. Pour la premi\u00e8re fois cette ann\u00e9e, des cours seront donn\u00e9s \u00e0 la biblioth\u00e8que de Sainte-Julie en plus de ceux donn\u00e9s dans les biblioth\u00e8ques de Saint-Bruno et de Saint-Basile.<\/p>\n<p style=\"text-align: justify;\">Le conseil a aussi adopt\u00e9 le projet de brochure pr\u00e9sent\u00e9 par son responsable, Andr\u00e9 Charest. Le conseil a soulign\u00e9 la grande qualit\u00e9 de cette brochure d\u2019information sur le club qui sera distribu\u00e9e lors de la Journ\u00e9e portes ouvertes et il f\u00e9licite l\u2019\u00e9quipe qui y a contribu\u00e9.<\/p>\n<p style=\"text-align: justify;\">Enfin, la Journ\u00e9e portes ouvertes se tiendra le 5 septembre prochain. Le conseil a pris connaissance de la planification d\u00e9taill\u00e9e de cet \u00e9v\u00e9nement. Danielle Bourque, responsable, a rappel\u00e9 que cette journ\u00e9e est principalement destin\u00e9e \u00e0 marquer la reprise des activit\u00e9s du club et \u00e0 informer tous les int\u00e9ress\u00e9s sur ses activit\u00e9s. Pour les participants, c\u2019est un moment privil\u00e9gi\u00e9 pour adh\u00e9rer au club et pour payer sa cotisation annuelle. Tous esp\u00e8rent que les 534 membres que comptait le club \u00e0 la fin de juin renouvelleront leur adh\u00e9sion et que de nombreux autres s\u2019y ajouteront.<\/p>\n<p style=\"text-align: justify;\">La Journ\u00e9e portes ouvertes permettra \u00e9galement aux membres de s\u2019inscrire aux diff\u00e9rentes activit\u00e9s organis\u00e9es par le club et ils seront aussi invit\u00e9s \u00e0 offrir leurs services comme b\u00e9n\u00e9voles.<\/p>\n<p style=\"text-align: justify;\">Les membres du conseil esp\u00e8rent avoir le plaisir de vous rencontrer le 5 septembre!<\/p>\n<p style=\"text-align: justify;\">Sylvie Mazur<br \/>\nSecr\u00e9taire du CIMBCC<\/p>\n","protected":false},"excerpt":{"rendered":"<p>Le conseil d\u2019administration du club s\u2019est r\u00e9uni les 5 juin et 7 ao\u00fbt derniers.<\/p>\n","protected":false},"author":43,"featured_media":0,"comment_status":"closed","ping_status":"closed","sticky":false,"template":"","format":"standard","meta":{"footnotes":""},"categories":[386],"tags":[956,269,126,79,957,246,239,906,958],"class_list":["post-2789","post","type-post","status-publish","format-standard","hentry","category-echos-du-conseil-dadministration","tag-adresse-electronique","tag-ateliers","tag-benevoles","tag-bilan","tag-brochure","tag-chip","tag-commentaires","tag-cours-dans-les-bibliotheques","tag-journee-portes-ouvertes"],"_links":{"self":[{"href":"https:\/\/cimbcc.org\/test2\/wp-json\/wp\/v2\/posts\/2789","targetHints":{"allow":["GET"]}}],"collection":[{"href":"https:\/\/cimbcc.org\/test2\/wp-json\/wp\/v2\/posts"}],"about":[{"href":"https:\/\/cimbcc.org\/test2\/wp-json\/wp\/v2\/types\/post"}],"author":[{"embeddable":true,"href":"https:\/\/cimbcc.org\/test2\/wp-json\/wp\/v2\/users\/43"}],"replies":[{"embeddable":true,"href":"https:\/\/cimbcc.org\/test2\/wp-json\/wp\/v2\/comments?post=2789"}],"version-history":[{"count":20,"href":"https:\/\/cimbcc.org\/test2\/wp-json\/wp\/v2\/posts\/2789\/revisions"}],"predecessor-version":[{"id":25844,"href":"https:\/\/cimbcc.org\/test2\/wp-json\/wp\/v2\/posts\/2789\/revisions\/25844"}],"wp:attachment":[{"href":"https:\/\/cimbcc.org\/test2\/wp-json\/wp\/v2\/media?parent=2789"}],"wp:term":[{"taxonomy":"category","embeddable":true,"href":"https:\/\/cimbcc.org\/test2\/wp-json\/wp\/v2\/categories?post=2789"},{"taxonomy":"post_tag","embeddable":true,"href":"https:\/\/cimbcc.org\/test2\/wp-json\/wp\/v2\/tags?post=2789"}],"curies":[{"name":"wp","href":"https:\/\/api.w.org\/{rel}","templated":true}]}}