{"id":28036,"date":"2019-10-17T00:05:44","date_gmt":"2019-10-17T04:05:44","guid":{"rendered":"https:\/\/cimbcc.org\/test2\/?p=28036"},"modified":"2023-10-16T22:12:37","modified_gmt":"2023-10-17T02:12:37","slug":"echos-du-conseil-dadministration-1er-octobre-2019","status":"publish","type":"post","link":"https:\/\/cimbcc.org\/test2\/echos-du-conseil-dadministration-1er-octobre-2019\/","title":{"rendered":"\u00c9chos du conseil d\u2019administration \u2014 1er octobre 2019"},"content":{"rendered":"<p>&nbsp;<\/p>\n<figure id=\"attachment_27577\" aria-describedby=\"caption-attachment-27577\" style=\"width: 300px\" class=\"wp-caption aligncenter\"><img loading=\"lazy\" decoding=\"async\" class=\"size-medium wp-image-27577\" src=\"https:\/\/cimbcc.org\/test2\/wp-content\/uploads\/photo_ca_-2019_2020-300x137.jpg\" alt=\"CA 2019-2020\" width=\"300\" height=\"137\" srcset=\"https:\/\/cimbcc.org\/test2\/wp-content\/uploads\/photo_ca_-2019_2020-300x137.jpg 300w, https:\/\/cimbcc.org\/test2\/wp-content\/uploads\/photo_ca_-2019_2020.jpg 500w\" sizes=\"auto, (max-width: 300px) 100vw, 300px\" \/><figcaption id=\"caption-attachment-27577\" class=\"wp-caption-text\">Sur la premi\u00e8re rang\u00e9e : Huguette Turgeon, Danielle Bourque, Danielle Barab\u00e9, Berthe Demers, Sylvie Mazur.\u00a0 Sur la deuxi\u00e8me rang\u00e9e : Michel C\u00f4t\u00e9, Jacques Lalibert\u00e9, Michel Gagn\u00e9, Richard Gervais, R\u00e9jean C\u00f4t\u00e9.<\/figcaption><\/figure>\n<p style=\"text-align: justify;\">\u00c0 sa r\u00e9union du 1<sup>er<\/sup>\u00a0octobre, le conseil d\u2019administration a r\u00e9vis\u00e9 le budget du Club pour l\u2019ann\u00e9e courante afin de tenir compte de revenus r\u00e9duits par un nombre inf\u00e9rieur de membres et de quelques d\u00e9penses sup\u00e9rieures aux pr\u00e9visions.<\/p>\n<p style=\"text-align: justify;\">Le conseil a mis \u00e0 jour la liste des b\u00e9n\u00e9voles qu\u2019il souhaite recruter. Il a aussi pris connaissance des r\u00e9sultats de la <em>Journ\u00e9e d\u2019information et d\u2019inscription<\/em> du 4\u00a0septembre ainsi que des inscriptions aux ateliers de l\u2019automne. Des nouveaut\u00e9s s\u2019annoncent dans un cas comme dans l\u2019autre. Enfin, le conseil a fix\u00e9 la date d\u2019anniversaire du Club.<\/p>\n<p><!--more--><\/p>\n<p><strong>Membres du Club<\/strong><\/p>\n<p style=\"text-align: justify;\">Le 1<sup>er<\/sup>\u00a0octobre, le registre des membres comptait 535\u00a0membres en r\u00e8gle pour l\u2019ann\u00e9e\u00a02019-2020; 196 membres n\u2019avaient pas encore renouvel\u00e9 leur adh\u00e9sion, ce qui est comparable aux ann\u00e9es pass\u00e9es. Le conseil d\u2019administration pr\u00e9voit d\u00e9j\u00e0 que le nombre des membres sera inf\u00e9rieur de 40 \u00e0 60 \u00e0 celui de l\u2019an dernier, ce qui aura un impact sur les revenus disponibles. Le portrait sera plus pr\u00e9cis en novembre.<\/p>\n<p><strong>\u00a0<\/strong><strong>R\u00e9vision du budget\u00a02019-2020<\/strong><\/p>\n<p style=\"text-align: justify;\">Danielle\u00a0Barab\u00e9 a mis en \u00e9vidence des changements par rapport aux pr\u00e9visions du budget initial. Elle pr\u00e9voit un budget d\u00e9ficitaire si rien n\u2019est modifi\u00e9. Comme un des objectifs annonc\u00e9s du conseil d\u2019administration est l\u2019atteinte de l\u2019\u00e9quilibre budg\u00e9taire pour l\u2019ann\u00e9e en cours, des d\u00e9cisions ont \u00e9t\u00e9 prises pour r\u00e9duire ou limiter certaines d\u00e9penses pr\u00e9vues.<\/p>\n<p style=\"text-align: justify;\"><strong>B\u00e9n\u00e9voles recherch\u00e9s<\/strong><\/p>\n<p>La <a href=\"https:\/\/cimbcc.org\/test2\/le-club-2\/la-mission-et-la-politique\" target=\"_blank\" rel=\"noopener noreferrer\">mission premi\u00e8re du Club<\/a> est d\u2019offrir \u00e0 ses membres un cadre qui permet le <strong>partage de connaissances et l\u2019entraide<\/strong> dans l\u2019utilisation de l\u2019informatique.<\/p>\n<p style=\"text-align: justify;\"><strong>Le conseil d\u2019administration consid\u00e8re que l\u2019apport de nouveaux collaborateurs contribuera \u00e0 dynamiser les activit\u00e9s du Club et \u00e0 maintenir l\u2019int\u00e9r\u00eat de ses membres. C\u2019est pourquoi le Club est <\/strong>\u00e0 la recherche de b\u00e9n\u00e9voles pr\u00eats \u00e0 partager leurs connaissances. Les <a href=\"https:\/\/cimbcc.org\/test2\/le-club-2\/benevoles-demandes\" target=\"_blank\" rel=\"noopener noreferrer\">b\u00e9n\u00e9voles recherch\u00e9s<\/a> actuellement sont\u00a0:<\/p>\n<ul>\n<li style=\"text-align: justify;\">des <strong>animateurs<\/strong> et des <strong>assistants<\/strong> d\u2019animateurs pour des ateliers actuels ou nouveaux;<\/li>\n<li style=\"text-align: justify;\">des <strong>r\u00e9dacteurs<\/strong> r\u00e9guliers et occasionnels pour des articles \u00e0 publier dans le <strong>CHIP<\/strong>;<\/li>\n<li>une personne ayant des habilet\u00e9s graphiques et certaines connaissances du logiciel Adobe Illustrator, ou l\u2019\u00e9quivalent, pour r\u00e9aliser des <strong>travaux d\u2019infographie<\/strong> occasionnels (par exemple : participer \u00e0 la mise \u00e0 jour du d\u00e9pliant, des \u00e9l\u00e9ments visuels du site Web, du mat\u00e9riel utilis\u00e9 dans le cadre certaines activit\u00e9s annuelles);<\/li>\n<li style=\"text-align: justify;\">des collaborateurs pour <strong>accueillir les membres <\/strong>qui se pr\u00e9sentent aux s\u00e9ances du mercredi et du vendredi;<\/li>\n<li>\n<p style=\"text-align: justify;\">des collaborateurs pour <strong>pr\u00e9senter un expos\u00e9<\/strong> sur un sujet de leur choix en 15, 30, 60 ou 120\u00a0minutes dans le cadre des s\u00e9ances du mercredi et du vendredi.<\/p>\n<\/li>\n<\/ul>\n<p><strong><em>\u00a0<\/em><\/strong><strong><em>Journ\u00e9e d\u2019information et d\u2019inscription<\/em><\/strong><\/p>\n<p style=\"text-align: justify;\">La <em>Journ\u00e9e d\u2019information et d\u2019inscription<\/em> du 4\u00a0septembre dernier a attir\u00e9 moins de participants que d\u2019habitude et elle a \u00e9t\u00e9 l\u2019occasion d\u2019inscrire 163\u00a0membres (51 nouveaux et 112\u00a0renouvellements), soit une trentaine de moins que l\u2019an dernier. C\u2019est un peu d\u00e9cevant quand on tient compte de l\u2019\u00e9nergie consacr\u00e9e \u00e0 l\u2019organisation de cette journ\u00e9e.<\/p>\n<p style=\"text-align: justify;\">Pour attirer davantage de visiteurs l\u2019an prochain, Danielle\u00a0Bourque a propos\u00e9 de rendre plus s\u00e9duisante la prochaine <em>Journ\u00e9e d\u2019information et d\u2019inscription<\/em> en y int\u00e9grant des activit\u00e9s de d\u00e9monstration et de d\u00e9pannage, par exemple. Le conseil d\u2019administration a approuv\u00e9 cette proposition et il l\u2019a invit\u00e9e \u00e0 explorer des pistes en ce sens.<\/p>\n<p><strong>Ateliers\u00a0: inscriptions pour l\u2019automne\u00a02019<\/strong><\/p>\n<p style=\"text-align: justify;\">Les 12\u00a0ateliers de l\u2019automne ont suscit\u00e9 141\u00a0inscriptions. Trois ateliers ont attir\u00e9 de 20 \u00e0 22\u00a0membres\u00a0: l\u2019atelier sur les tablettes et les t\u00e9l\u00e9phones Android, l\u2019atelier interm\u00e9diaire sur la tablette iPad et l\u2019atelier des mordus de l\u2019informatique. L\u2019atelier sur la liseuse Kobo a \u00e9t\u00e9 annul\u00e9 faute d\u2019inscriptions suffisantes, mais le nouvel atelier d\u2019aide aux exercices de la s\u00e9rie <em>Facile<\/em> re\u00e7oit un tr\u00e8s bon accueil.<\/p>\n<p style=\"text-align: justify;\">En juin dernier, Bruno\u00a0Fournier a pr\u00e9sent\u00e9 au conseil d\u2019administration un projet sur les applications populaires pour les tablettes iOS et Android. Au d\u00e9part, il \u00e9tait question d\u2019une s\u00e9rie de pr\u00e9sentations dans la s\u00e9rie <em>D\u00e9couverte<\/em>. Apr\u00e8s discussions avec certains responsables, il a plut\u00f4t \u00e9t\u00e9 d\u00e9cid\u00e9 que ce projet prendrait la forme de cinq rencontres de deux heures qui se tiendront en f\u00e9vrier et en mars, dans le cadre des ateliers de l\u2019hiver prochain. Les membres pourront s\u2019y inscrire en janvier\u00a02020.<\/p>\n<p><strong>Anniversaire du Club informatique Mont-Bruno<\/strong><\/p>\n<p style=\"text-align: justify;\">Une certaine confusion sur l\u2019\u00e2ge du Club a \u00e9t\u00e9 constat\u00e9e derni\u00e8rement. Le Club n\u2019ayant pas d\u2019acte de naissance, le conseil d\u2019administration a fix\u00e9 sa cr\u00e9ation au <strong>6\u00a0septembre\u00a01983<\/strong> alors que le conseil de la Ville de Saint-Bruno-de-Montarville reconnaissait officiellement l\u2019existence de cet organisme sans but lucratif sous le nom de Mount-Bruno Computer Club, comme on peut le lire dans <a href=\"https:\/\/cimbcc.org\/test2\/le-club-2\/b-generalites-et-historique\" target=\"_blank\" rel=\"noopener noreferrer\">l\u2019histoire du Club<\/a>. Il est maintenant connu sous le nom de Club informatique Mont-Bruno. Le 6\u00a0septembre dernier, le Club a donc atteint l\u2019\u00e2ge de 36\u00a0ans, et il commen\u00e7ait sa 37<sup>e<\/sup>\u00a0ann\u00e9e d\u2019activit\u00e9s.<\/p>\n<p>Sylvie\u00a0Mazur, secr\u00e9taire du CIMBCC<\/p>\n<p>&nbsp;<\/p>\n<p>&nbsp;<\/p>\n","protected":false},"excerpt":{"rendered":"<p>&nbsp; \u00c0 sa r\u00e9union du 1er\u00a0octobre, le conseil d\u2019administration a r\u00e9vis\u00e9 le budget du Club pour l\u2019ann\u00e9e courante afin de tenir compte de revenus r\u00e9duits par un nombre inf\u00e9rieur de membres et de quelques d\u00e9penses sup\u00e9rieures aux pr\u00e9visions. Le conseil a mis \u00e0 jour la liste des b\u00e9n\u00e9voles qu\u2019il souhaite recruter. Il a aussi pris &hellip; <a href=\"https:\/\/cimbcc.org\/test2\/echos-du-conseil-dadministration-1er-octobre-2019\/\" class=\"more-link\">Continuer la lecture de <span class=\"screen-reader-text\">\u00c9chos du conseil d\u2019administration \u2014 1er octobre 2019<\/span>  <span class=\"meta-nav\">&rarr;<\/span><\/a><\/p>\n","protected":false},"author":43,"featured_media":0,"comment_status":"open","ping_status":"closed","sticky":false,"template":"","format":"standard","meta":{"footnotes":""},"categories":[386],"tags":[269,126,143,594,271,105],"class_list":["post-28036","post","type-post","status-publish","format-standard","hentry","category-echos-du-conseil-dadministration","tag-ateliers","tag-benevoles","tag-journee-dinformation-et-dinscription","tag-membres","tag-presentations","tag-tablette"],"_links":{"self":[{"href":"https:\/\/cimbcc.org\/test2\/wp-json\/wp\/v2\/posts\/28036","targetHints":{"allow":["GET"]}}],"collection":[{"href":"https:\/\/cimbcc.org\/test2\/wp-json\/wp\/v2\/posts"}],"about":[{"href":"https:\/\/cimbcc.org\/test2\/wp-json\/wp\/v2\/types\/post"}],"author":[{"embeddable":true,"href":"https:\/\/cimbcc.org\/test2\/wp-json\/wp\/v2\/users\/43"}],"replies":[{"embeddable":true,"href":"https:\/\/cimbcc.org\/test2\/wp-json\/wp\/v2\/comments?post=28036"}],"version-history":[{"count":11,"href":"https:\/\/cimbcc.org\/test2\/wp-json\/wp\/v2\/posts\/28036\/revisions"}],"predecessor-version":[{"id":28047,"href":"https:\/\/cimbcc.org\/test2\/wp-json\/wp\/v2\/posts\/28036\/revisions\/28047"}],"wp:attachment":[{"href":"https:\/\/cimbcc.org\/test2\/wp-json\/wp\/v2\/media?parent=28036"}],"wp:term":[{"taxonomy":"category","embeddable":true,"href":"https:\/\/cimbcc.org\/test2\/wp-json\/wp\/v2\/categories?post=28036"},{"taxonomy":"post_tag","embeddable":true,"href":"https:\/\/cimbcc.org\/test2\/wp-json\/wp\/v2\/tags?post=28036"}],"curies":[{"name":"wp","href":"https:\/\/api.w.org\/{rel}","templated":true}]}}