{"id":28157,"date":"2019-11-12T00:00:21","date_gmt":"2019-11-12T05:00:21","guid":{"rendered":"https:\/\/cimbcc.org\/test2\/?p=28157"},"modified":"2023-10-16T22:12:37","modified_gmt":"2023-10-17T02:12:37","slug":"ma-transition-vers-lelectromobilite","status":"publish","type":"post","link":"https:\/\/cimbcc.org\/test2\/ma-transition-vers-lelectromobilite\/","title":{"rendered":"Ma transition vers l\u2019\u00c9lectromobilit\u00e9"},"content":{"rendered":"<figure id=\"attachment_24085\" aria-describedby=\"caption-attachment-24085\" style=\"width: 125px\" class=\"wp-caption aligncenter\"><img loading=\"lazy\" decoding=\"async\" class=\"size-full wp-image-24085\" src=\"https:\/\/cimbcc.org\/test2\/wp-content\/uploads\/photo_garneau_sylvain.jpg\" alt=\"\" width=\"125\" height=\"125\" \/><figcaption id=\"caption-attachment-24085\" class=\"wp-caption-text\"><span style=\"color: #ffffff;\">mm<\/span>Sylvain Garneau<\/figcaption><\/figure>\n<p style=\"text-align: justify;\">Depuis 2010, je cherche \u00e0 r\u00e9duire mon <a href=\"https:\/\/fr.wikipedia.org\/wiki\/Empreinte_%C3%A9cologique\" target=\"_blank\" rel=\"noopener noreferrer\">empreinte \u00e9cologique<\/a> en optant pour un v\u00e9hicule automobile plus vert. \u00c0 cette \u00e9poque et jusqu&rsquo;\u00e0 tout r\u00e9cemment, le march\u00e9, mis \u00e0 part pour les dispendieuses <a href=\"https:\/\/fr.wikipedia.org\/wiki\/Tesla_(automobile)\" target=\"_blank\" rel=\"noopener noreferrer\">Tesla<\/a>, \u00e9tait surtout orient\u00e9 vers les <a href=\"https:\/\/fr.wikipedia.org\/wiki\/Automobile_hybride_%C3%A9lectrique\" target=\"_blank\" rel=\"noopener noreferrer\">motorisations hybrides<\/a>, mais l\u2019offre \u00e9tait peu convaincante alors j\u2019ai continu\u00e9 avec des v\u00e9hicules \u00e0 essence.<\/p>\n<p style=\"text-align: justify;\">Voil\u00e0 qu\u2019en 2018, plusieurs constructeurs automobiles commencent \u00e0 produire des <a href=\"https:\/\/www.auto123.com\/fr\/actualites\/guide-voiture-hybride-electrique-2019-3e-partie-100%25-electriques\/65700\/\" target=\"_blank\" rel=\"noopener noreferrer\">v\u00e9hicules 100% \u00e9lectriques<\/a> \u00e0 grande autonomie et qu\u2019en parall\u00e8le nos gouvernements introduisent des <a href=\"https:\/\/ici.radio-canada.ca\/premiere\/emissions\/le-15-18\/segments\/entrevue\/128515\/subventions-vehicules-electriques\" target=\"_blank\" rel=\"noopener noreferrer\">subventions \u00e0 l\u2019achat de tels v\u00e9hicules<\/a>. De son c\u00f4t\u00e9, Hydro-Qu\u00e9bec investit grandement dans son <a href=\"http:\/\/www.hydroquebec.com\/electrification-transport\/voitures-electriques\/recharge.html\" target=\"_blank\" rel=\"noopener noreferrer\">r\u00e9seau de bornes de recharge publiques<\/a> afin d\u2019agrandir la zone des d\u00e9placements en mode \u00e9lectrique.<\/p>\n<p style=\"text-align: justify;\"><!--more--><\/p>\n<p style=\"text-align: justify;\">C\u2019est l\u00e0 que mon int\u00e9r\u00eat pour la chose a repris de la vigueur et pas seulement pour moi. En effet, il y a maintenant plus de <a href=\"https:\/\/www.aveq.ca\/meacutedias.html\" target=\"_blank\" rel=\"noopener noreferrer\">60,000 v\u00e9hicules<\/a> roulant sur les routes du Qu\u00e9bec avec une <a href=\"https:\/\/www.journaldemontreal.com\/2019\/09\/30\/hausse-fulgurante-du-nombre-de-vehicules-electriques-au-quebec\" target=\"_blank\" rel=\"noopener noreferrer\">motorisation \u00e9lectrique ou hybride rechargeable<\/a>.<\/p>\n<p style=\"text-align: justify;\">Si vous \u00eates de ceux qui songent \u00e0 faire le saut ou qui sont simplement curieux d\u2019en savoir plus sur l\u2019univers de l&rsquo;<a href=\"https:\/\/fr.wikipedia.org\/wiki\/%C3%89lectromobilit%C3%A9\" target=\"_blank\" rel=\"noopener noreferrer\">\u00e9lectromobilit\u00e9<\/a> qui est aussi tr\u00e8s coll\u00e9 sur les technologies informatiques et de t\u00e9l\u00e9communications, <strong>vous devez assister \u00e0 ma <a href=\"https:\/\/cimbcc.org\/test2\/wp-content\/uploads\/calendrier_serie_decouverte.pdf\" target=\"_blank\" rel=\"noopener noreferrer\">pr\u00e9sentation<\/a> du 20\u00a0novembre 2019<\/strong> et reprise le 17 janvier 2020.<\/p>\n<p style=\"text-align: justify;\">Dans cette pr\u00e9sentation, je ferai un petit historique de mon exp\u00e9rience durant cette transition et vous expliquerai comment j\u2019ai pu me convaincre d\u2019acheter un v\u00e9hicule qui n\u2019\u00e9tait pas encore disponible pour un essai routier.<\/p>\n<figure id=\"attachment_28158\" aria-describedby=\"caption-attachment-28158\" style=\"width: 1920px\" class=\"wp-caption aligncenter\"><img loading=\"lazy\" decoding=\"async\" class=\"size-full wp-image-28158\" src=\"https:\/\/cimbcc.org\/test2\/wp-content\/uploads\/chip_2019_11_12_2019_Hyundai_Kona.jpg\" alt=\"\" width=\"1920\" height=\"1200\" srcset=\"https:\/\/cimbcc.org\/test2\/wp-content\/uploads\/chip_2019_11_12_2019_Hyundai_Kona.jpg 1920w, https:\/\/cimbcc.org\/test2\/wp-content\/uploads\/chip_2019_11_12_2019_Hyundai_Kona-300x188.jpg 300w, https:\/\/cimbcc.org\/test2\/wp-content\/uploads\/chip_2019_11_12_2019_Hyundai_Kona-768x480.jpg 768w, https:\/\/cimbcc.org\/test2\/wp-content\/uploads\/chip_2019_11_12_2019_Hyundai_Kona-1024x640.jpg 1024w\" sizes=\"auto, (max-width: 1920px) 100vw, 1920px\" \/><figcaption id=\"caption-attachment-28158\" class=\"wp-caption-text\"><a href=\"https:\/\/fr.wikipedia.org\/wiki\/Hyundai_Kona\" target=\"_blank\" rel=\"noopener noreferrer\">Hyundai Kona<\/a> 2019<\/figcaption><\/figure>\n<p style=\"text-align: justify;\">J\u2019expliquerai comment l\u2019<a href=\"https:\/\/fr.wikipedia.org\/wiki\/Informatique\" target=\"_blank\" rel=\"noopener noreferrer\">informatique<\/a> et le <a href=\"https:\/\/fr.wikipedia.org\/wiki\/Smartphone\" target=\"_blank\" rel=\"noopener noreferrer\">t\u00e9l\u00e9phone intelligent<\/a> sont essentiels dans la vie du propri\u00e9taire d\u2019un <a href=\"https:\/\/fr.wikipedia.org\/wiki\/Voiture_%C3%A9lectrique\" target=\"_blank\" rel=\"noopener noreferrer\">v\u00e9hicule \u00e9lectrique<\/a> (V\u00c9). Je ferai un <a href=\"http:\/\/www.fiches-auto.fr\/articles-auto\/fonctionnement-d-une-auto\/s-1946-fonctionnement-d-une-voiture-electrique.php\" target=\"_blank\" rel=\"noopener noreferrer\">r\u00e9sum\u00e9 du fonctionnement<\/a>\u00a0 d\u2019un V\u00c9, des <a href=\"https:\/\/fr.wikipedia.org\/wiki\/Station_de_recharge\" target=\"_blank\" rel=\"noopener noreferrer\">types de recharges<\/a> et de <a href=\"https:\/\/www.lecircuitelectrique.com\/trouver-une-borne\" target=\"_blank\" rel=\"noopener noreferrer\">bornes<\/a> et finalement d\u00e9crirai quelques <a href=\"http:\/\/roulezelectrique.com\/planificateur-de-trajet-en-vehicule-electrique-letat-de-la-situation-au-quebec\/\" target=\"_blank\" rel=\"noopener noreferrer\">applications<\/a> qui rendent la planification d\u2019un long p\u00e9riple en V\u00c9 facile et agr\u00e9able malgr\u00e9 les recharges n\u00e9cessaires. Si le temps le permet, je r\u00e9pondrai \u00e0 vos questions.<\/p>\n<p>Sylvain Garneau<\/p>\n","protected":false},"excerpt":{"rendered":"<p>Depuis 2010, je cherche \u00e0 r\u00e9duire mon empreinte \u00e9cologique en optant pour un v\u00e9hicule automobile plus vert. \u00c0 cette \u00e9poque et jusqu&rsquo;\u00e0 tout r\u00e9cemment, le march\u00e9, mis \u00e0 part pour les dispendieuses Tesla, \u00e9tait surtout orient\u00e9 vers les motorisations hybrides, mais l\u2019offre \u00e9tait peu convaincante alors j\u2019ai continu\u00e9 avec des v\u00e9hicules \u00e0 essence. Voil\u00e0 qu\u2019en &hellip; <a href=\"https:\/\/cimbcc.org\/test2\/ma-transition-vers-lelectromobilite\/\" class=\"more-link\">Continuer la lecture de <span class=\"screen-reader-text\">Ma transition vers l\u2019\u00c9lectromobilit\u00e9<\/span>  <span class=\"meta-nav\">&rarr;<\/span><\/a><\/p>\n","protected":false},"author":43,"featured_media":0,"comment_status":"open","ping_status":"closed","sticky":false,"template":"","format":"standard","meta":{"footnotes":""},"categories":[402],"tags":[112,629,1112,271,104,1078],"class_list":["post-28157","post","type-post","status-publish","format-standard","hentry","category-activites-du-club","tag-achat","tag-automobile","tag-electromobilite","tag-presentations","tag-telephone-intelligent","tag-voiture-electrique"],"_links":{"self":[{"href":"https:\/\/cimbcc.org\/test2\/wp-json\/wp\/v2\/posts\/28157","targetHints":{"allow":["GET"]}}],"collection":[{"href":"https:\/\/cimbcc.org\/test2\/wp-json\/wp\/v2\/posts"}],"about":[{"href":"https:\/\/cimbcc.org\/test2\/wp-json\/wp\/v2\/types\/post"}],"author":[{"embeddable":true,"href":"https:\/\/cimbcc.org\/test2\/wp-json\/wp\/v2\/users\/43"}],"replies":[{"embeddable":true,"href":"https:\/\/cimbcc.org\/test2\/wp-json\/wp\/v2\/comments?post=28157"}],"version-history":[{"count":5,"href":"https:\/\/cimbcc.org\/test2\/wp-json\/wp\/v2\/posts\/28157\/revisions"}],"predecessor-version":[{"id":28165,"href":"https:\/\/cimbcc.org\/test2\/wp-json\/wp\/v2\/posts\/28157\/revisions\/28165"}],"wp:attachment":[{"href":"https:\/\/cimbcc.org\/test2\/wp-json\/wp\/v2\/media?parent=28157"}],"wp:term":[{"taxonomy":"category","embeddable":true,"href":"https:\/\/cimbcc.org\/test2\/wp-json\/wp\/v2\/categories?post=28157"},{"taxonomy":"post_tag","embeddable":true,"href":"https:\/\/cimbcc.org\/test2\/wp-json\/wp\/v2\/tags?post=28157"}],"curies":[{"name":"wp","href":"https:\/\/api.w.org\/{rel}","templated":true}]}}