{"id":2819,"date":"2012-09-10T11:00:35","date_gmt":"2012-09-10T16:00:35","guid":{"rendered":"https:\/\/cimbcc.org\/test2\/?p=2819"},"modified":"2023-10-16T22:17:14","modified_gmt":"2023-10-17T02:17:14","slug":"mot-du-president-septembre-2012","status":"publish","type":"post","link":"https:\/\/cimbcc.org\/test2\/mot-du-president-septembre-2012\/","title":{"rendered":"Mot du pr\u00e9sident &#8211; septembre 2012"},"content":{"rendered":"<figure id=\"attachment_23836\" aria-describedby=\"caption-attachment-23836\" style=\"width: 125px\" class=\"wp-caption aligncenter\"><img loading=\"lazy\" decoding=\"async\" class=\"size-full wp-image-23836\" src=\"https:\/\/cimbcc.org\/test2\/wp-content\/uploads\/photo_cote_rejean.jpg\" alt=\"\" width=\"125\" height=\"125\" \/><figcaption id=\"caption-attachment-23836\" class=\"wp-caption-text\"><span style=\"color: #ffffff;\">mmmm<\/span>R\u00e9jean C\u00f4t\u00e9<\/figcaption><\/figure>\n<p style=\"text-align: justify;\">Je souhaite \u00e0 tous nos membres une bonne ann\u00e9e 2012-2013. C\u2019est encore un nouveau d\u00e9part avec plein de nouveaux d\u00e9fis. Le club entreprend sa 30<sup>e<\/sup>\u00a0ann\u00e9e d\u2019activit\u00e9. Trente\u00a0ans de vie pour un club informatique, c\u2019est exceptionnel!<\/p>\n<p style=\"text-align: justify;\"><!--more--><\/p>\n<p style=\"text-align: justify;\">Avec le beau temps que nous avons eu, vous avez fait le plein durant l\u2019\u00e9t\u00e9 et vous \u00eates pr\u00eats pour une autre ann\u00e9e du club. Nos frais de scolarit\u00e9 (notre cotisation) sont gel\u00e9s pour une autre ann\u00e9e. Donc, pas de contestation en vue!<\/p>\n<p style=\"text-align: justify;\">Notre Journ\u00e9e portes ouvertes (le 5\u00a0septembre) a \u00e9t\u00e9 un franc succ\u00e8s et c\u2019est sous la gouverne de Danielle\u00a0Bourque, responsable de l\u2019accueil, qu\u2019une vingtaine de b\u00e9n\u00e9voles ont accueilli toute la journ\u00e9e les visiteurs au Centre communautaire. Cent\u00a0quatre-vingt-sept (187)\u00a0personnes se sont pr\u00e9sent\u00e9es pour s\u2019inscrire, renouveler leur adh\u00e9sion ou pour s\u2019informer.<\/p>\n<p style=\"text-align: justify;\">Le 31\u00a0juillet dernier, le club comptait 534\u00a0membres, dont 400 \u00e0 titre individuel et 67 couples. C\u2019est un succ\u00e8s! Si on pense qu\u2019en six\u00a0ans seulement notre effectif a plus que doubl\u00e9. Ce succ\u00e8s porte en lui-m\u00eame le germe d\u2019un d\u00e9fi continuel.<\/p>\n<p style=\"text-align: justify;\">Le club a reb\u00e2ti son site l\u2019an pass\u00e9 sur une nouvelle base. Nous utilisons maintenant WordPress, un logiciel libre qui nous a permis de mettre un blogue en ligne. Ce blogue actuellement ferm\u00e9 deviendra interactif cet automne, donc ouvert aux commentaires. Vous pourrez vous exprimer sur nos articles.<\/p>\n<p style=\"text-align: justify;\">Nous aurons \u00e0 peu pr\u00e8s le m\u00eame nombre de s\u00e9ances de pr\u00e9sentations que l\u2019an dernier (pr\u00e8s de 60). Nous ajoutons des p\u00e9riodes questions\/r\u00e9ponses de 15 \u00e0 20\u00a0minutes en d\u00e9but de quelques s\u00e9ances. Surveillez notre calendrier des s\u00e9ances de pr\u00e9sentations. Il y aura comme toujours nos pr\u00e9sentations de la s\u00e9rie Facile, mais aussi dans la s\u00e9rie D\u00e9couverte, quelques nouveaut\u00e9s, comme la construction d\u2019un site et d\u2019un blogue, le montage d\u2019un diaporama, l\u2019inscription et l\u2019utilisation de Facebook, l\u2019utilisation de livres num\u00e9riques, du iPad, de Twitter et une pr\u00e9sentation sur l\u2019avenir du PC.<\/p>\n<p style=\"text-align: justify;\">Il est plus difficile de dire maintenant ce qui se passera au niveau des ateliers. Tout d\u00e9pend du nombre d\u2019inscriptions, de la disponibilit\u00e9 d\u2019animateurs et de locaux. Nous savons tout de m\u00eame que nous aurons deux\u00a0ateliers de soutien aux d\u00e9butants, un \u00e0 Saint-Bruno et l\u2019autre \u00e0 Saint-Basile. L\u2019atelier des Curieux en informatique reprendra vie. Nous aurons aussi un atelier de montage de diaporamas cet automne.<\/p>\n<p style=\"text-align: justify;\">Plusieurs membres ont tout ce qu\u2019il faut pour animer un atelier. Cependant, ils n\u2019osent pas. Ont-ils peur des d\u00e9fis? L\u2019animation d\u2019un atelier est la meilleure fa\u00e7on d\u2019approfondir un sujet. Il faut oser!<\/p>\n<p style=\"text-align: justify;\">Une nouveaut\u00e9 cette ann\u00e9e, en plus des cours d\u2019initiation \u00e0 Internet donn\u00e9s dans les biblioth\u00e8ques de Saint-Bruno et de Saint-Basile, il y en aura \u00e0 la biblioth\u00e8que de Sainte Julie. Si vous connaissez des personnes qui pourraient en profiter, dites-leur de communiquer avec nous. C\u2019est gratuit et il n\u2019est m\u00eame pas n\u00e9cessaire d\u2019\u00eatre membre du club.<\/p>\n<p style=\"text-align: justify;\">Le club cherche continuellement \u00e0 am\u00e9liorer son offre. Pour y arriver, il faut des membres qui mettent la main \u00e0 la p\u00e2te. Nous avons 59 b\u00e9n\u00e9voles qui travaillent pour vous; quelques-uns de plus ne seraient pas de trop!<\/p>\n<p style=\"text-align: justify;\">R\u00e9jean C\u00f4t\u00e9<\/p>\n","protected":false},"excerpt":{"rendered":"<p>Je souhaite \u00e0 tous nos membres une bonne ann\u00e9e 2012-2013. C\u2019est encore un nouveau d\u00e9part avec plein de nouveaux d\u00e9fis. Le club entreprend sa 30e\u00a0ann\u00e9e d\u2019activit\u00e9. Trente\u00a0ans de vie pour un club informatique, c\u2019est exceptionnel!<\/p>\n","protected":false},"author":43,"featured_media":0,"comment_status":"closed","ping_status":"closed","sticky":false,"template":"","format":"standard","meta":{"footnotes":""},"categories":[11],"tags":[269,371,370,271],"class_list":["post-2819","post","type-post","status-publish","format-standard","hentry","category-mots-du-president","tag-ateliers","tag-decouverte","tag-facile","tag-presentations"],"_links":{"self":[{"href":"https:\/\/cimbcc.org\/test2\/wp-json\/wp\/v2\/posts\/2819","targetHints":{"allow":["GET"]}}],"collection":[{"href":"https:\/\/cimbcc.org\/test2\/wp-json\/wp\/v2\/posts"}],"about":[{"href":"https:\/\/cimbcc.org\/test2\/wp-json\/wp\/v2\/types\/post"}],"author":[{"embeddable":true,"href":"https:\/\/cimbcc.org\/test2\/wp-json\/wp\/v2\/users\/43"}],"replies":[{"embeddable":true,"href":"https:\/\/cimbcc.org\/test2\/wp-json\/wp\/v2\/comments?post=2819"}],"version-history":[{"count":24,"href":"https:\/\/cimbcc.org\/test2\/wp-json\/wp\/v2\/posts\/2819\/revisions"}],"predecessor-version":[{"id":26065,"href":"https:\/\/cimbcc.org\/test2\/wp-json\/wp\/v2\/posts\/2819\/revisions\/26065"}],"wp:attachment":[{"href":"https:\/\/cimbcc.org\/test2\/wp-json\/wp\/v2\/media?parent=2819"}],"wp:term":[{"taxonomy":"category","embeddable":true,"href":"https:\/\/cimbcc.org\/test2\/wp-json\/wp\/v2\/categories?post=2819"},{"taxonomy":"post_tag","embeddable":true,"href":"https:\/\/cimbcc.org\/test2\/wp-json\/wp\/v2\/tags?post=2819"}],"curies":[{"name":"wp","href":"https:\/\/api.w.org\/{rel}","templated":true}]}}