{"id":28239,"date":"2019-11-21T00:00:58","date_gmt":"2019-11-21T05:00:58","guid":{"rendered":"https:\/\/cimbcc.org\/test2\/?p=28239"},"modified":"2023-10-16T22:12:37","modified_gmt":"2023-10-17T02:12:37","slug":"echos-du-conseil-dadministration-5-novembre-2019","status":"publish","type":"post","link":"https:\/\/cimbcc.org\/test2\/echos-du-conseil-dadministration-5-novembre-2019\/","title":{"rendered":"\u00c9chos du conseil d\u2019administration &#8211; 5 novembre 2019"},"content":{"rendered":"<figure id=\"attachment_27577\" aria-describedby=\"caption-attachment-27577\" style=\"width: 500px\" class=\"wp-caption alignnone\"><img loading=\"lazy\" decoding=\"async\" class=\"size-full wp-image-27577\" src=\"https:\/\/cimbcc.org\/test2\/wp-content\/uploads\/photo_ca_-2019_2020.jpg\" alt=\"CA 2019-2020\" width=\"500\" height=\"228\" srcset=\"https:\/\/cimbcc.org\/test2\/wp-content\/uploads\/photo_ca_-2019_2020.jpg 500w, https:\/\/cimbcc.org\/test2\/wp-content\/uploads\/photo_ca_-2019_2020-300x137.jpg 300w\" sizes=\"auto, (max-width: 500px) 100vw, 500px\" \/><figcaption id=\"caption-attachment-27577\" class=\"wp-caption-text\">Sur la premi\u00e8re rang\u00e9e : Huguette Turgeon, Danielle Bourque, Danielle Barab\u00e9, Berthe Demers, Sylvie Mazur. Sur la deuxi\u00e8me rang\u00e9e : Michel C\u00f4t\u00e9, Jacques Lalibert\u00e9, Michel Gagn\u00e9, Richard Gervais, R\u00e9jean C\u00f4t\u00e9.<\/figcaption><\/figure>\n<p style=\"text-align: justify;\">\u00c0 sa r\u00e9union du 5 novembre, le conseil d\u2019administration a pris connaissance du nombre actuel de membres actifs, du prix des billets pour le souper de No\u00ebl, des priorit\u00e9s propos\u00e9es pour les dossiers \u00e0 traiter en 2019-2020, des d\u00e9marches aupr\u00e8s de la Ville de Saint-Bruno-de-Montarville en lien avec leurs locaux, de la gestion des banni\u00e8res sur le site Web du club et de la r\u00e9vision p\u00e9riodique de certaines fiches encadrant les activit\u00e9s du club.<\/p>\n<p><!--more--><\/p>\n<h4 style=\"text-align: justify;\">Membres<\/h4>\n<p style=\"text-align: justify;\">Au d\u00e9but du mois de novembre, le registre des membres comptait <strong>573 membres<\/strong> en r\u00e8gle pour l\u2019ann\u00e9e 2019-2020. Ceci se compare favorablement aux ann\u00e9es ant\u00e9rieures, bien qu&rsquo;en l\u00e9g\u00e8re baisse.<\/p>\n<h4 style=\"text-align: justify;\">Souper de No\u00ebl<\/h4>\n<p style=\"text-align: justify;\">Le souper de No\u00ebl aura lieu le 4 d\u00e9cembre 2019 \u00e0 18 h au Centre Marcel-Dulude, situ\u00e9 au 530 boulevard Clairevue Ouest, Saint-Bruno-de-Montarville.<\/p>\n<p style=\"text-align: justify;\">Le prix des billets a \u00e9t\u00e9 fix\u00e9 \u00e0 35\u00a0$ pour les membres et 45\u00a0$ pour les non-membres. Les billets sont en vente au <a href=\"https:\/\/cimbcc.org\/test2\/chalet-marie-victorin-saint-bruno\" target=\"_blank\" rel=\"noopener noreferrer\">Chalet Marie-Victorin<\/a> durant les pr\u00e9sentations du <a href=\"https:\/\/cimbcc.org\/test2\/wp-content\/uploads\/calendrier_serie_decouverte.pdf\" target=\"_blank\" rel=\"noopener noreferrer\">mercredi soir<\/a> et du <a href=\"https:\/\/cimbcc.org\/test2\/wp-content\/uploads\/calendrier_serie_facile.pdf\" target=\"_blank\" rel=\"noopener noreferrer\">vendredi apr\u00e8s-midi<\/a>.<\/p>\n<h4>Priorit\u00e9s propos\u00e9es pour 2019-2020<\/h4>\n<p style=\"text-align: justify;\">Un sondage sur les priorit\u00e9s \u00e0 attribuer en 2019-2020 aux dossiers a \u00e9t\u00e9 r\u00e9alis\u00e9 parmi les membres du conseil d&rsquo;administration.\u00a0 Il y avait cinq th\u00e8mes principaux. En ordre d\u00e9croissant de priorit\u00e9\u00a0:<\/p>\n<ol>\n<li style=\"text-align: justify;\">Atteindre un budget \u00e9quilibr\u00e9;<\/li>\n<li style=\"text-align: justify;\">Continuer \u00e0 diversifier les sujets dans la <a href=\"https:\/\/cimbcc.org\/test2\/wp-content\/uploads\/calendrier_serie_decouverte.pdf\" target=\"_blank\" rel=\"noopener noreferrer\">s\u00e9rie D\u00e9couverte<\/a>;<\/li>\n<li style=\"text-align: justify;\">Assurer la rel\u00e8ve pour les membres de l&rsquo;ex\u00e9cutif;<\/li>\n<li style=\"text-align: justify;\">Revitaliser le CHIP;<\/li>\n<li style=\"text-align: justify;\">Renouveler l&rsquo;Assembl\u00e9e g\u00e9n\u00e9rale annuelle.<\/li>\n<\/ol>\n<p style=\"text-align: justify;\">Une discussion aura lieu \u00e0 la r\u00e9union de janvier pour \u00e9tablir les actions concr\u00e8tes \u00e0 r\u00e9aliser pour respecter les priorit\u00e9s \u00e9num\u00e9r\u00e9es plus haut.<\/p>\n<h4 style=\"text-align: justify;\">Locaux de la Ville de Saint-Bruno-de-Montarville<\/h4>\n<p style=\"text-align: justify;\">Le club r\u00e9serve plusieurs locaux appartenant \u00e0 la Ville de Saint-Bruno-de-Montarville. Notre pr\u00e9sident, R\u00e9jean C\u00f4t\u00e9, a rencontr\u00e9 le personnel de la ville pour discuter de la r\u00e9servation des salles, de l&rsquo;\u00e9tat de l&rsquo;ameublement, de la disponibilit\u00e9 des cl\u00e9s ainsi que des probl\u00e8mes not\u00e9s avec le projecteur et la sonorisation au Chalet Marie-Victorin.<\/p>\n<h4>Gestion des banni\u00e8res sur le site Web du club<\/h4>\n<p style=\"text-align: justify;\">Une banni\u00e8re est toujours plac\u00e9e en haut et \u00e0 droite de la page d\u2019accueil du site Web. Elle sert \u00e0 annoncer certains \u00e9v\u00e9nements r\u00e9currents portant sur des activit\u00e9s pr\u00e9cises, par exemple, les dates d&rsquo;inscription aux ateliers. Un calendrier annuel pour ces banni\u00e8res a \u00e9t\u00e9 \u00e9tabli et il est sous la responsabilit\u00e9 de Danielle Provost.<\/p>\n<h4>Association des retrait\u00e9s de la fonction publique<\/h4>\n<p style=\"text-align: justify;\">Le pr\u00e9sident de l\u2019Association des retrait\u00e9s de la fonction publique a demand\u00e9 s&rsquo;il \u00e9tait possible d&rsquo;envoyer un conf\u00e9rencier lors d\u2019un de leurs d\u00e9jeuners mensuels. Comme nos b\u00e9n\u00e9voles sont d\u00e9j\u00e0 tr\u00e8s sollicit\u00e9s, Michel Gagn\u00e9 a plut\u00f4t invit\u00e9 les membres de cette association \u00e0 venir \u00e9couter sa pr\u00e9sentation du 22 novembre traitant de la s\u00e9curit\u00e9 dans les transactions \u00e9lectroniques. Apr\u00e8s v\u00e9rification aupr\u00e8s des retrait\u00e9s de la fonction publique, un total de 21 personnes ont manifest\u00e9 un int\u00e9r\u00eat \u00e0 se d\u00e9placer \u00e0 Saint-Bruno.<\/p>\n<h4>R\u00e9vision des fiches sur le fonctionnement du club<\/h4>\n<ul>\n<li style=\"text-align: justify;\">La Fiche 1500, <em>D\u00e9signation du Club,<\/em> a \u00e9t\u00e9 modifi\u00e9e et adopt\u00e9e \u00e0 l&rsquo;unanimit\u00e9.<\/li>\n<li style=\"text-align: justify;\">La Fiche 4600, <em>Gestion des sites Web du Club,<\/em> a \u00e9t\u00e9 adopt\u00e9e \u00e0 l&rsquo;unanimit\u00e9, telle que pr\u00e9sent\u00e9e.<\/li>\n<li style=\"text-align: justify;\">La modification de la Fiche 4700, <em>Gestion des adresses \u00e9lectroniques,<\/em> a \u00e9t\u00e9 report\u00e9e \u00e0 plus tard puisqu&rsquo;une modification d&rsquo;une des adresses \u00e9lectroniques utilis\u00e9es par le club est en cours.<\/li>\n<\/ul>\n<p>Danielle Provost et Richard Gervais, pour<br \/>\nSylvie\u00a0Mazur, secr\u00e9taire du CIMBCC<\/p>\n","protected":false},"excerpt":{"rendered":"<p>\u00c0 sa r\u00e9union du 5 novembre, le conseil d\u2019administration a pris connaissance du nombre actuel de membres actifs, du prix des billets pour le souper de No\u00ebl, des priorit\u00e9s propos\u00e9es pour les dossiers \u00e0 traiter en 2019-2020, des d\u00e9marches aupr\u00e8s de la Ville de Saint-Bruno-de-Montarville en lien avec leurs locaux, de la gestion des banni\u00e8res &hellip; <a href=\"https:\/\/cimbcc.org\/test2\/echos-du-conseil-dadministration-5-novembre-2019\/\" class=\"more-link\">Continuer la lecture de <span class=\"screen-reader-text\">\u00c9chos du conseil d\u2019administration &#8211; 5 novembre 2019<\/span>  <span class=\"meta-nav\">&rarr;<\/span><\/a><\/p>\n","protected":false},"author":43,"featured_media":0,"comment_status":"open","ping_status":"closed","sticky":false,"template":"","format":"standard","meta":{"footnotes":""},"categories":[386],"tags":[1125,975,1124,594,425,186,125,399],"class_list":["post-28239","post","type-post","status-publish","format-standard","hentry","category-echos-du-conseil-dadministration","tag-bannieres","tag-fiches-sur-le-fonctionnement","tag-invitation","tag-membres","tag-priorites","tag-saint-bruno-de-montarville","tag-site-web","tag-souper"],"_links":{"self":[{"href":"https:\/\/cimbcc.org\/test2\/wp-json\/wp\/v2\/posts\/28239","targetHints":{"allow":["GET"]}}],"collection":[{"href":"https:\/\/cimbcc.org\/test2\/wp-json\/wp\/v2\/posts"}],"about":[{"href":"https:\/\/cimbcc.org\/test2\/wp-json\/wp\/v2\/types\/post"}],"author":[{"embeddable":true,"href":"https:\/\/cimbcc.org\/test2\/wp-json\/wp\/v2\/users\/43"}],"replies":[{"embeddable":true,"href":"https:\/\/cimbcc.org\/test2\/wp-json\/wp\/v2\/comments?post=28239"}],"version-history":[{"count":11,"href":"https:\/\/cimbcc.org\/test2\/wp-json\/wp\/v2\/posts\/28239\/revisions"}],"predecessor-version":[{"id":28251,"href":"https:\/\/cimbcc.org\/test2\/wp-json\/wp\/v2\/posts\/28239\/revisions\/28251"}],"wp:attachment":[{"href":"https:\/\/cimbcc.org\/test2\/wp-json\/wp\/v2\/media?parent=28239"}],"wp:term":[{"taxonomy":"category","embeddable":true,"href":"https:\/\/cimbcc.org\/test2\/wp-json\/wp\/v2\/categories?post=28239"},{"taxonomy":"post_tag","embeddable":true,"href":"https:\/\/cimbcc.org\/test2\/wp-json\/wp\/v2\/tags?post=28239"}],"curies":[{"name":"wp","href":"https:\/\/api.w.org\/{rel}","templated":true}]}}