{"id":28475,"date":"2019-12-26T00:35:41","date_gmt":"2019-12-26T05:35:41","guid":{"rendered":"https:\/\/cimbcc.org\/test2\/?p=28475"},"modified":"2023-10-16T22:12:36","modified_gmt":"2023-10-17T02:12:36","slug":"caisses-en-libre-service-reconnaissance-faciale-et-alexa-ajoute-de-lemotion-a-son-elocution","status":"publish","type":"post","link":"https:\/\/cimbcc.org\/test2\/caisses-en-libre-service-reconnaissance-faciale-et-alexa-ajoute-de-lemotion-a-son-elocution\/","title":{"rendered":"Caisses en libre-service, reconnaissance faciale et Alexa ajoute de l&rsquo;\u00e9motion \u00e0 son \u00e9locution"},"content":{"rendered":"<figure id=\"attachment_24081\" aria-describedby=\"caption-attachment-24081\" style=\"width: 125px\" class=\"wp-caption aligncenter\"><img loading=\"lazy\" decoding=\"async\" class=\"size-full wp-image-24081\" src=\"https:\/\/cimbcc.org\/test2\/wp-content\/uploads\/photo_charron_denis.jpg\" alt=\"\" width=\"125\" height=\"125\" \/><figcaption id=\"caption-attachment-24081\" class=\"wp-caption-text\"><span style=\"color: #ffffff;\">mmm<\/span>Denis Charron<\/figcaption><\/figure>\n<p>Le monde \u00e9volue comme nous l&rsquo;expliquent les articles suivants\u00a0:<\/p>\n<ul>\n<li>caisses en libre-service ;<\/li>\n<li>reconnaissance faciale et protection de la vie priv\u00e9e ;<\/li>\n<li>Alexa ajoute de l&rsquo;\u00e9motion \u00e0 son \u00e9locution.<\/li>\n<\/ul>\n<p><!--more--><\/p>\n<hr \/>\n<h4>Caisses en libre-service<\/h4>\n<p style=\"text-align: justify;\">Plusieurs personnes d\u00e9noncent les <a href=\"https:\/\/fr.wikipedia.org\/wiki\/Caisse_en_libre-service\" target=\"_blank\" rel=\"noopener noreferrer\">caisses en libre-service<\/a> dans les commerces en disant qu&rsquo;elles font perdre des emplois de caissiers. D&rsquo;autres se plaignent du\u00a0 manque de personnel sur \u00ab le plancher \u00bb.<\/p>\n<p style=\"text-align: justify;\">Dans le contexte de p\u00e9nurie de personnel que l&rsquo;on conna\u00eet, les caisses libre-service pourraient avoir un effet positif.<\/p>\n<p style=\"text-align: justify;\">Vous trouverez plus d&rsquo;informations \u00e0 partir du site Web de <em>Radio-Canada<\/em> <a href=\"https:\/\/ici.radio-canada.ca\/premiere\/emissions\/le-15-18\/segments\/entrevue\/143726\/caisses-autonomes-automatisees-libre-service\" target=\"_blank\" rel=\"noopener noreferrer\">en cliquant ici<\/a>.<\/p>\n<hr \/>\n<h4>Reconnaissance faciale et protection de la vie priv\u00e9e<\/h4>\n<p style=\"text-align: justify;\">Voici un d\u00e9bat d&rsquo;actualit\u00e9 alors que l&rsquo;utilisation de la <a href=\"https:\/\/fr.wikipedia.org\/wiki\/Syst%C3%A8me_de_reconnaissance_faciale\" target=\"_blank\" rel=\"noopener noreferrer\">reconnaissance faciale<\/a> se multiplie. Peut-on utiliser l&rsquo;image de votre visage sans votre accord et, si oui, qui peut le faire ?<\/p>\n<p style=\"text-align: justify;\">Vous pourrez lire les points saillants du reportage que Dominique Forget a pr\u00e9sent\u00e9 r\u00e9cemment dans le cadre de l&rsquo;\u00e9mission D\u00e9couverte de <em>Radio-Canada<\/em> <a href=\"https:\/\/ici.radio-canada.ca\/nouvelle\/1409828\/facial-reconnaissance-decouverte-londres-crime-liberte\" target=\"_blank\" rel=\"noopener noreferrer\">en cliquant ici<\/a>.<\/p>\n<hr \/>\n<h4 style=\"text-align: justify;\">Alexa ajoute de l&rsquo;\u00e9motion \u00e0 son \u00e9locution<\/h4>\n<p style=\"text-align: justify;\">L&rsquo;<a href=\"https:\/\/fr.wikipedia.org\/wiki\/Intelligence_artificielle\" target=\"_blank\" rel=\"noopener noreferrer\">intelligence artificielle<\/a> est omnipr\u00e9sente dans l&rsquo;actualit\u00e9 et dans nos vies. Les <a href=\"https:\/\/fr.wikipedia.org\/wiki\/Assistant_personnel_intelligent\" target=\"_blank\" rel=\"noopener noreferrer\">assistants vocaux<\/a> d&rsquo;<a href=\"https:\/\/fr.wikipedia.org\/wiki\/Amazon_Alexa\" target=\"_blank\" rel=\"noopener noreferrer\">Amazon<\/a> et de <a href=\"https:\/\/fr.wikipedia.org\/wiki\/Google_Home\" target=\"_blank\" rel=\"noopener noreferrer\">Google<\/a> envahissent nos maisons.<\/p>\n<p style=\"text-align: justify;\">Voici qu&rsquo;<a href=\"https:\/\/fr.wikipedia.org\/wiki\/Amazon_(entreprise)\" target=\"_blank\" rel=\"noopener noreferrer\">Amazon<\/a> ajoute de l&rsquo;\u00e9motion et des accents dans la voix de son assistante vocale <a href=\"https:\/\/fr.wikipedia.org\/wiki\/Amazon_Alexa\" target=\"_blank\" rel=\"noopener noreferrer\">Alexa<\/a>. Elle pourra d\u00e9sormais afficher de la joie ou de la d\u00e9ception (seulement en anglais pour le moment).<\/p>\n<p style=\"text-align: justify;\">\u00c0 partir du site Web de <em>Radio-Canada<\/em>, vous pourrez \u00e9couter Alexa avec des exemples d&rsquo;\u00e9motions et d&rsquo;accents <a href=\"https:\/\/ici.radio-canada.ca\/nouvelle\/1409378\/alexa-amazon-assistant-vocal-enthousiasme-deception-style-voix\" target=\"_blank\" rel=\"noopener noreferrer\">en cliquant ici<\/a>.<\/p>\n<p>Denis Charron<\/p>\n<hr \/>\n<h4>Note de l&rsquo;\u00e9diteur<\/h4>\n<p style=\"text-align: justify;\">Le sujet de l&rsquo;<strong>intelligence artificielle<\/strong> a d\u00e9j\u00e0 \u00e9t\u00e9 abord\u00e9 dans des articles pr\u00e9c\u00e9dents du CHIP et voici une liste non exhaustive par ordre chronologique :<\/p>\n<p style=\"text-align: justify;\"><a href=\"https:\/\/cimbcc.org\/test2\/traiter-le-bruit-dans-les-images-avec-lintelligence-artificielle\" target=\"_blank\" rel=\"noopener noreferrer\">Traiter le bruit dans les images avec l&rsquo;intelligence artificielle<\/a>, par Richard Gervais, 20 novembre 2018.<\/p>\n<p style=\"text-align: justify;\"><a href=\"https:\/\/cimbcc.org\/test2\/montreal-la-future-silicon-valley-de-lintelligence-artificielle\" target=\"_blank\" rel=\"noopener noreferrer\">Montr\u00e9al\u00a0: la future Silicon Valley de l&rsquo;Intelligence artificielle ?<\/a> par C\u00e9line Dion, 11 juillet 2018.<\/p>\n<p style=\"text-align: justify;\"><a href=\"https:\/\/cimbcc.org\/test2\/la-technologie-en-aide-a-la-photographie\" target=\"_blank\" rel=\"noopener noreferrer\">La technologie en aide \u00e0 la photographie<\/a>, par Richard Gervais, 4\u00a0juillet 2018.<\/p>\n<p style=\"text-align: justify;\"><a href=\"https:\/\/cimbcc.org\/test2\/application-concrete-de-lintelligence-artificielle\" target=\"_blank\" rel=\"noopener noreferrer\">Application concr\u00e8te de l&rsquo;intelligence artificielle<\/a>, par Denis Charron, 27 juin 2018.<\/p>\n<p style=\"text-align: justify;\"><a href=\"https:\/\/cimbcc.org\/test2\/lintelligence-artificielle-peut-elle-debattre-avec-des-humains\" target=\"_blank\" rel=\"noopener noreferrer\">L&rsquo;intelligence artificielle peut-elle d\u00e9battre avec des humains ?<\/a>\u00a0par Michel Gagn\u00e9, 25 juin 2018.<\/p>\n<p style=\"text-align: justify;\"><a href=\"https:\/\/cimbcc.org\/test2\/lintelligence-artificielle-a-montreal\" target=\"_blank\" rel=\"noopener noreferrer\">L&rsquo;intelligence artificielle \u00e0 Montr\u00e9al<\/a>, par Michel Gagn\u00e9, 24 janvier 2018.<\/p>\n","protected":false},"excerpt":{"rendered":"<p>Le monde \u00e9volue comme nous l&rsquo;expliquent les articles suivants\u00a0: caisses en libre-service ; reconnaissance faciale et protection de la vie priv\u00e9e ; Alexa ajoute de l&rsquo;\u00e9motion \u00e0 son \u00e9locution.<\/p>\n","protected":false},"author":43,"featured_media":0,"comment_status":"open","ping_status":"closed","sticky":false,"template":"","format":"standard","meta":{"footnotes":""},"categories":[403],"tags":[112,806,822,731,978,1136],"class_list":["post-28475","post","type-post","status-publish","format-standard","hentry","category-applications","tag-achat","tag-alexa","tag-assistant-vocal","tag-intelligence-artificielle","tag-protection-de-la-vie-privee","tag-reconnaissance-faciale"],"_links":{"self":[{"href":"https:\/\/cimbcc.org\/test2\/wp-json\/wp\/v2\/posts\/28475","targetHints":{"allow":["GET"]}}],"collection":[{"href":"https:\/\/cimbcc.org\/test2\/wp-json\/wp\/v2\/posts"}],"about":[{"href":"https:\/\/cimbcc.org\/test2\/wp-json\/wp\/v2\/types\/post"}],"author":[{"embeddable":true,"href":"https:\/\/cimbcc.org\/test2\/wp-json\/wp\/v2\/users\/43"}],"replies":[{"embeddable":true,"href":"https:\/\/cimbcc.org\/test2\/wp-json\/wp\/v2\/comments?post=28475"}],"version-history":[{"count":11,"href":"https:\/\/cimbcc.org\/test2\/wp-json\/wp\/v2\/posts\/28475\/revisions"}],"predecessor-version":[{"id":28706,"href":"https:\/\/cimbcc.org\/test2\/wp-json\/wp\/v2\/posts\/28475\/revisions\/28706"}],"wp:attachment":[{"href":"https:\/\/cimbcc.org\/test2\/wp-json\/wp\/v2\/media?parent=28475"}],"wp:term":[{"taxonomy":"category","embeddable":true,"href":"https:\/\/cimbcc.org\/test2\/wp-json\/wp\/v2\/categories?post=28475"},{"taxonomy":"post_tag","embeddable":true,"href":"https:\/\/cimbcc.org\/test2\/wp-json\/wp\/v2\/tags?post=28475"}],"curies":[{"name":"wp","href":"https:\/\/api.w.org\/{rel}","templated":true}]}}