{"id":28589,"date":"2020-01-08T21:00:45","date_gmt":"2020-01-09T02:00:45","guid":{"rendered":"https:\/\/cimbcc.org\/test2\/?p=28589"},"modified":"2023-10-16T22:12:36","modified_gmt":"2023-10-17T02:12:36","slug":"bilan-des-presentations-de-lautomne-2019-et-invitation-pour-celles-de-lhiver-2020","status":"publish","type":"post","link":"https:\/\/cimbcc.org\/test2\/bilan-des-presentations-de-lautomne-2019-et-invitation-pour-celles-de-lhiver-2020\/","title":{"rendered":"Bilan des pr\u00e9sentations de l&rsquo;automne 2019 et invitation pour celles de l&rsquo;hiver 2020"},"content":{"rendered":"<figure id=\"attachment_23657\" aria-describedby=\"caption-attachment-23657\" style=\"width: 255px\" class=\"wp-caption aligncenter\"><img loading=\"lazy\" decoding=\"async\" class=\"size-full wp-image-23657\" src=\"https:\/\/cimbcc.org\/test2\/wp-content\/uploads\/CHP-2019-01-10-Dufresne_B\u00e9langer.jpg\" alt=\"\" width=\"255\" height=\"125\" \/><figcaption id=\"caption-attachment-23657\" class=\"wp-caption-text\"><span style=\"color: #ffffff;\">mmn<\/span>C\u00e9line Dufresne\u00a0 \u00a0 \u00a0 \u00a0 \u00a0 \u00a0 \u00a0 \u00a0 \u00a0 \u00a0 \u00a0 \u00a0 Guy B\u00e9langer<\/figcaption><\/figure>\n<p style=\"text-align: justify;\">Le d\u00e9but du mois de janvier marque le retour des pr\u00e9sentations des s\u00e9ries Facile et D\u00e9couverte auxquelles vous \u00eates tous cordialement invit\u00e9(e)s \u00e0 assister.<\/p>\n<p style=\"text-align: justify;\">Toutefois, avant d\u2019aborder la saison de l&rsquo;hiver 2020, nous d\u00e9sirons pr\u00e9senter un bilan de la saison de l&rsquo;automne 2019.<\/p>\n<p style=\"text-align: justify;\"><!--more--><\/p>\n<hr \/>\n<h4>Pr\u00e9sentations de l&rsquo;automne 2019<\/h4>\n<h5><em>S\u00e9rie Facile<\/em><\/h5>\n<p style=\"text-align: justify;\">Les pr\u00e9sentations de la <a href=\"https:\/\/cimbcc.org\/test2\/wp-content\/uploads\/calendrier_serie_facile.pdf\" target=\"_blank\" rel=\"noopener noreferrer\">s\u00e9rie Facile<\/a>, au programme les vendredis de l&rsquo;automne 2019, ont \u00e9t\u00e9 des reprises de l\u2019ann\u00e9e pr\u00e9c\u00e9dente et ont port\u00e9 sur les sujets suivants.<\/p>\n<ul>\n<li style=\"text-align: justify;\">La <strong>d\u00e9couverte du navigateur Web<\/strong> <a href=\"https:\/\/fr.wikipedia.org\/wiki\/Google_Chrome\" target=\"_blank\" rel=\"noopener noreferrer\"><strong>Chrome<\/strong><\/a> de Google avec Michel Gagn\u00e9 et Sylvain Garneau.<\/li>\n<li style=\"text-align: justify;\">L\u2019exploration de la nature des <a href=\"https:\/\/fr.wikipedia.org\/wiki\/Fichier_informatique\" target=\"_blank\" rel=\"noopener noreferrer\"><strong>fichiers<\/strong><\/a> et des <a href=\"https:\/\/fr.wikipedia.org\/wiki\/R%C3%A9pertoire_(informatique)\" target=\"_blank\" rel=\"noopener noreferrer\"><strong>dossiers<\/strong><\/a> et l\u2019application de ces outils pour la <strong>gestion de nos <a href=\"https:\/\/fr.wikipedia.org\/wiki\/Appareil_photographique_num%C3%A9rique\" target=\"_blank\" rel=\"noopener noreferrer\">photos<\/a><\/strong> pr\u00e9sentes sur notre ordinateur avec Francine Couture.<\/li>\n<li style=\"text-align: justify;\">La d\u00e9couverte de l\u2019application <a href=\"https:\/\/fr.wikipedia.org\/wiki\/Outlook.com\" target=\"_blank\" rel=\"noopener noreferrer\"><strong>Outlook<\/strong><\/a> pour la r\u00e9ception, l\u2019exp\u00e9dition et la gestion de nos courriels avec Rita Olsthoorn. Michel Gagn\u00e9 a ensuite trait\u00e9 de <a href=\"https:\/\/fr.wikipedia.org\/wiki\/Hame%C3%A7onnage\" target=\"_blank\" rel=\"noopener noreferrer\">s\u00e9curit\u00e9<\/a> associ\u00e9e \u00e0 Outlook.<\/li>\n<li style=\"text-align: justify;\">R\u00e9jean C\u00f4t\u00e9 nous a pr\u00e9sent\u00e9 de nouveaux \u00e9l\u00e9ments de <a href=\"https:\/\/fr.wikipedia.org\/wiki\/Windows_10\" target=\"_blank\" rel=\"noopener noreferrer\"><strong>Windows\u00a010<\/strong><\/a> avec un accent sur la s\u00e9curit\u00e9.<\/li>\n<li style=\"text-align: justify;\">Les d\u00e9marches pour s\u2019abonner et utiliser de fa\u00e7on s\u00e9curitaire l\u2019incontournable r\u00e9seau social <strong><a href=\"https:\/\/fr.wikipedia.org\/wiki\/Facebook\" target=\"_blank\" rel=\"noopener noreferrer\">Facebook<\/a><\/strong> ont \u00e9t\u00e9 revues en d\u00e9tail par Sylvain Garneau.<\/li>\n<li style=\"text-align: justify;\">La <strong>sensibilisation \u00e0 la s\u00e9curit\u00e9 informatique<\/strong> est une mission du CIMBCC. \u00c0 cet effet, Michel Gagn\u00e9 nous a prodigu\u00e9 diverses pratiques essentielles pour assurer que nos transactions bancaires se r\u00e9alisent en toute <a href=\"https:\/\/fr.wikipedia.org\/wiki\/Ing%C3%A9nierie_sociale_(s%C3%A9curit%C3%A9_de_l%27information)\" target=\"_blank\" rel=\"noopener noreferrer\">s\u00e9curit\u00e9<\/a>.<\/li>\n<li style=\"text-align: justify;\">Divers outils fournis par Google ont \u00e9t\u00e9 pr\u00e9sent\u00e9s (<strong><a href=\"https:\/\/fr.wikipedia.org\/wiki\/Google_Maps\" target=\"_blank\" rel=\"noopener noreferrer\">Google Maps<\/a><\/strong> et les r\u00e9sultats de recherche entre autres). De plus, Guy B\u00e9langer nous a expliqu\u00e9 le danger des fausses nouvelles, les fameux <a href=\"https:\/\/fr.wikipedia.org\/wiki\/Fake_news\" target=\"_blank\" rel=\"noopener noreferrer\"><em>Fake News<\/em><\/a>.<\/li>\n<\/ul>\n<hr \/>\n<h5><em>S\u00e9rie D\u00e9couverte<\/em><\/h5>\n<p style=\"text-align: justify;\">Comme pour l\u2019an dernier, le club a pr\u00e9sent\u00e9 dans sa <a href=\"https:\/\/cimbcc.org\/test2\/wp-content\/uploads\/calendrier_serie_decouverte.pdf\" target=\"_blank\" rel=\"noopener noreferrer\">s\u00e9rie D\u00e9couverte<\/a> de nouveaux sujets qui visaient \u00e0 aborder des th\u00e8mes originaux.<\/p>\n<ul style=\"text-align: justify;\">\n<li>Le fonctionnement des <a href=\"https:\/\/fr.wikipedia.org\/wiki\/Global_Positioning_System\" target=\"_blank\" rel=\"noopener noreferrer\"><strong>GPS<\/strong><\/a> et l\u2019activit\u00e9 du <a href=\"https:\/\/fr.wikipedia.org\/wiki\/G%C3%A9ocaching\" target=\"_blank\" rel=\"noopener noreferrer\"><strong>g\u00e9ocaching<\/strong><\/a> avec Michel Paul.<\/li>\n<li>R\u00e9jean C\u00f4t\u00e9 nous a pr\u00e9sent\u00e9 divers volets du syst\u00e8me d\u2019exploitation <a href=\"https:\/\/fr.wikipedia.org\/wiki\/Historique_des_versions_de_Windows_10\" target=\"_blank\" rel=\"noopener noreferrer\"><strong>Windows 10<\/strong><\/a>.<\/li>\n<li>Michel Gagn\u00e9 a d\u00e9mystifi\u00e9 la nouvelle monnaie virtuelle que sont les <a href=\"https:\/\/fr.wikipedia.org\/wiki\/Bitcoin\" target=\"_blank\" rel=\"noopener noreferrer\"><strong>bitcoins<\/strong><\/a> et les <strong><a href=\"https:\/\/fr.wikipedia.org\/wiki\/Blockchain\" target=\"_blank\" rel=\"noopener noreferrer\">cha\u00eenes de blocs<\/a><\/strong>.<\/li>\n<li>Pour la <strong>planification de nos voyages<\/strong>, Bruno Fournier nous a propos\u00e9 divers outils disponibles sur le Web pour r\u00e9ussir nos d\u00e9placements.<\/li>\n<li>Le logiciel <strong><a href=\"https:\/\/fr.wikipedia.org\/wiki\/Microsoft_Word\" target=\"_blank\" rel=\"noopener noreferrer\">Word<\/a><\/strong> est un traitement de texte puissant et tr\u00e8s populaire. C\u00e9line Dufresne et Michel Paul nous ont pr\u00e9sent\u00e9 les nouveaut\u00e9s de la derni\u00e8re version de cet outil.<\/li>\n<li>Les <a href=\"https:\/\/fr.wikipedia.org\/wiki\/Tablette_tactile\" target=\"_blank\" rel=\"noopener noreferrer\"><strong>tablettes<\/strong><\/a> sont des outils informatiques des plus populaires. Gilles Lepage nous a propos\u00e9 diverses applications que l\u2019on peut t\u00e9l\u00e9charger sur ces \u00e9quipements.<\/li>\n<li>Denis Charron nous a sensibilis\u00e9s \u00e0 deux applications de Google, soit l\u2019utilisation du nuage <a href=\"https:\/\/fr.wikipedia.org\/wiki\/Google_Drive\" target=\"_blank\" rel=\"noopener noreferrer\"><strong>Google Drive<\/strong><\/a> pour le stockage de nos documents et de <a href=\"https:\/\/fr.wikipedia.org\/wiki\/Google_Photos\" target=\"_blank\" rel=\"noopener noreferrer\"><strong>Google Photos<\/strong><\/a> pour la gestion de nos photos.<\/li>\n<li>De plus en plus, nous pouvons r\u00e9aliser de nombreuses transactions bancaires via le Web. Berthe Demers a pass\u00e9 en revue diverses op\u00e9rations offertes avec <a href=\"https:\/\/accweb.mouv.desjardins.com\/identifiantunique\/identification?domaineVirtuel=desjardins&amp;langueCible=fr\" target=\"_blank\" rel=\"noopener noreferrer\"><strong>Acc\u00e8s\u00a0D<\/strong><\/a> de Desjardins.<\/li>\n<li>Michel Gagn\u00e9 nous a propos\u00e9 la d\u00e9couverte d\u2019un logiciel utilitaire d\u00e9velopp\u00e9 au Qu\u00e9bec pour produire des documents sans faute, soit <a href=\"https:\/\/fr.wikipedia.org\/wiki\/Antidote_(logiciel)\" target=\"_blank\" rel=\"noopener noreferrer\"><strong>Antidote<\/strong><\/a>.<\/li>\n<li>Les <a href=\"https:\/\/fr.wikipedia.org\/wiki\/Enceinte_connect%C3%A9e\" target=\"_blank\" rel=\"noopener noreferrer\"><strong>haut-parleurs connect\u00e9s<\/strong><\/a> sont des appareils assez r\u00e9cents offerts par diff\u00e9rentes compagnies (Google, Apple, Amazon) et Sylvain Garneau nous a trac\u00e9 leur historique et leur fonctionnement.<\/li>\n<li>L\u2019application <a href=\"https:\/\/fr.wikipedia.org\/wiki\/GIMP\" target=\"_blank\" rel=\"noopener noreferrer\"><strong>GIMP<\/strong><\/a> est un outil pour am\u00e9liorer le rendu de nos photos. Robert Lachance a illustr\u00e9 les performances de cet outil.<\/li>\n<li>Sylvain Garneau nous a fait part de son cheminement vers l\u2019<strong>achat d\u2019un <a href=\"https:\/\/fr.wikipedia.org\/wiki\/Voiture_%C3%A9lectrique\" target=\"_blank\" rel=\"noopener noreferrer\">v\u00e9hicule \u00e9lectrique<\/a><\/strong>.<\/li>\n<li>Youssef Tijani a pass\u00e9 en revue diff\u00e9rentes technologies de <a href=\"https:\/\/fr.wikipedia.org\/wiki\/Sauvegarde_(informatique)\" target=\"_blank\" rel=\"noopener noreferrer\"><strong>stockage de documents et fichiers<\/strong><\/a>.<\/li>\n<li>Enfin, R\u00e9jean Bouchard a fait l\u2019historique et la description d\u2019une technologie qui \u00e9tait utilis\u00e9e depuis quelques ann\u00e9es par l\u2019industrie, mais qui se r\u00e9pand dans le grand public, soit les <a href=\"https:\/\/fr.wikipedia.org\/wiki\/Sauvegarde_(informatique)\" target=\"_blank\" rel=\"noopener noreferrer\"><strong>imprimantes \u00e0 trois dimensions<\/strong><\/a>.<\/li>\n<\/ul>\n<hr \/>\n<p style=\"text-align: justify;\">La figure 1 illustre le nombre de personnes qui ont assist\u00e9 aux diverses s\u00e9ances pour l\u2019automne 2018 et l\u2019automne 2019. Les dates r\u00e9f\u00e8rent \u00e0 la saison de l&rsquo;automne 2019. Il est \u00e0 noter que le nombre de personnes assistant aux diverses s\u00e9ances a d\u00e9pass\u00e9 la barre de 80 personnes pour 43,5% des pr\u00e9sentations en 2019 comparativement \u00e0 59,0% pour la saison 2018. Cette baisse d\u2019achalandage est potentiellement attribuable \u00e0 la baisse du nombre de membres du club.<\/p>\n<p><img loading=\"lazy\" decoding=\"async\" class=\"aligncenter size-full wp-image-28591\" src=\"https:\/\/cimbcc.org\/test2\/wp-content\/uploads\/chip_2020_01_09_bilan_presentations_1.jpg\" alt=\"\" width=\"605\" height=\"284\" srcset=\"https:\/\/cimbcc.org\/test2\/wp-content\/uploads\/chip_2020_01_09_bilan_presentations_1.jpg 605w, https:\/\/cimbcc.org\/test2\/wp-content\/uploads\/chip_2020_01_09_bilan_presentations_1-300x141.jpg 300w\" sizes=\"auto, (max-width: 605px) 100vw, 605px\" \/><\/p>\n<hr \/>\n<p style=\"text-align: justify;\">La figure 2 repr\u00e9sente le total des personnes qui ont assist\u00e9 en 2018 et 2019 aux diff\u00e9rentes s\u00e9ances et illustre aussi la r\u00e9duction de l\u2019achalandage \u00e0 la fois pour les s\u00e9ries Facile et D\u00e9couverte.<\/p>\n<p><img loading=\"lazy\" decoding=\"async\" class=\"aligncenter size-full wp-image-28592\" src=\"https:\/\/cimbcc.org\/test2\/wp-content\/uploads\/chip_2020_01_09_bilan_presentations_2.jpg\" alt=\"\" width=\"605\" height=\"300\" srcset=\"https:\/\/cimbcc.org\/test2\/wp-content\/uploads\/chip_2020_01_09_bilan_presentations_2.jpg 605w, https:\/\/cimbcc.org\/test2\/wp-content\/uploads\/chip_2020_01_09_bilan_presentations_2-300x149.jpg 300w\" sizes=\"auto, (max-width: 605px) 100vw, 605px\" \/><\/p>\n<hr \/>\n<p style=\"text-align: justify;\">La figure 3 indique, comme par les ann\u00e9es pass\u00e9es, que les s\u00e9ances de la s\u00e9rie Facile sont plus courues que les s\u00e9ances de la s\u00e9rie D\u00e9couverte. Ce ph\u00e9nom\u00e8ne n\u2019est pas nouveau, car il a \u00e9t\u00e9 observ\u00e9 depuis quelques ann\u00e9es.<\/p>\n<p><img loading=\"lazy\" decoding=\"async\" class=\"aligncenter size-full wp-image-28593\" src=\"https:\/\/cimbcc.org\/test2\/wp-content\/uploads\/chip_2020_01_09_bilan_presentations_3.jpg\" alt=\"\" width=\"605\" height=\"255\" srcset=\"https:\/\/cimbcc.org\/test2\/wp-content\/uploads\/chip_2020_01_09_bilan_presentations_3.jpg 605w, https:\/\/cimbcc.org\/test2\/wp-content\/uploads\/chip_2020_01_09_bilan_presentations_3-300x126.jpg 300w\" sizes=\"auto, (max-width: 605px) 100vw, 605px\" \/><\/p>\n<hr \/>\n<h5><em>Capsules informatiques avant les pr\u00e9sentations<\/em><\/h5>\n<p style=\"text-align: justify;\">Une exp\u00e9rience a aussi \u00e9t\u00e9 men\u00e9e dans le cadre de la s\u00e9rie D\u00e9couverte des mercredis. C\u00e9line Dufresne, aid\u00e9e de Michel Paul, a pr\u00e9par\u00e9 de courtes capsules d\u00e9crivant des proc\u00e9dures pour am\u00e9liorer votre exp\u00e9rience informatique.<\/p>\n<p style=\"text-align: justify;\">Ces tutoriels, portant sur les sujets suivants, \u00e9taient pr\u00e9sent\u00e9s en boucle, avant chaque s\u00e9ance, et visibles sur un ordinateur d\u00e9di\u00e9.<\/p>\n<ul>\n<li style=\"text-align: justify;\">Logiciels gratuits dans <a href=\"https:\/\/fr.wikipedia.org\/wiki\/Microsoft_Store\" target=\"_blank\" rel=\"noopener noreferrer\">Microsoft Store<\/a> pour am\u00e9liorer la pr\u00e9sentation de photos.<\/li>\n<li style=\"text-align: justify;\">La personnalisation de votre <a href=\"https:\/\/fr.wikipedia.org\/wiki\/%C3%89cran_d%27accueil\" target=\"_blank\" rel=\"noopener noreferrer\">\u00e9cran d\u2019accueil<\/a>.<\/li>\n<li style=\"text-align: justify;\">R\u00e9alisation d\u2019un <a href=\"https:\/\/fr.wikipedia.org\/wiki\/%C3%89cran_de_veille\" target=\"_blank\" rel=\"noopener noreferrer\">\u00e9cran de veille<\/a> (<em>screen saver<\/em>) avec vos photos favorites.<\/li>\n<\/ul>\n<p style=\"text-align: justify;\">Ces capsules ne seront pas pr\u00e9sent\u00e9es durant la saison de l&rsquo;hiver 2020, car elles visaient l\u2019auditoire du mercredi de la s\u00e9rie D\u00e9couverte.<\/p>\n<hr \/>\n<h4 style=\"text-align: justify;\">Pr\u00e9sentations de l&rsquo;hiver 2020<\/h4>\n<p style=\"text-align: justify;\">Nous d\u00e9sirons souligner que chaque membre peut inviter, sans frais, des non-membres pour assister \u00e0 <strong>une<\/strong> s\u00e9ance du mercredi ou du vendredi. Cette politique vise \u00e0 faire mieux conna\u00eetre le CIMBCC et \u00e9ventuellement augmenter le nombre de membres.<\/p>\n<h5><em>S\u00e9rie Facile<\/em><\/h5>\n<p style=\"text-align: justify;\">Pour la saison de l&rsquo;hiver 2020, les pr\u00e9sentations de la <a href=\"https:\/\/cimbcc.org\/test2\/wp-content\/uploads\/calendrier_serie_facile.pdf\" target=\"_blank\" rel=\"noopener noreferrer\">s\u00e9rie Facile<\/a> seront reprises totalement <strong>les <span style=\"color: #ff0000;\">mercredis<\/span> de 19 h 30 \u00e0 21 h 45<\/strong>.<\/p>\n<h5><em>S\u00e9rie D\u00e9couverte<\/em><\/h5>\n<p style=\"text-align: justify;\">Pour la <a href=\"https:\/\/cimbcc.org\/test2\/wp-content\/uploads\/calendrier_serie_decouverte.pdf\" target=\"_blank\" rel=\"noopener noreferrer\">s\u00e9rie D\u00e9couverte<\/a>, la grande majorit\u00e9 des sujets trait\u00e9s \u00e0 l\u2019automne seront repris <strong>les <span style=\"color: #ff0000;\">vendredis<\/span> apr\u00e8s-midi de 13 h 15 \u00e0 15\u00a0h\u00a030<\/strong>.<\/p>\n<h5><em>Assembl\u00e9e g\u00e9n\u00e9rale annuelle<\/em><\/h5>\n<p style=\"text-align: justify;\">Notons aussi que l\u2019assembl\u00e9e annuelle sera tenue le <strong>mercredi 15\u00a0avril<\/strong>. Nous vous attendons en grand nombre pour partager la vie d\u00e9mocratique du club.<\/p>\n<hr \/>\n<h4>Remerciements et rappels<\/h4>\n<p style=\"text-align: justify;\">Enfin, un grand merci pour le s\u00e9rieux et le temps que les <strong>pr\u00e9sentatrices<\/strong> et <strong>pr\u00e9sentateurs<\/strong> ont consacr\u00e9 \u00e0 la pr\u00e9paration et la prestation des diff\u00e9rents sujets techniques.<\/p>\n<p style=\"text-align: justify;\">Nous remercions aussi tous les <strong>b\u00e9n\u00e9voles<\/strong> qui rendent nos pr\u00e9sentations possibles et agr\u00e9ables : l\u2019accueil, l&rsquo;assistance technique, la mise en place de la salle et sa remise en \u00e9tat, le service du caf\u00e9 et la mise \u00e0 la disposition des copies des exercices de la s\u00e9rie facile.<\/p>\n<p style=\"text-align: justify;\">Nous avons eu \u00e0 vivre avec des probl\u00e8mes techniques, audio et vid\u00e9o, occasionn\u00e9s par l\u2019installation de nouveaux appareils par la Ville de Saint-Bruno-de-Montarville. Nous souhaitons que les pr\u00e9sentations de l\u2019hiver ne soient pas trop perturb\u00e9es par ces rat\u00e9s.<\/p>\n<p style=\"text-align: justify;\">Nous d\u00e9sirons vous <a href=\"https:\/\/cimbcc.org\/test2\/le-club-2\/avertissement\" target=\"_blank\" rel=\"noopener noreferrer\">rappeler<\/a> que le CIMBCC ne peut pas \u00eatre tenu l\u00e9galement responsable des informations et conseils livr\u00e9s lors des pr\u00e9sentations.<\/p>\n<hr \/>\n<h4>En cas de mauvaise temp\u00e9rature<\/h4>\n<p style=\"text-align: justify;\">En conclusion, nous vous invitons \u00e0 consulter le programme des pr\u00e9sentations par l&rsquo;entremise de la <a href=\"https:\/\/cimbcc.org\/test2\" target=\"_blank\" rel=\"noopener noreferrer\">page d\u2019accueil<\/a> du site Web du club pour conna\u00eetre les sujets trait\u00e9s et pour vous assurer que les pr\u00e9sentations pr\u00e9vues sont toujours au programme (annulation en cas de temp\u00eate de neige).<\/p>\n<p style=\"text-align: justify;\">C&rsquo;est aussi sur la <a href=\"https:\/\/cimbcc.org\/test2\" target=\"_blank\" rel=\"noopener noreferrer\">page d&rsquo;accueil<\/a> du site Web qu&rsquo;il est possible d&rsquo;avoir acc\u00e8s aux notes des pr\u00e9sentations (exercices ou fichiers PowerPoint).<\/p>\n<hr \/>\n<h4>Invitation \u00e0 venir nous rencontrer<\/h4>\n<p style=\"text-align: justify;\">Nous vous attendons nombreux cet hiver pour partager nos connaissances et int\u00e9r\u00eats pour diverses facettes de l\u2019informatique.<\/p>\n<p style=\"text-align: justify;\">N\u2019h\u00e9sitez pas \u00e0 nous soumettre des suggestions pour des futures pr\u00e9sentations pour la saison 2020-2021. Nous sommes toujours \u00e0 la recherche des nouveaux sujets pour r\u00e9pondre aux besoins des membres.<\/p>\n<p style=\"text-align: justify;\">C\u00e9line Dufresne et Guy B\u00e9langer<br \/>\nCo-responsables des pr\u00e9sentations du mercredi et vendredi<\/p>\n","protected":false},"excerpt":{"rendered":"<p>Le d\u00e9but du mois de janvier marque le retour des pr\u00e9sentations des s\u00e9ries Facile et D\u00e9couverte auxquelles vous \u00eates tous cordialement invit\u00e9(e)s \u00e0 assister. Toutefois, avant d\u2019aborder la saison de l&rsquo;hiver 2020, nous d\u00e9sirons pr\u00e9senter un bilan de la saison de l&rsquo;automne 2019.<\/p>\n","protected":false},"author":43,"featured_media":0,"comment_status":"open","ping_status":"closed","sticky":false,"template":"","format":"standard","meta":{"footnotes":""},"categories":[402],"tags":[126,79,371,370,1036,271,1037],"class_list":["post-28589","post","type-post","status-publish","format-standard","hentry","category-activites-du-club","tag-benevoles","tag-bilan","tag-decouverte","tag-facile","tag-presentateurs","tag-presentations","tag-presentatrices"],"_links":{"self":[{"href":"https:\/\/cimbcc.org\/test2\/wp-json\/wp\/v2\/posts\/28589","targetHints":{"allow":["GET"]}}],"collection":[{"href":"https:\/\/cimbcc.org\/test2\/wp-json\/wp\/v2\/posts"}],"about":[{"href":"https:\/\/cimbcc.org\/test2\/wp-json\/wp\/v2\/types\/post"}],"author":[{"embeddable":true,"href":"https:\/\/cimbcc.org\/test2\/wp-json\/wp\/v2\/users\/43"}],"replies":[{"embeddable":true,"href":"https:\/\/cimbcc.org\/test2\/wp-json\/wp\/v2\/comments?post=28589"}],"version-history":[{"count":16,"href":"https:\/\/cimbcc.org\/test2\/wp-json\/wp\/v2\/posts\/28589\/revisions"}],"predecessor-version":[{"id":28594,"href":"https:\/\/cimbcc.org\/test2\/wp-json\/wp\/v2\/posts\/28589\/revisions\/28594"}],"wp:attachment":[{"href":"https:\/\/cimbcc.org\/test2\/wp-json\/wp\/v2\/media?parent=28589"}],"wp:term":[{"taxonomy":"category","embeddable":true,"href":"https:\/\/cimbcc.org\/test2\/wp-json\/wp\/v2\/categories?post=28589"},{"taxonomy":"post_tag","embeddable":true,"href":"https:\/\/cimbcc.org\/test2\/wp-json\/wp\/v2\/tags?post=28589"}],"curies":[{"name":"wp","href":"https:\/\/api.w.org\/{rel}","templated":true}]}}