{"id":28850,"date":"2020-01-23T00:00:09","date_gmt":"2020-01-23T05:00:09","guid":{"rendered":"https:\/\/cimbcc.org\/test2\/?p=28850"},"modified":"2023-10-16T22:12:36","modified_gmt":"2023-10-17T02:12:36","slug":"echos-du-conseil-dadministration-7-janvier-2020","status":"publish","type":"post","link":"https:\/\/cimbcc.org\/test2\/echos-du-conseil-dadministration-7-janvier-2020\/","title":{"rendered":"\u00c9chos du conseil d\u2019administration \u2014 7 janvier 2020"},"content":{"rendered":"<figure id=\"attachment_27577\" aria-describedby=\"caption-attachment-27577\" style=\"width: 500px\" class=\"wp-caption alignnone\"><img loading=\"lazy\" decoding=\"async\" class=\"size-full wp-image-27577\" src=\"https:\/\/cimbcc.org\/test2\/wp-content\/uploads\/photo_ca_-2019_2020.jpg\" alt=\"CA 2019-2020\" width=\"500\" height=\"228\" srcset=\"https:\/\/cimbcc.org\/test2\/wp-content\/uploads\/photo_ca_-2019_2020.jpg 500w, https:\/\/cimbcc.org\/test2\/wp-content\/uploads\/photo_ca_-2019_2020-300x137.jpg 300w\" sizes=\"auto, (max-width: 500px) 100vw, 500px\" \/><figcaption id=\"caption-attachment-27577\" class=\"wp-caption-text\">Sur la premi\u00e8re rang\u00e9e : Huguette Turgeon, Danielle Bourque, Danielle Barab\u00e9, Berthe Demers, Sylvie Mazur. Sur la deuxi\u00e8me rang\u00e9e : Michel C\u00f4t\u00e9, Jacques Lalibert\u00e9, Michel Gagn\u00e9, Richard Gervais, R\u00e9jean C\u00f4t\u00e9.<\/figcaption><\/figure>\n<p style=\"text-align: justify;\">La premi\u00e8re r\u00e9union de l\u2019ann\u00e9e 2020 a eu lieu le 7 janvier. Les administrateurs du Club ont pris connaissance du rapport pr\u00e9sent\u00e9 par la tr\u00e9sori\u00e8re et ils ont not\u00e9 l\u2019urgence de trouver une personne b\u00e9n\u00e9vole pour coordonner la tenue d\u2019une activit\u00e9 importante du Club.<\/p>\n<p style=\"text-align: justify;\">Le conseil d\u2019administration a aussi fait le point sur les moyens mis en \u0153uvre pour l\u2019atteinte des objectifs prioritaires de 2019-2020 et il a \u00e9t\u00e9 inform\u00e9 du bilan des ateliers de l\u2019automne dernier.<\/p>\n<p><!--more--><\/p>\n<hr \/>\n<h4><strong>Rapport financier<\/strong><\/h4>\n<p style=\"text-align: justify;\">Danielle\u00a0Barab\u00e9 a d\u00e9pos\u00e9 son rapport mensuel compos\u00e9 du suivi budg\u00e9taire et des pr\u00e9visions de fin d\u2019ann\u00e9e. Le conseil a \u00e9t\u00e9 heureux de constater que le budget est assez bien respect\u00e9. Cet \u00e9tat de fait permet d\u2019explorer s\u00e9rieusement la possibilit\u00e9 de faire, d\u00e8s cette ann\u00e9e, la mise \u00e0 jour de la <a href=\"https:\/\/fr.wikipedia.org\/wiki\/Microsoft_Office\" target=\"_blank\" rel=\"noopener noreferrer\">suite Office<\/a> sur les ordinateurs du Club (actuellement, ces ordinateurs sont \u00e9quip\u00e9s de la suite Office\u00a02007 ou Office 2010). La d\u00e9cision sera prise \u00e0 la r\u00e9union de f\u00e9vrier apr\u00e8s l\u2019analyse des possibilit\u00e9s et des co\u00fbts.<\/p>\n<p style=\"text-align: justify;\">Le conseil d\u2019administration a tenu \u00e0 remercier l\u2019\u00e9quipe des activit\u00e9s sociales d\u2019avoir respect\u00e9 les contraintes budg\u00e9taires qui lui avaient \u00e9t\u00e9 signifi\u00e9es pour le souper de No\u00ebl. Cette activit\u00e9 annuelle du Club a connu tout le succ\u00e8s habituel malgr\u00e9 les contraintes impos\u00e9es.<\/p>\n<p style=\"text-align: justify;\">Le conseil a approuv\u00e9 le paiement de la prime d\u2019assurances qui couvre les activit\u00e9s du Club. Il a aussi approuv\u00e9 le paiement d\u2019une facture de la Ville de Saint-Bruno-de-Montarville pour la location de salles et les photocopies r\u00e9alis\u00e9es entre septembre et d\u00e9cembre\u00a02019. Enfin, le conseil a autoris\u00e9 la d\u00e9pense n\u00e9cessaire \u00e0 la tenue du brunch des b\u00e9n\u00e9voles du 19\u00a0janvier.<\/p>\n<hr \/>\n<h4><strong>B\u00e9n\u00e9voles recherch\u00e9s<\/strong><\/h4>\n<p style=\"text-align: justify;\">En plus des <a href=\"https:\/\/cimbcc.org\/test2\/le-club-2\/benevoles-demandes\" target=\"_blank\" rel=\"noopener noreferrer\">b\u00e9n\u00e9voles recherch\u00e9s<\/a> \u00e9num\u00e9r\u00e9s sur le site Web, il faut trouver le plus t\u00f4t possible une personne qui acceptera d\u2019assurer la <strong>coordination de la <em>Journ\u00e9e d\u2019information et d\u2019inscription<\/em><\/strong> de septembre prochain. Sa formation sera assur\u00e9e par la responsable actuelle et elle pourra compter sur une organisation bien rod\u00e9e ainsi que des collaboratrices et des collaborateurs exp\u00e9riment\u00e9s.<\/p>\n<hr \/>\n<h4 style=\"text-align: justify;\"><strong>Objectifs prioritaires pour 2019-2020<\/strong><\/h4>\n<h5 style=\"text-align: justify;\"><em>R\u00e9duction des d\u00e9penses\u00a0pour l\u2019atteinte d\u2019un budget \u00e9quilibr\u00e9<\/em><\/h5>\n<p style=\"text-align: justify;\">Le rapport de la tr\u00e9sori\u00e8re a t\u00e9moign\u00e9 des efforts fournis jusqu&rsquo;\u00e0 maintenant pour atteindre ce but.<\/p>\n<h5 style=\"text-align: justify;\"><em>Faire la promotion du Club pour susciter de nouvelles adh\u00e9sions<\/em><\/h5>\n<p style=\"text-align: justify;\">Des activit\u00e9s de promotion ont \u00e9t\u00e9 r\u00e9alis\u00e9es r\u00e9cemment.<\/p>\n<ul>\n<li style=\"text-align: justify;\">Les membres de l\u2019<a href=\"https:\/\/www.facebook.com\/Association-qu%C3%A9b%C3%A9coise-des-retrait%C3%A9es-des-secteurs-public-et-parapublic-278696235497752\/\" target=\"_blank\" rel=\"noopener noreferrer\">Association qu\u00e9b\u00e9coise des retrait\u00e9s des secteurs publics et parapublics<\/a> ont \u00e9t\u00e9 invit\u00e9s \u00e0 assister \u00e0 la pr\u00e9sentation du 22 novembre 2019. Dix-sept se sont pr\u00e9sent\u00e9s et cinq sont devenus membres du Club.<\/li>\n<li style=\"text-align: justify;\">Les <a href=\"https:\/\/www.groupepensionnesbell.ca\/index2.php?lang=fr&amp;chapt=corporate\" target=\"_blank\" rel=\"noopener noreferrer\">retrait\u00e9s de Bell Canada<\/a> et les membres du club des <a href=\"https:\/\/vbdl.wordpress.com\/\" target=\"_blank\" rel=\"noopener noreferrer\">Vieux branch\u00e9s de Longueuil<\/a> ont \u00e9t\u00e9 invit\u00e9s \u00e0 assister \u00e0 la pr\u00e9sentation du 17 janvier 2020. Au moment de publier ce texte, nous avons appris que dix retrait\u00e9s de Bell se sont pr\u00e9sent\u00e9s et que deux d\u2019entre eux sont devenus membres du Club. Cinq membres du club des Vieux branch\u00e9s ont aussi assist\u00e9 \u00e0 la pr\u00e9sentation.<\/li>\n<\/ul>\n<h5><em>Assurer la rel\u00e8ve de l\u2019ex\u00e9cutif<\/em><\/h5>\n<p style=\"text-align: justify;\">Le conseil d\u2019administration a constat\u00e9 qu\u2019il fallait non seulement assurer la rel\u00e8ve de l\u2019ex\u00e9cutif, mais aussi celle des administrateurs du Club. Le conseil peut \u00eatre form\u00e9 de douze membres r\u00e9guliers \u00e9lus par les membres. Les prochaines \u00e9lections auront lieu dans le cadre de l\u2019assembl\u00e9e g\u00e9n\u00e9rale du 15 avril conform\u00e9ment aux <a href=\"https:\/\/cimbcc.org\/test2\/le-club-2\/reglements-du-club\" target=\"_blank\" rel=\"noopener noreferrer\"><em>R\u00e8glements g\u00e9n\u00e9raux<\/em><\/a> du Club. Des b\u00e9n\u00e9voles seront encourag\u00e9s \u00e0 pr\u00e9senter leur candidature.<\/p>\n<h5><em>Revitaliser le CHIP<\/em><\/h5>\n<p style=\"text-align: justify;\">Afin d\u2019all\u00e9ger la t\u00e2che des \u00e9diteurs, le rythme de publication a \u00e9t\u00e9 r\u00e9duit \u00e0 deux articles par semaine, sauf exception. Il faudra aussi faire la promotion du CHIP pour attirer de nouveaux collaborateurs.<\/p>\n<h5 style=\"text-align: justify;\"><em>Renouveler l\u2019assembl\u00e9e g\u00e9n\u00e9rale annuelle<\/em><\/h5>\n<p style=\"text-align: justify;\">Dans l\u2019imm\u00e9diat, il s\u2019agit de v\u00e9rifier ce qui est l\u00e9galement n\u00e9cessaire. Si des changements importants sont possibles pour all\u00e9ger l\u2019assembl\u00e9e g\u00e9n\u00e9rale, ils ne pourront sans doute pas s\u2019appliquer avant 2021.<\/p>\n<hr \/>\n<h4><strong>Ateliers <\/strong><\/h4>\n<p style=\"text-align: justify;\">Douze ateliers ont \u00e9t\u00e9 propos\u00e9s aux membres pendant l\u2019automne dernier, mais les ateliers sur Acc\u00e8sD et sur la Liseuse Kobo ont \u00e9t\u00e9 annul\u00e9s en raison d\u2019un nombre insuffisant d\u2019inscriptions.<\/p>\n<table style=\"border-collapse: collapse; width: 100%;\">\n<tbody>\n<tr>\n<td style=\"width: 33.3333%; text-align: center;\"><strong><span style=\"font-size: 12pt;\">Ateliers<\/span><\/strong><\/td>\n<td style=\"width: 33.3333%; text-align: center;\"><strong><span style=\"font-size: 12pt;\">Automne 2019<\/span><\/strong><\/td>\n<td style=\"width: 33.3333%; text-align: center;\"><strong><span style=\"font-size: 12pt;\">Automne 2018<\/span><\/strong><\/td>\n<\/tr>\n<tr>\n<td style=\"width: 33.3333%; text-align: center;\"><strong>Nombre<\/strong><\/td>\n<td style=\"width: 33.3333%; text-align: center;\">10<\/td>\n<td style=\"width: 33.3333%; text-align: center;\">11<\/td>\n<\/tr>\n<tr>\n<td style=\"width: 33.3333%; text-align: center;\"><strong>Inscriptions<\/strong><\/td>\n<td style=\"width: 33.3333%; text-align: center;\">172<\/td>\n<td style=\"width: 33.3333%; text-align: center;\">200<\/td>\n<\/tr>\n<tr>\n<td style=\"width: 33.3333%; text-align: center;\"><strong>Participants<\/strong><\/td>\n<td style=\"width: 33.3333%; text-align: center;\">158<\/td>\n<td style=\"width: 33.3333%; text-align: center;\">180<\/td>\n<\/tr>\n<tr>\n<td style=\"width: 33.3333%; text-align: center;\"><strong>R\u00e9unions<\/strong><\/td>\n<td style=\"width: 33.3333%; text-align: center;\">46<\/td>\n<td style=\"width: 33.3333%; text-align: center;\">37<\/td>\n<\/tr>\n<tr>\n<td style=\"width: 33.3333%; text-align: center;\"><strong>Pr\u00e9sences<\/strong><\/td>\n<td style=\"width: 33.3333%; text-align: center;\">507<\/td>\n<td style=\"width: 33.3333%; text-align: center;\">505<\/td>\n<\/tr>\n<\/tbody>\n<\/table>\n<p style=\"text-align: justify;\">Les participants aux ateliers de l\u2019automne 2019 ont \u00e9t\u00e9 moins nombreux que ceux des ateliers de l\u2019automne\u00a02018. Les ateliers qui sont offerts depuis plus de 5\u00a0ans (Facebook et iPad pour d\u00e9butants, par exemple) ont d\u00e9j\u00e0 accueilli des centaines de membres. Il n\u2019est donc pas \u00e9tonnant que ces ateliers soient maintenant moins fr\u00e9quent\u00e9s. Des offres de formation sur ces sujets sont aussi apparues ailleurs.<\/p>\n<p style=\"text-align: justify;\">Les ateliers qui ont attir\u00e9 le plus grand nombre d\u2019inscriptions sont les suivants\u00a0:<\/p>\n<ul style=\"text-align: justify;\">\n<li>Aide aux exercices de la s\u00e9rie <em>Facile<\/em>, 26 inscriptions (nouvel atelier);<\/li>\n<li>Tablettes et t\u00e9l\u00e9phones Android, 22 inscriptions (nouvel atelier);<\/li>\n<li>Tablette iPad &#8211; interm\u00e9diaire, 23 inscriptions.<\/li>\n<\/ul>\n<p style=\"text-align: justify;\">Au cours de l\u2019hiver\u00a02020, les membres ont le choix entre neuf\u00a0ateliers, dont deux nouveaux. Il \u00e9tait trop t\u00f4t pour statuer sur la r\u00e9ponse des membres puisque la r\u00e9union du conseil se d\u00e9roulait alors que la p\u00e9riode d\u2019inscription n\u2019\u00e9tait pas termin\u00e9e.<\/p>\n<hr \/>\n<h4 style=\"text-align: justify;\"><strong>R\u00e9vision des activit\u00e9s du Club et des documents de r\u00e9f\u00e9rence<\/strong><\/h4>\n<p style=\"text-align: justify;\">En 2019, Jacques\u00a0Lalibert\u00e9 a annonc\u00e9 que le <a href=\"https:\/\/cimbcc.org\/test2\/services\/le-soutien-a-la-recuperation-de-materiel-informatique\" target=\"_blank\" rel=\"noopener noreferrer\">service de r\u00e9cup\u00e9ration du mat\u00e9riel informatique<\/a> a remis 11 200\u00a0$ aux organismes <a href=\"https:\/\/www.cabstbruno.org\/\" target=\"_blank\" rel=\"noopener noreferrer\">Les Petits Bonheurs<\/a> et la <a href=\"https:\/\/www.mdjstbruno.org\/index2-accueil.html\" target=\"_blank\" rel=\"noopener noreferrer\">Maison des Jeunes de Saint-Bruno<\/a>, et 500\u00a0$ \u00e0 la <a href=\"http:\/\/www.unitesaintbasilesaintbruno.org\/\" target=\"_blank\" rel=\"noopener noreferrer\">Paroisse de Saint-Bruno<\/a>.<\/p>\n<p style=\"text-align: justify;\">Enfin, le conseil d\u2019administration a r\u00e9vis\u00e9 et approuv\u00e9 les documents de r\u00e9f\u00e9rence suivants\u00a0:<\/p>\n<ul>\n<li style=\"text-align: justify;\">\u00c9tat de la rel\u00e8ve pour les fonctions vitales du Club;<\/li>\n<li style=\"text-align: justify;\">Neutralit\u00e9 commerciale du Club;<\/li>\n<li style=\"text-align: justify;\">Gestion des achats, des contrats et des d\u00e9penses;<\/li>\n<li style=\"text-align: justify;\">Gestion des membres honoraires et des membres associ\u00e9s.<\/li>\n<\/ul>\n<p>Sylvie Mazur<br \/>\nSecr\u00e9taire du CIMBCC<\/p>\n","protected":false},"excerpt":{"rendered":"<p>La premi\u00e8re r\u00e9union de l\u2019ann\u00e9e 2020 a eu lieu le 7 janvier. Les administrateurs du Club ont pris connaissance du rapport pr\u00e9sent\u00e9 par la tr\u00e9sori\u00e8re et ils ont not\u00e9 l\u2019urgence de trouver une personne b\u00e9n\u00e9vole pour coordonner la tenue d\u2019une activit\u00e9 importante du Club. Le conseil d\u2019administration a aussi fait le point sur les moyens &hellip; <a href=\"https:\/\/cimbcc.org\/test2\/echos-du-conseil-dadministration-7-janvier-2020\/\" class=\"more-link\">Continuer la lecture de <span class=\"screen-reader-text\">\u00c9chos du conseil d\u2019administration \u2014 7 janvier 2020<\/span>  <span class=\"meta-nav\">&rarr;<\/span><\/a><\/p>\n","protected":false},"author":43,"featured_media":0,"comment_status":"open","ping_status":"closed","sticky":false,"template":"","format":"standard","meta":{"footnotes":""},"categories":[386],"tags":[269,126,756,761,471,1154,110],"class_list":["post-28850","post","type-post","status-publish","format-standard","hentry","category-echos-du-conseil-dadministration","tag-ateliers","tag-benevoles","tag-conseil-dadministration","tag-documents-de-reference","tag-etats-financiers","tag-impact-social","tag-recuperation"],"_links":{"self":[{"href":"https:\/\/cimbcc.org\/test2\/wp-json\/wp\/v2\/posts\/28850","targetHints":{"allow":["GET"]}}],"collection":[{"href":"https:\/\/cimbcc.org\/test2\/wp-json\/wp\/v2\/posts"}],"about":[{"href":"https:\/\/cimbcc.org\/test2\/wp-json\/wp\/v2\/types\/post"}],"author":[{"embeddable":true,"href":"https:\/\/cimbcc.org\/test2\/wp-json\/wp\/v2\/users\/43"}],"replies":[{"embeddable":true,"href":"https:\/\/cimbcc.org\/test2\/wp-json\/wp\/v2\/comments?post=28850"}],"version-history":[{"count":4,"href":"https:\/\/cimbcc.org\/test2\/wp-json\/wp\/v2\/posts\/28850\/revisions"}],"predecessor-version":[{"id":30207,"href":"https:\/\/cimbcc.org\/test2\/wp-json\/wp\/v2\/posts\/28850\/revisions\/30207"}],"wp:attachment":[{"href":"https:\/\/cimbcc.org\/test2\/wp-json\/wp\/v2\/media?parent=28850"}],"wp:term":[{"taxonomy":"category","embeddable":true,"href":"https:\/\/cimbcc.org\/test2\/wp-json\/wp\/v2\/categories?post=28850"},{"taxonomy":"post_tag","embeddable":true,"href":"https:\/\/cimbcc.org\/test2\/wp-json\/wp\/v2\/tags?post=28850"}],"curies":[{"name":"wp","href":"https:\/\/api.w.org\/{rel}","templated":true}]}}