{"id":29080,"date":"2020-03-13T00:00:10","date_gmt":"2020-03-13T04:00:10","guid":{"rendered":"https:\/\/cimbcc.org\/test2\/?p=29080"},"modified":"2023-10-16T22:12:35","modified_gmt":"2023-10-17T02:12:35","slug":"comment-diminuer-notre-empreinte-ecologique-numerique","status":"publish","type":"post","link":"https:\/\/cimbcc.org\/test2\/comment-diminuer-notre-empreinte-ecologique-numerique\/","title":{"rendered":"Comment diminuer notre empreinte \u00e9cologique num\u00e9rique"},"content":{"rendered":"<figure id=\"attachment_26699\" aria-describedby=\"caption-attachment-26699\" style=\"width: 125px\" class=\"wp-caption aligncenter\"><img loading=\"lazy\" decoding=\"async\" class=\"size-full wp-image-26699\" src=\"https:\/\/cimbcc.org\/test2\/wp-content\/uploads\/photo_dion_celine.jpg\" alt=\"\" width=\"125\" height=\"125\" \/><figcaption id=\"caption-attachment-26699\" class=\"wp-caption-text\"><span style=\"color: #ffffff;\">mmmm<\/span>C\u00e9line Dion<\/figcaption><\/figure>\n<p style=\"text-align: justify;\">Le num\u00e9rique \u00e9met aujourd&rsquo;hui 4 % des gaz \u00e0 effet de serre du monde et sa consommation \u00e9nerg\u00e9tique s\u2019accro\u00eet de 9 % par an.<\/p>\n<p style=\"text-align: justify;\">Pour une personne qui se soucie de son empreinte \u00e9cologique ou de son empreinte carbonique, il est donc logique d&rsquo;adopter des pratiques informatiques aussi sobres que faire se peut.<\/p>\n<p><!--more--><\/p>\n<p style=\"text-align: justify;\">La pire empreinte carbone num\u00e9rique est associ\u00e9e aux vid\u00e9os. \u00c0 elle seule, la vid\u00e9o en ligne g\u00e9n\u00e8re 60\u00a0% des flux de donn\u00e9es mondiaux et plus de <a href=\"https:\/\/theshiftproject.org\/article\/climat-insoutenable-usage-video\/\" target=\"_blank\" rel=\"noopener noreferrer\">300 millions de tonnes de CO<sub>2<\/sub> par an<\/a>.<\/p>\n<p style=\"text-align: justify;\">Voici quelques exemples de petits gestes que nous pouvons faire pour diminuer notre <a href=\"https:\/\/fr.wikipedia.org\/wiki\/Empreinte_%C3%A9cologique\" target=\"_blank\" rel=\"noopener noreferrer\">empreinte \u00e9cologique<\/a> num\u00e9rique\u00a0:<\/p>\n<ul>\n<li style=\"text-align: justify;\">un m\u00e9nage r\u00e9gulier de vos fichiers sur le nuage s&rsquo;impose, surtout s&rsquo;ils sont synchronis\u00e9s sur tous vos appareils; il y a s\u00fbrement quelques centaines d&rsquo;images qui y tra\u00eenent inutilement;<\/li>\n<li style=\"text-align: justify;\">m\u00eame chose pour vos favoris;<\/li>\n<li style=\"text-align: justify;\">pareillement pour vos publications sur le fil de nouvelles de vos r\u00e9seaux sociaux;<\/li>\n<li style=\"text-align: justify;\">d\u00e9sactivez, si ce n&rsquo;est d\u00e9j\u00e0 fait, l&rsquo;ouverture automatique <em>(autoplay)<\/em> des vid\u00e9os sur les r\u00e9seaux sociaux;<\/li>\n<li style=\"text-align: justify;\">d\u00e9sactivez vos donn\u00e9es mobiles lorsque vous n&rsquo;en avez pas besoin; cela vous permettra aussi d&rsquo;\u00e9conomiser votre pile;<\/li>\n<li style=\"text-align: justify;\">d\u00e9sactivez les applications que vous n\u2019utilisez pas sur vos tablettes et cellulaires; ainsi, elles ne se mettront pas \u00e0 jour inutilement;<\/li>\n<li style=\"text-align: justify;\">ne partagez pas \u00e0 outrance, sur le fil de nouvelles de vos m\u00e9dias sociaux, des informations peu susceptibles d&rsquo;int\u00e9resser vos contacts;<\/li>\n<li style=\"text-align: justify;\">selon une \u00e9tude comparative de cycle de vie conduite par l&rsquo;<a href=\"https:\/\/www.ademe.fr\/\" target=\"_blank\" rel=\"noopener noreferrer\">Agence de l&rsquo;Environnement et de la Ma\u00eetrise de l&rsquo;\u00c9nergie<\/a> (ADEME), si une lecture sur internet prend beaucoup de temps, il vaut mieux l&rsquo;imprimer en noir et blanc.<\/li>\n<\/ul>\n<p>C\u00e9line Dion<\/p>\n<hr \/>\n<h4 style=\"text-align: justify;\">Notes de l&rsquo;\u00e9diteur<\/h4>\n<ol>\n<li style=\"text-align: justify;\">Un autre article de C\u00e9line Dion traitant de l&rsquo;environnement a \u00e9t\u00e9 publi\u00e9 le 7 janvier 2016, <a href=\"https:\/\/cimbcc.org\/test2\/lempreinte-carbonique-du-web\" target=\"_blank\" rel=\"noopener noreferrer\"><em><strong>L&#8217;empreinte carbonique du Web<\/strong><\/em><\/a>.<\/li>\n<li style=\"text-align: justify;\">Nous vous prions de prendre connaissance de <em><a href=\"https:\/\/cimbcc.org\/test2\/communication-en-lien-avec-le-coronavirus-covid-19\" target=\"_blank\" rel=\"noopener noreferrer\"><strong>cette communication importante<\/strong><\/a><\/em> du CIMBCC \u00e9mise le 12 mars 2020 en lien avec la <strong><span style=\"color: #ff0000;\">pand\u00e9mie du coronavirus COVID-19<\/span><\/strong>.<\/li>\n<\/ol>\n","protected":false},"excerpt":{"rendered":"<p>Le num\u00e9rique \u00e9met aujourd&rsquo;hui 4 % des gaz \u00e0 effet de serre du monde et sa consommation \u00e9nerg\u00e9tique s\u2019accro\u00eet de 9 % par an. Pour une personne qui se soucie de son empreinte \u00e9cologique ou de son empreinte carbonique, il est donc logique d&rsquo;adopter des pratiques informatiques aussi sobres que faire se peut.<\/p>\n","protected":false},"author":43,"featured_media":0,"comment_status":"open","ping_status":"closed","sticky":false,"template":"","format":"standard","meta":{"footnotes":""},"categories":[1546],"tags":[428,20,115,349],"class_list":["post-29080","post","type-post","status-publish","format-standard","hentry","category-chronique-environnement","tag-empreinte-carbonique","tag-facebook","tag-video","tag-you-tube"],"_links":{"self":[{"href":"https:\/\/cimbcc.org\/test2\/wp-json\/wp\/v2\/posts\/29080","targetHints":{"allow":["GET"]}}],"collection":[{"href":"https:\/\/cimbcc.org\/test2\/wp-json\/wp\/v2\/posts"}],"about":[{"href":"https:\/\/cimbcc.org\/test2\/wp-json\/wp\/v2\/types\/post"}],"author":[{"embeddable":true,"href":"https:\/\/cimbcc.org\/test2\/wp-json\/wp\/v2\/users\/43"}],"replies":[{"embeddable":true,"href":"https:\/\/cimbcc.org\/test2\/wp-json\/wp\/v2\/comments?post=29080"}],"version-history":[{"count":11,"href":"https:\/\/cimbcc.org\/test2\/wp-json\/wp\/v2\/posts\/29080\/revisions"}],"predecessor-version":[{"id":29252,"href":"https:\/\/cimbcc.org\/test2\/wp-json\/wp\/v2\/posts\/29080\/revisions\/29252"}],"wp:attachment":[{"href":"https:\/\/cimbcc.org\/test2\/wp-json\/wp\/v2\/media?parent=29080"}],"wp:term":[{"taxonomy":"category","embeddable":true,"href":"https:\/\/cimbcc.org\/test2\/wp-json\/wp\/v2\/categories?post=29080"},{"taxonomy":"post_tag","embeddable":true,"href":"https:\/\/cimbcc.org\/test2\/wp-json\/wp\/v2\/tags?post=29080"}],"curies":[{"name":"wp","href":"https:\/\/api.w.org\/{rel}","templated":true}]}}