{"id":29090,"date":"2020-02-27T00:05:12","date_gmt":"2020-02-27T05:05:12","guid":{"rendered":"https:\/\/cimbcc.org\/test2\/?p=29090"},"modified":"2023-10-16T22:12:36","modified_gmt":"2023-10-17T02:12:36","slug":"echos-du-conseil-dadministration-4-fevrier-2020","status":"publish","type":"post","link":"https:\/\/cimbcc.org\/test2\/echos-du-conseil-dadministration-4-fevrier-2020\/","title":{"rendered":"\u00c9chos du conseil d&rsquo;administration &#8211; 4 f\u00e9vrier 2020"},"content":{"rendered":"<figure id=\"attachment_27577\" aria-describedby=\"caption-attachment-27577\" style=\"width: 300px\" class=\"wp-caption aligncenter\"><img loading=\"lazy\" decoding=\"async\" class=\"size-medium wp-image-27577\" src=\"https:\/\/cimbcc.org\/test2\/wp-content\/uploads\/photo_ca_-2019_2020-300x137.jpg\" alt=\"CA 2019-2020\" width=\"300\" height=\"137\" srcset=\"https:\/\/cimbcc.org\/test2\/wp-content\/uploads\/photo_ca_-2019_2020-300x137.jpg 300w, https:\/\/cimbcc.org\/test2\/wp-content\/uploads\/photo_ca_-2019_2020.jpg 500w\" sizes=\"auto, (max-width: 300px) 100vw, 300px\" \/><figcaption id=\"caption-attachment-27577\" class=\"wp-caption-text\">Sur la premi\u00e8re rang\u00e9e : Huguette Turgeon, Danielle Bourque, Danielle Barab\u00e9, Berthe Demers, Sylvie Mazur. Sur la deuxi\u00e8me rang\u00e9e : Michel C\u00f4t\u00e9, Jacques Lalibert\u00e9, Michel Gagn\u00e9, Richard Gervais, R\u00e9jean C\u00f4t\u00e9.<\/figcaption><\/figure>\n<p style=\"text-align: justify;\">Apr\u00e8s avoir constat\u00e9 une l\u00e9g\u00e8re augmentation du nombre des membres du Club, le conseil d\u2019administration a fait le point sur les objectifs prioritaires de l\u2019ann\u00e9e. Apr\u00e8s avoir not\u00e9 la diminution constante des inscriptions aux cours offerts dans les biblioth\u00e8ques, le conseil a approuv\u00e9 la poursuite de ces activit\u00e9s de formation. Il a aussi d\u00e9cid\u00e9 de tenir les activit\u00e9s sociales pr\u00e9vues et de mettre \u00e0 jour ses ordinateurs.<\/p>\n<p><!--more--><\/p>\n<p><strong>\u00a0<\/strong><strong>Membres et b\u00e9n\u00e9voles<\/strong><\/p>\n<p style=\"text-align: justify;\">Le Club comptait 633\u00a0membres \u00e0 la fin de janvier, soit 13 de plus qu\u2019\u00e0 pareille date l\u2019an dernier. C\u2019est la premi\u00e8re fois depuis 2015-2016 qu\u2019il y a une augmentation, et non une diminution, du nombre des adh\u00e9rents au Club. C\u2019est s\u00fbrement le r\u00e9sultat des activit\u00e9s de promotion du Club r\u00e9alis\u00e9es depuis septembre, conform\u00e9ment aux objectifs prioritaires retenus pour 2019-2020.<\/p>\n<p style=\"text-align: justify;\">Aucun nouveau b\u00e9n\u00e9vole ne s\u2019est ajout\u00e9 \u00e0 l\u2019\u00e9quipe alors que des volontaires sont n\u00e9cessaires pour atteindre trois objectifs prioritaires\u00a0(voir ci-dessous).<\/p>\n<p><strong>Objectifs prioritaires pour 2019-2020<\/strong><\/p>\n<p style=\"text-align: justify;\">Pour <strong>atteindre un budget \u00e9quilibr\u00e9<\/strong>, le Club doit s\u2019assurer des revenus g\u00e9n\u00e9r\u00e9s par la cotisation des membres.<\/p>\n<p style=\"text-align: justify;\">Afin <strong>d\u2019attirer de nouveaux membres<\/strong>, le conseil d\u2019administration a invit\u00e9 certains groupes \u00e0 assister gratuitement \u00e0 une pr\u00e9sentation dans le but de leur faire d\u00e9couvrir le Club\u00a0: les employ\u00e9s de la Caisse Desjardins du Mont-Saint-Bruno, les retrait\u00e9s de la fonction publique et parapublique, les retrait\u00e9s de Bell, les Vieux Branch\u00e9s de Longueuil. Ces activit\u00e9s de promotion semblent avoir donn\u00e9 des r\u00e9sultats positifs. D\u2019autres activit\u00e9s de ce type sont pr\u00e9vues cet hiver.<\/p>\n<p style=\"text-align: justify;\">Afin <strong>d\u2019augmenter la r\u00e9tention des membres<\/strong>, le conseil a d\u00e9cid\u00e9 d\u2019exp\u00e9rimenter une activit\u00e9 de parrainage des nouveaux membres. Certains administrateurs se sont d\u00e9j\u00e0 engag\u00e9s dans cette d\u00e9marche d\u2019accompagnement qui reste \u00e0 d\u00e9velopper.<\/p>\n<p style=\"text-align: justify;\">Pour atteindre les trois objectifs suivants, il nous faut susciter la participation de nouveaux collaborateurs.<\/p>\n<p style=\"text-align: justify;\"><strong>Continuer \u00e0 diversifier les sujets dans la <a href=\"https:\/\/cimbcc.org\/test2\/activites\/les-presentations-du-mercredi-et-du-vendredi\" target=\"_blank\" rel=\"noopener noreferrer\">s\u00e9rie <em>D\u00e9couverte<\/em>\u00a0<\/a><\/strong>\u2013 L\u2019ajout de nouveaux pr\u00e9sentateurs facilitera le d\u00e9veloppement de nouveaux sujets.<\/p>\n<p style=\"text-align: justify;\"><strong>Assurer la rel\u00e8ve pour les <a href=\"https:\/\/cimbcc.org\/test2\/le-club-2\/nos-responsables\" target=\"_blank\" rel=\"noopener noreferrer\">membres de l\u2019ex\u00e9cutif\u00a0<\/a><\/strong>\u2013 Pour cela, il faut pourvoir les postes d\u2019administrateurs du Club qui seront libres en avril prochain.<\/p>\n<p style=\"text-align: justify;\"><strong>Revitaliser le <a href=\"https:\/\/cimbcc.org\/test2\/services\/chip\" target=\"_blank\" rel=\"noopener noreferrer\">CHIP<\/a><\/strong> \u2013 La contribution de nouveaux r\u00e9dacteurs serait un gage de diversit\u00e9 et d\u2019une meilleure adaptation aux int\u00e9r\u00eats des lecteurs de notre blogue.<\/p>\n<p style=\"text-align: justify;\">Enfin, le conseil d\u2019administration a aussi pour objectif de <strong>renouveler l\u2019assembl\u00e9e g\u00e9n\u00e9rale annuelle<\/strong>. Il s\u2019agit de r\u00e9duire la dur\u00e9e de l\u2019assembl\u00e9e et d\u2019all\u00e9ger la t\u00e2che des responsables d\u2019activit\u00e9 qui doivent fournir leur rapport annuel \u00e0 la fin de mars, alors que leurs activit\u00e9s ne sont pas termin\u00e9es. Des v\u00e9rifications doivent encore \u00eatre faites pour s\u2019assurer que le CIMBCC continuera \u00e0 se conformer aux obligations l\u00e9gales d\u2019un organisme sans but lucratif.<\/p>\n<p style=\"text-align: justify;\">Par contre, l\u2019analyse des <em><a href=\"https:\/\/cimbcc.org\/test2\/le-club-2\/reglements-du-club\" target=\"_blank\" rel=\"noopener noreferrer\">R\u00e8glements g\u00e9n\u00e9raux<\/a><\/em> a permis de pr\u00e9ciser que l\u2019\u00e9lection d\u2019un pr\u00e9sident d\u2019\u00e9lection par l\u2019assembl\u00e9e g\u00e9n\u00e9rale est n\u00e9cessaire seulement lorsque le nombre des candidats est sup\u00e9rieur au nombre de postes \u00e0 pourvoir au conseil d\u2019administration. Si le nombre des candidats est \u00e9gal ou inf\u00e9rieur au nombre des postes \u00e0 pourvoir, le pr\u00e9sident de l\u2019assembl\u00e9e pourra simplement d\u00e9clarer les candidats \u00e9lus par acclamation.<\/p>\n<p><strong><a href=\"https:\/\/cimbcc.org\/test2\/activites\/familiarisation-a-linternet\" target=\"_blank\" rel=\"noopener noreferrer\">Cours dans les biblioth\u00e8ques<\/a><\/strong><\/p>\n<p style=\"text-align: justify;\">Trois cours sont offerts aux usagers des biblioth\u00e8ques\u00a0de Saint-Bruno, Sainte-Julie et Saint-Basile\u00a0:<\/p>\n<ul>\n<li style=\"text-align: justify;\">un cours pr\u00e9paratoire destin\u00e9 \u00e0 mettre \u00e0 niveau l\u2019ordinateur des participants et, pour ceux qui n\u2019ont jamais utilis\u00e9 un ordinateur, \u00e0 faire des exercices de manipulation du clavier et de la souris;<\/li>\n<li style=\"text-align: justify;\">un cours <em>d\u2019Introduction \u00e0 Internet <\/em>sur les bases de la navigation sur le Web, les bases du courrier \u00e9lectronique (deux jours);<\/li>\n<li style=\"text-align: justify;\">un cours <em>Windows\u00a010 et s\u00e9curit\u00e9 informatique<\/em> sur les notions de base de Windows\u00a010 et sur la s\u00e9curit\u00e9 informatique (deux jours).<\/li>\n<\/ul>\n<p style=\"text-align: justify;\">Ces cours sont offerts par une \u00e9quipe de huit instructeurs exp\u00e9riment\u00e9s. Les inscriptions \u00e0 ces cours sont en constante diminution depuis quelques ann\u00e9es. Ce fut encore le cas en 2019\u00a0: elles sont pass\u00e9es de 49\u00a0inscrits en 2018 \u00e0 35\u00a0en 2019. Une attention particuli\u00e8re sera accord\u00e9e \u00e0 la publicit\u00e9 de ce service pour mieux le faire conna\u00eetre.<\/p>\n<p style=\"text-align: justify;\">Les orientations pour 2020-2021 seront confirm\u00e9es par l\u2019\u00e9quipe des instructeurs \u00e0 l\u2019occasion de leur r\u00e9union de bilan et de planification de mai prochain. Il est cependant probable que le club continuera \u00e0 offrir les m\u00eames cours dans les m\u00eames biblioth\u00e8ques, ce que le conseil d\u2019administration a approuv\u00e9.<\/p>\n<p><strong><a href=\"https:\/\/cimbcc.org\/test2\/services\/les-activites-sociales\" target=\"_blank\" rel=\"noopener noreferrer\">Activit\u00e9s sociales<\/a><\/strong><\/p>\n<p style=\"text-align: justify;\"><strong>\u00a0<\/strong>Jacques\u00a0Lalibert\u00e9 a fait le point sur les activit\u00e9s pass\u00e9es (le souper de No\u00ebl, par exemple) et les activit\u00e9s \u00e0 venir\u00a0: la soir\u00e9e des membres, le 29\u00a0avril, et le souper des b\u00e9n\u00e9voles, le 6\u00a0mai. Le budget pour ces activit\u00e9s reste \u00e0 confirmer, mais il devrait \u00eatre du m\u00eame ordre que les ann\u00e9es ant\u00e9rieures.<\/p>\n<p style=\"text-align: justify;\">Le conseil d\u2019administration appr\u00e9cie la qualit\u00e9 des activit\u00e9s propos\u00e9es aux membres et aux b\u00e9n\u00e9voles par l\u2019\u00e9quipe sous la responsabilit\u00e9 de Walter\u00a0Pearce. Le conseil a approuv\u00e9 le maintien des activit\u00e9s sociales comme pr\u00e9vu.<\/p>\n<p><strong>Mises \u00e0 jour des ordinateurs du Club<\/strong><\/p>\n<p style=\"text-align: justify;\">Les ordinateurs du Club sont \u00e9quip\u00e9s de la suite Office\u00a02007 ou 2010 de Microsoft. Aucune de ces suites n\u2019est soutenue dor\u00e9navant par Microsoft. Le conseil d\u2019administration a donc d\u00e9cid\u00e9 d\u2019en faire la mise \u00e0 jour. Il a mandat\u00e9 Jacques\u00a0Lalibert\u00e9 pour faire les d\u00e9marches aupr\u00e8s de Techsoup qui fournit des logiciels \u00e0 prix tr\u00e8s r\u00e9duit aux organismes \u00e0 but non lucratif reconnus.<\/p>\n<p style=\"text-align: justify;\">Enfin, le conseil d\u2019administration a r\u00e9vis\u00e9 et approuv\u00e9 les documents de r\u00e9f\u00e9rence suivants\u00a0:<\/p>\n<ul>\n<li style=\"text-align: justify;\">R\u00e8glements g\u00e9n\u00e9raux du Club informatique Mont-Bruno<\/li>\n<li style=\"text-align: justify;\">Pr\u00e9paration et d\u00e9roulement de l\u2019assembl\u00e9e g\u00e9n\u00e9rale annuelle<\/li>\n<\/ul>\n<p>Sylvie\u00a0Mazur, secr\u00e9taire du CIMBCC<\/p>\n<p>&nbsp;<\/p>\n<p>&nbsp;<\/p>\n","protected":false},"excerpt":{"rendered":"<p>Apr\u00e8s avoir constat\u00e9 une l\u00e9g\u00e8re augmentation du nombre des membres du Club, le conseil d\u2019administration a fait le point sur les objectifs prioritaires de l\u2019ann\u00e9e. Apr\u00e8s avoir not\u00e9 la diminution constante des inscriptions aux cours offerts dans les biblioth\u00e8ques, le conseil a approuv\u00e9 la poursuite de ces activit\u00e9s de formation. Il a aussi d\u00e9cid\u00e9 de &hellip; <a href=\"https:\/\/cimbcc.org\/test2\/echos-du-conseil-dadministration-4-fevrier-2020\/\" class=\"more-link\">Continuer la lecture de <span class=\"screen-reader-text\">\u00c9chos du conseil d&rsquo;administration &#8211; 4 f\u00e9vrier 2020<\/span>  <span class=\"meta-nav\">&rarr;<\/span><\/a><\/p>\n","protected":false},"author":43,"featured_media":0,"comment_status":"open","ping_status":"closed","sticky":false,"template":"","format":"standard","meta":{"footnotes":""},"categories":[386],"tags":[569,126,246,906,371],"class_list":["post-29090","post","type-post","status-publish","format-standard","hentry","category-echos-du-conseil-dadministration","tag-assemblee-generale-annuelle","tag-benevoles","tag-chip","tag-cours-dans-les-bibliotheques","tag-decouverte"],"_links":{"self":[{"href":"https:\/\/cimbcc.org\/test2\/wp-json\/wp\/v2\/posts\/29090","targetHints":{"allow":["GET"]}}],"collection":[{"href":"https:\/\/cimbcc.org\/test2\/wp-json\/wp\/v2\/posts"}],"about":[{"href":"https:\/\/cimbcc.org\/test2\/wp-json\/wp\/v2\/types\/post"}],"author":[{"embeddable":true,"href":"https:\/\/cimbcc.org\/test2\/wp-json\/wp\/v2\/users\/43"}],"replies":[{"embeddable":true,"href":"https:\/\/cimbcc.org\/test2\/wp-json\/wp\/v2\/comments?post=29090"}],"version-history":[{"count":7,"href":"https:\/\/cimbcc.org\/test2\/wp-json\/wp\/v2\/posts\/29090\/revisions"}],"predecessor-version":[{"id":29097,"href":"https:\/\/cimbcc.org\/test2\/wp-json\/wp\/v2\/posts\/29090\/revisions\/29097"}],"wp:attachment":[{"href":"https:\/\/cimbcc.org\/test2\/wp-json\/wp\/v2\/media?parent=29090"}],"wp:term":[{"taxonomy":"category","embeddable":true,"href":"https:\/\/cimbcc.org\/test2\/wp-json\/wp\/v2\/categories?post=29090"},{"taxonomy":"post_tag","embeddable":true,"href":"https:\/\/cimbcc.org\/test2\/wp-json\/wp\/v2\/tags?post=29090"}],"curies":[{"name":"wp","href":"https:\/\/api.w.org\/{rel}","templated":true}]}}