{"id":29225,"date":"2020-03-12T20:17:32","date_gmt":"2020-03-13T00:17:32","guid":{"rendered":"https:\/\/cimbcc.org\/test2\/?p=29225"},"modified":"2023-10-16T22:12:36","modified_gmt":"2023-10-17T02:12:36","slug":"communication-en-lien-avec-le-coronavirus-covid-19","status":"publish","type":"post","link":"https:\/\/cimbcc.org\/test2\/communication-en-lien-avec-le-coronavirus-covid-19\/","title":{"rendered":"Communication en lien avec le coronavirus COVID-19"},"content":{"rendered":"<figure id=\"attachment_29240\" aria-describedby=\"caption-attachment-29240\" style=\"width: 512px\" class=\"wp-caption aligncenter\"><img loading=\"lazy\" decoding=\"async\" class=\"size-full wp-image-29240\" src=\"https:\/\/cimbcc.org\/test2\/wp-content\/uploads\/chip_2020_03_12_covid_19.jpg\" alt=\"\" width=\"512\" height=\"288\" srcset=\"https:\/\/cimbcc.org\/test2\/wp-content\/uploads\/chip_2020_03_12_covid_19.jpg 512w, https:\/\/cimbcc.org\/test2\/wp-content\/uploads\/chip_2020_03_12_covid_19-300x169.jpg 300w\" sizes=\"auto, (max-width: 512px) 100vw, 512px\" \/><figcaption id=\"caption-attachment-29240\" class=\"wp-caption-text\">Illustration d&rsquo;un coronavirus, <a href=\"https:\/\/phil.cdc.gov\/Details.aspx?pid=2871\" target=\"_blank\" rel=\"noopener noreferrer\">Center for Disease Control \/ Alissa Eckert, Dan Higgins<\/a><\/figcaption><\/figure>\n<h4>D\u00e9cision du comit\u00e9 ex\u00e9cutif du CIMBCC<\/h4>\n<p style=\"text-align: justify;\">Consid\u00e9rant\u00a0:<\/p>\n<ul style=\"text-align: justify;\">\n<li>la demande du <a href=\"http:\/\/www.fil-information.gouv.qc.ca\/Pages\/Article.aspx?idArticle=2803129140\" target=\"_blank\" rel=\"noopener noreferrer\">Gouvernement du Qu\u00e9bec<\/a> et de la <a href=\"https:\/\/stbruno.ca\/nouvelles\/ville-de-saint-bruno-de-montarville-covid-19-etat-de-situation-du-12-mars-2020\/\" target=\"_blank\" rel=\"noopener noreferrer\">Ville de Saint-Bruno<\/a>\u00a0de <strong>limiter les rassemblements publics ;<\/strong><\/li>\n<li>les recommandations pour <strong>pr\u00e9venir la propagation du coronavirus <a href=\"https:\/\/fr.wikipedia.org\/wiki\/Maladie_%C3%A0_coronavirus_2019\" target=\"_blank\" rel=\"noopener noreferrer\">COVID-19<\/a>,<\/strong><\/li>\n<\/ul>\n<p style=\"text-align: justify;\">les membres de l\u2019ex\u00e9cutif du CIMBCC se sont r\u00e9unis d\u2019urgence jeudi 12 mars 2020\u00a0 et ont pris la d\u00e9cision suivante :<\/p>\n<p style=\"text-align: justify;\"><span style=\"color: #ff0000;\"><strong>\u00ab tous les rassemblements non n\u00e9cessaires du CIMBCC sont annul\u00e9s jusqu&rsquo;\u00e0 nouvel ordre. \u00bb<\/strong><\/span><\/p>\n<p style=\"text-align: justify;\">Ceci inclut les pr\u00e9sentations du mercredi et du vendredi ainsi que les ateliers.<\/p>\n<p style=\"text-align: justify;\">Veuillez surveiller vos courriels. Nous communiquerons avec vous lorsqu&rsquo;il y aura des changements.<\/p>\n<p><!--more--><\/p>\n<hr \/>\n<h4>Site officiel du Gouvernement du Qu\u00e9bec<\/h4>\n<p style=\"text-align: justify;\">Vous pourrez obtenir plus d&rsquo;information au sujet du coronavirus COVID-19 sur le site Web du Gouvernement du Qu\u00e9bec <a href=\"https:\/\/www.quebec.ca\/sante\/problemes-de-sante\/a-z\/coronavirus-2019\/\" target=\"_blank\" rel=\"noopener noreferrer\">en cliquant ici<\/a>.<\/p>\n<hr \/>\n<h4 style=\"text-align: justify;\">Comparaison des sympt\u00f4mes selon l&rsquo;Agence mondiale de la Sant\u00e9<\/h4>\n<p style=\"text-align: justify;\">Voici aussi une comparaison des sympt\u00f4mes li\u00e9s au nouveau coronavirus COVID-19, \u00e0 la grippe saisonni\u00e8re et au rhume commun.<\/p>\n<p style=\"text-align: justify;\"><img loading=\"lazy\" decoding=\"async\" class=\"aligncenter size-full wp-image-29261\" src=\"https:\/\/cimbcc.org\/test2\/wp-content\/uploads\/chip_2020_03_12_coronavirus_1-e1584232082714.jpg\" alt=\"\" width=\"256\" height=\"544\" \/><\/p>\n<hr \/>\n<p style=\"text-align: justify;\">Richard Gervais<br \/>\n\u00c9diteur du CHIP pour l&rsquo;ex\u00e9cutif du CIMBCC<\/p>\n","protected":false},"excerpt":{"rendered":"<p>D\u00e9cision du comit\u00e9 ex\u00e9cutif du CIMBCC Consid\u00e9rant\u00a0: la demande du Gouvernement du Qu\u00e9bec et de la Ville de Saint-Bruno\u00a0de limiter les rassemblements publics ; les recommandations pour pr\u00e9venir la propagation du coronavirus COVID-19, les membres de l\u2019ex\u00e9cutif du CIMBCC se sont r\u00e9unis d\u2019urgence jeudi 12 mars 2020\u00a0 et ont pris la d\u00e9cision suivante : \u00ab &hellip; <a href=\"https:\/\/cimbcc.org\/test2\/communication-en-lien-avec-le-coronavirus-covid-19\/\" class=\"more-link\">Continuer la lecture de <span class=\"screen-reader-text\">Communication en lien avec le coronavirus COVID-19<\/span>  <span class=\"meta-nav\">&rarr;<\/span><\/a><\/p>\n","protected":false},"author":43,"featured_media":0,"comment_status":"open","ping_status":"closed","sticky":false,"template":"","format":"standard","meta":{"footnotes":""},"categories":[402],"tags":[269,870,1184,1182,1183,271,570],"class_list":["post-29225","post","type-post","status-publish","format-standard","hentry","category-activites-du-club","tag-ateliers","tag-cimbcc","tag-coronavirus","tag-covid-19","tag-pandemie","tag-presentations","tag-securite-physique"],"_links":{"self":[{"href":"https:\/\/cimbcc.org\/test2\/wp-json\/wp\/v2\/posts\/29225","targetHints":{"allow":["GET"]}}],"collection":[{"href":"https:\/\/cimbcc.org\/test2\/wp-json\/wp\/v2\/posts"}],"about":[{"href":"https:\/\/cimbcc.org\/test2\/wp-json\/wp\/v2\/types\/post"}],"author":[{"embeddable":true,"href":"https:\/\/cimbcc.org\/test2\/wp-json\/wp\/v2\/users\/43"}],"replies":[{"embeddable":true,"href":"https:\/\/cimbcc.org\/test2\/wp-json\/wp\/v2\/comments?post=29225"}],"version-history":[{"count":23,"href":"https:\/\/cimbcc.org\/test2\/wp-json\/wp\/v2\/posts\/29225\/revisions"}],"predecessor-version":[{"id":29296,"href":"https:\/\/cimbcc.org\/test2\/wp-json\/wp\/v2\/posts\/29225\/revisions\/29296"}],"wp:attachment":[{"href":"https:\/\/cimbcc.org\/test2\/wp-json\/wp\/v2\/media?parent=29225"}],"wp:term":[{"taxonomy":"category","embeddable":true,"href":"https:\/\/cimbcc.org\/test2\/wp-json\/wp\/v2\/categories?post=29225"},{"taxonomy":"post_tag","embeddable":true,"href":"https:\/\/cimbcc.org\/test2\/wp-json\/wp\/v2\/tags?post=29225"}],"curies":[{"name":"wp","href":"https:\/\/api.w.org\/{rel}","templated":true}]}}