{"id":29357,"date":"2020-04-05T23:00:09","date_gmt":"2020-04-06T03:00:09","guid":{"rendered":"https:\/\/cimbcc.org\/test2\/?p=29357"},"modified":"2023-10-16T22:12:35","modified_gmt":"2023-10-17T02:12:35","slug":"lepicerie-et-les-ainees-les-appels-video-et-lachez-un-peu-facebook-pour-etre-plus-heureux","status":"publish","type":"post","link":"https:\/\/cimbcc.org\/test2\/lepicerie-et-les-ainees-les-appels-video-et-lachez-un-peu-facebook-pour-etre-plus-heureux\/","title":{"rendered":"L&rsquo;\u00e9picerie et les a\u00een\u00e9(e)s, les appels vid\u00e9o et l\u00e2chez un peu Facebook pour \u00eatre plus heureux"},"content":{"rendered":"<figure id=\"attachment_24081\" aria-describedby=\"caption-attachment-24081\" style=\"width: 125px\" class=\"wp-caption aligncenter\"><img loading=\"lazy\" decoding=\"async\" class=\"size-full wp-image-24081\" src=\"https:\/\/cimbcc.org\/test2\/wp-content\/uploads\/photo_charron_denis.jpg\" alt=\"\" width=\"125\" height=\"125\" \/><figcaption id=\"caption-attachment-24081\" class=\"wp-caption-text\"><span style=\"color: #ffffff;\">mmm<\/span>Denis Charron<\/figcaption><\/figure>\n<p>Aujourd&rsquo;hui, il sera question :<\/p>\n<ul>\n<li style=\"text-align: justify;\">de l&rsquo;\u00e9picerie et des a\u00een\u00e9(e)s;<\/li>\n<li style=\"text-align: justify;\">des appels vid\u00e9o et d&rsquo;une faille de s\u00e9curit\u00e9 majeure chez Zoom;<\/li>\n<li style=\"text-align: justify;\">et finalement, l\u00e2chez un peu Facebook pour \u00eatre plus heureux\u00a0!<\/li>\n<\/ul>\n<p style=\"text-align: justify;\"><!--more--><\/p>\n<hr \/>\n<h4>L&rsquo;\u00e9picerie et les a\u00een\u00e9(e)s<\/h4>\n<h5><em><strong>Heures d&rsquo;ouverture d&rsquo;\u00e9picerie r\u00e9serv\u00e9es<\/strong><\/em><\/h5>\n<p style=\"text-align: justify;\">Apr\u00e8s <em>Costco<\/em>, les <em>Provigo<\/em> et les <em>Maxi<\/em> offrent des heures d&rsquo;ouverture (7 \u00e0 8 heures le matin) sp\u00e9cialement r\u00e9serv\u00e9es aux a\u00een\u00e9(e)s de 70 ans et plus tout en les encourageant \u00e0 utiliser plut\u00f4t la livraison.<\/p>\n<p style=\"text-align: justify;\">Il est pr\u00e9f\u00e9rable d&rsquo;appeler pour confirmer si ce service est disponible \u00e0 votre march\u00e9 local. Vous aurez plus d&rsquo;information \u00e0 partir du site Web de <em>Microsoft<\/em> <a href=\"https:\/\/www.msn.com\/fr-ca\/actualites\/quebec-canada\/des-heures-de-magasinage-r%c3%a9serv%c3%a9es-aux-a%c3%aen%c3%a9s-dans-les-maxi-et-provigo\/ar-BB11AGk7?li=AAgh0dy\" target=\"_blank\" rel=\"noopener noreferrer\">en cliquant ici<\/a>.<\/p>\n<h5><em>Distanciation sociale<\/em><\/h5>\n<p style=\"text-align: justify;\">Veuillez toutefois noter que le <a href=\"https:\/\/fr.wikipedia.org\/wiki\/Horacio_Arruda\" target=\"_blank\" rel=\"noopener noreferrer\">Dr Horacio Arruda<\/a>, <a href=\"https:\/\/www.msss.gouv.qc.ca\/professionnels\/documents\/liste-directeurs-santepub.pdf\" target=\"_blank\" rel=\"noopener noreferrer\">Directeur national de sant\u00e9 publique<\/a> et sous-ministre adjoint, n&rsquo;est pas tr\u00e8s chaud face \u00e0 cette approche, comme <a href=\"https:\/\/ici.radio-canada.ca\/nouvelle\/1683432\/loblaws-maxi-provigo-aines-mobilite-reduite-covid-19\" target=\"_blank\" rel=\"noopener noreferrer\">vous pourrez le lire ici<\/a>.<\/p>\n<p style=\"padding-left: 40px; text-align: justify;\"><em>\u00ab Il faut que les gens gardent une distance d\u2019un \u00e0 deux m\u00e8tres les uns des autres. Et ceux qui ont des sympt\u00f4mes et qui sont malades ne doivent pas sortir.\u00a0\u00bb<\/em><\/p>\n<h5><em>\u00c9viter la contagion en faisant son \u00e9picerie<\/em><\/h5>\n<p style=\"text-align: justify;\">Le confinement n&#8217;emp\u00eache pas qu&rsquo;il faille continuer de se nourrir et, donc, de renouveler ses provisions. L&rsquo;id\u00e9al est de faire livrer son \u00e9picerie, mais les d\u00e9lais sont devenus tr\u00e8s longs.<\/p>\n<p style=\"text-align: justify;\"><a href=\"https:\/\/www.protegez-vous.ca\/nouvelles\/sante-et-alimentation\/covid-19-faire-son-epicerie-avec-precaution?utm_source=infolettre&amp;utm_medium=courriel&amp;utm_content%5Bdate%5D=2020-03-31+00%3A00%3A00.000000&amp;utm_content%5Btimezone_type%5D=1&amp;utm_content%5Btimezone%5D=%2B00%3A00&amp;utm_campaign=nouvelles&amp;tp=i-1NGB-Cd-1j8-2zPeK-1s-Ict-1c-2zIAn-l4RMzWp3X4-27XUg6\" target=\"_blank\" rel=\"noopener noreferrer\">Voici quelques conseils<\/a> du magazine <em>Prot\u00e9gez-vous<\/em> pour \u00e9viter au maximum de se contaminer en allant faire son \u00e9picerie.<\/p>\n<h5><em>Attention aux faux rem\u00e8des<\/em><\/h5>\n<p style=\"text-align: justify;\">Tout le monde semble avoir sa recette miracle contre le coronavirus et certaines personnes en profitent pour vanter et vendre leur solution. <a href=\"https:\/\/www.protegez-vous.ca\/nouvelles\/sante-et-alimentation\/covid-19-gare-aux-conseils-inutiles-et-aux-faux-remedes?utm_content%5Bdate%5D=2020-03-31+00%3A00%3A00.000000&amp;utm_content%5Btimezone%5D=%2B00%3A00&amp;utm_content%5Btimezone_type%5D=1\" target=\"_blank\" rel=\"noopener noreferrer\">Cet article de <em>Prot\u00e9gez-vous<\/em><\/a> vous parle de\u00a0:<\/p>\n<ul>\n<li>gels d\u00e9sinfectants maison;<\/li>\n<li>bain chaud, boissons chaudes et chaleur;<\/li>\n<li>gargarismes et solutions salines;<\/li>\n<li>stimulation de votre syst\u00e8me immunitaire.<\/li>\n<\/ul>\n<hr \/>\n<h4 style=\"text-align: justify;\"><strong>Appels vid\u00e9o<\/strong><\/h4>\n<p style=\"text-align: justify;\">En ce temps d&rsquo;isolement sans pr\u00e9c\u00e9dent, les appels vid\u00e9o permettent d&rsquo;ajouter l&rsquo;image \u00e0 la voix.<\/p>\n<h5><em>Les applications de vid\u00e9oconf\u00e9rence<\/em><\/h5>\n<p style=\"text-align: justify;\">Vous retrouverez <a href=\"https:\/\/ici.radio-canada.ca\/nouvelle\/1683530\/chat-conversation-appel-video-coronavirus-covid-19-guide-pratique-aide-ressource-comment-telecharger-zoom-skype-hangouts-facetime\" target=\"_blank\" rel=\"noopener noreferrer\">dans cet article<\/a> de <em>Radio-Canada<\/em> les meilleures applications permettant de passer de tels appels\u00a0:<\/p>\n<ul>\n<li><a href=\"https:\/\/www.messenger.com\/\" target=\"_blank\" rel=\"noopener noreferrer\">Messenger<\/a><\/li>\n<li><a href=\"https:\/\/hangouts.google.com\/?hl=fr\" target=\"_blank\" rel=\"noopener noreferrer\">Hangouts<\/a><\/li>\n<li><a href=\"https:\/\/www.skype.com\/fr\/\" target=\"_blank\" rel=\"noopener noreferrer\">Skype<\/a><\/li>\n<li><a href=\"https:\/\/zoom.us\/\" target=\"_blank\" rel=\"noopener noreferrer\">Zoom<\/a><\/li>\n<li><a href=\"https:\/\/support.apple.com\/fr-ca\/HT204380\" target=\"_blank\" rel=\"noopener noreferrer\">FaceTime<\/a><\/li>\n<li style=\"text-align: justify;\"><a href=\"https:\/\/duo.google.com\/about\/\" target=\"_blank\" rel=\"noopener noreferrer\">Google Duo<\/a><\/li>\n<\/ul>\n<p style=\"text-align: justify;\">Un tutoriel r\u00e9alis\u00e9 par R\u00e9jean C\u00f4t\u00e9 vous expliquant comment utiliser Messenger, Hangouts, Skype et FaceTime vous est fourni <a href=\"https:\/\/cimbcc.org\/test2\/wp-content\/uploads\/tutoriel_2020_03_28_pour-faire-une-vid\u00e9oconf\u00e9rence.pdf\" target=\"_blank\" rel=\"noopener noreferrer\">en cliquant ici<\/a>.<\/p>\n<h5><em>Faille de s\u00e9curit\u00e9 majeure chez Zoom<\/em><\/h5>\n<p style=\"text-align: justify;\">Une tr\u00e8s grosse faille de s\u00e9curit\u00e9 et un manque de confidentialit\u00e9 ont afflig\u00e9 l&rsquo;application de vid\u00e9oconf\u00e9rence Zoom comme cet article du 31 mars 2020 du site Web de Radio-Canada <a href=\"https:\/\/ici.radio-canada.ca\/nouvelle\/1690078\/zoom-video-conference-piratage-donnees-racisme-pornographie\" target=\"_blank\" rel=\"noopener noreferrer\">en fait mention<\/a>.<\/p>\n<p style=\"text-align: justify;\">Le site Web FrancoisCharron.com <a href=\"https:\/\/www.francoischarron.com\/une-importante-faille-de-securite-sur-zoom-sur-pc-expose-notre-ordinateur\/-\/xLfwLrlavh\/?fbclid=IwAR2cQvF69jRZY7XA2ylQjj_W2oS3I2Pll5oYxQJNyYRtSt8SQjyDHq8DZVg\" target=\"_blank\" rel=\"noopener noreferrer\">explique comment colmater cette faille de s\u00e9curit\u00e9<\/a>, mais il faut une bonne ma\u00eetrise des syst\u00e8mes informatiques pour appliquer le correctif, surtout pour la version Famille de Windows 10.<\/p>\n<p style=\"text-align: justify;\"><a href=\"https:\/\/blog.zoom.us\/wordpress\/2020\/04\/01\/a-message-to-our-users\/\" target=\"_blank\" rel=\"noopener noreferrer\">Dans un long message \u00e0 ses utilisateurs<\/a> en date du 1<sup>er<\/sup> avril, le PDG de Zoom affirme que des correctifs ont d\u00e9j\u00e0 \u00e9t\u00e9 apport\u00e9s. Toutefois,\u00a0 il mentionne qu&rsquo;il reste encore plusieurs choses \u00e0 r\u00e9aliser.<\/p>\n<p style=\"text-align: justify;\">Le site Web journaldunet.com <a href=\"https:\/\/www.journaldunet.com\/web-tech\/guide-de-l-entreprise-digitale\/1443796-zoom-corrige-les-failles-critiques-de-son-application-de-web-conference\/?fbclid=IwAR2Jeq3fH76P_WhWsT9fH4B51oTeb-UGbi6PXRzRFT1_sN_NV9FkX_2NpXU\" target=\"_blank\" rel=\"noopener noreferrer\">affirme en date du 2 avril<\/a>\u00a0que <em>\u00ab\u00a0Zoom vient de corriger les trois failles critiques d\u00e9couvertes dans son application.\u00a0\u00bb<\/em><\/p>\n<p style=\"text-align: justify;\">Toujours en date du 2 avril, le site Web tomsguide.fr annonce que <a href=\"https:\/\/www.tomsguide.fr\/spacex-aurait-interdit-a-ses-employes-dutiliser-zoom-lapplication-de-visioconference\/\" target=\"_blank\" rel=\"noopener noreferrer\">l&rsquo;entreprise SpaceX d&rsquo;Elon Musk a banni l&rsquo;utilisation de Zoom<\/a>.<\/p>\n<p style=\"text-align: justify;\">Il est donc fortement recommand\u00e9 d&rsquo;\u00eatre tr\u00e8s prudent si vous devez vous servir de Zoom pour des raisons personnelles ou professionnelles. Si c&rsquo;est possible, l&rsquo;utilisation d&rsquo;une des autres applications mentionn\u00e9es pr\u00e9c\u00e9demment serait pr\u00e9f\u00e9rable jusqu&rsquo;\u00e0 ce que les programmateurs de Zoom aient pu corriger les probl\u00e8mes observ\u00e9s et valider leurs modifications.<\/p>\n<hr \/>\n<h4><strong>L\u00e2chez un peu Facebook pour \u00eatre plus heureux!<\/strong><\/h4>\n<p style=\"text-align: justify;\">Une \u00e9tude scientifique montre que le fait de diminuer son temps d&rsquo;utilisation de <em>Facebook<\/em> am\u00e8ne une augmentation du bien-\u00eatre. Apprenez-en plus dans cet article du site Web de <em>Futura-Sant\u00e9<\/em> <a href=\"https:\/\/www.futura-sciences.com\/sante\/actualites\/bien-etre-passer-moins-temps-facebook-augmenterait-sensation-bien-etre-80086\/#xtor%3DEPR-17-%5BQUOTIDIENNE%5D-20200322-%5BACTU-Passer-moins-de-temps-sur-Facebook-augmenterait-la-sensation-de-bien-etre%5D\" target=\"_blank\" rel=\"noopener noreferrer\">en cliquant ici<\/a>.<\/p>\n<p>Denis Charron<\/p>\n<hr \/>\n<h4>Note de l&rsquo;\u00e9diteur<\/h4>\n<p style=\"text-align: justify;\">Je tiens \u00e0 remercier Michel Th\u00e9roux qui a port\u00e9 \u00e0 l&rsquo;attention des membres du CIMBCC le probl\u00e8me de s\u00e9curit\u00e9 observ\u00e9 avec l&rsquo;application Zoom.<\/p>\n","protected":false},"excerpt":{"rendered":"<p>Aujourd&rsquo;hui, il sera question : de l&rsquo;\u00e9picerie et des a\u00een\u00e9(e)s; des appels vid\u00e9o et d&rsquo;une faille de s\u00e9curit\u00e9 majeure chez Zoom; et finalement, l\u00e2chez un peu Facebook pour \u00eatre plus heureux\u00a0!<\/p>\n","protected":false},"author":43,"featured_media":0,"comment_status":"open","ping_status":"closed","sticky":false,"template":"","format":"standard","meta":{"footnotes":""},"categories":[24],"tags":[112,1187,1192,1184,1182,106,20,1189,1191,882,1188,683,379,357,31,1190],"class_list":["post-29357","post","type-post","status-publish","format-standard","hentry","category-conseils-pratiques","tag-achat","tag-ainees","tag-appels-video","tag-coronavirus","tag-covid-19","tag-epicerie","tag-facebook","tag-facetime","tag-google-duo","tag-hangouts","tag-messenger","tag-protection-des-donnees","tag-protegez-vous","tag-securite","tag-skype","tag-zoom"],"_links":{"self":[{"href":"https:\/\/cimbcc.org\/test2\/wp-json\/wp\/v2\/posts\/29357","targetHints":{"allow":["GET"]}}],"collection":[{"href":"https:\/\/cimbcc.org\/test2\/wp-json\/wp\/v2\/posts"}],"about":[{"href":"https:\/\/cimbcc.org\/test2\/wp-json\/wp\/v2\/types\/post"}],"author":[{"embeddable":true,"href":"https:\/\/cimbcc.org\/test2\/wp-json\/wp\/v2\/users\/43"}],"replies":[{"embeddable":true,"href":"https:\/\/cimbcc.org\/test2\/wp-json\/wp\/v2\/comments?post=29357"}],"version-history":[{"count":31,"href":"https:\/\/cimbcc.org\/test2\/wp-json\/wp\/v2\/posts\/29357\/revisions"}],"predecessor-version":[{"id":29359,"href":"https:\/\/cimbcc.org\/test2\/wp-json\/wp\/v2\/posts\/29357\/revisions\/29359"}],"wp:attachment":[{"href":"https:\/\/cimbcc.org\/test2\/wp-json\/wp\/v2\/media?parent=29357"}],"wp:term":[{"taxonomy":"category","embeddable":true,"href":"https:\/\/cimbcc.org\/test2\/wp-json\/wp\/v2\/categories?post=29357"},{"taxonomy":"post_tag","embeddable":true,"href":"https:\/\/cimbcc.org\/test2\/wp-json\/wp\/v2\/tags?post=29357"}],"curies":[{"name":"wp","href":"https:\/\/api.w.org\/{rel}","templated":true}]}}