{"id":2964,"date":"2012-09-20T10:00:41","date_gmt":"2012-09-20T15:00:41","guid":{"rendered":"https:\/\/cimbcc.org\/test2\/?p=2964"},"modified":"2023-10-16T22:17:13","modified_gmt":"2023-10-17T02:17:13","slug":"echos-du-conseil-dadministration-aout-2012-3","status":"publish","type":"post","link":"https:\/\/cimbcc.org\/test2\/echos-du-conseil-dadministration-aout-2012-3\/","title":{"rendered":"\u00c9chos du conseil d&rsquo;administration &#8211; septembre 2012"},"content":{"rendered":"<div align=\"center\">\n<figure id=\"attachment_5549\" aria-describedby=\"caption-attachment-5549\" style=\"width: 450px\" class=\"wp-caption aligncenter\"><img loading=\"lazy\" decoding=\"async\" class=\"size-full wp-image-5549\" src=\"https:\/\/cimbcc.org\/test2\/wp-content\/uploads\/Photo-Du-CA-2012-2013.jpg\" alt=\"\" width=\"450\" height=\"134\" srcset=\"https:\/\/cimbcc.org\/test2\/wp-content\/uploads\/Photo-Du-CA-2012-2013.jpg 450w, https:\/\/cimbcc.org\/test2\/wp-content\/uploads\/Photo-Du-CA-2012-2013-300x89.jpg 300w\" sizes=\"auto, (max-width: 450px) 100vw, 450px\" \/><figcaption id=\"caption-attachment-5549\" class=\"wp-caption-text\">De gauche \u00e0 droite\u00a0: Walter\u00a0Pearce, Francine\u00a0Fortier, R\u00e9jean\u00a0C\u00f4t\u00e9, Danielle\u00a0Bourque, Michel\u00a0Gagn\u00e9, Yvon\u00a0Gaudreau, Raymonde\u00a0Lemay, R\u00e9jean\u00a0Daigle, Sylvie\u00a0Mazur et Andr\u00e9\u00a0Charest. Denis\u00a0Dulude \u00e9tait absent au moment de la prise de la photo.<\/figcaption><\/figure>\n<p style=\"text-align: justify;\">En cette veille de la Journ\u00e9e portes ouvertes annuelle, le conseil constatait que 172 membres avaient d\u00e9j\u00e0 renouvel\u00e9 leur adh\u00e9sion. Danielle Bourque et son \u00e9quipe \u00e9taient pr\u00eats pour accueillir les membres et les visiteurs le lendemain. Les membres ont \u00e9t\u00e9 invit\u00e9s \u00e0 se pr\u00e9senter au Centre communautaire de Saint-Bruno pour renouveler leur adh\u00e9sion pour l\u2019ann\u00e9e 2012-2013. Il leur sera aussi possible de le faire lors des s\u00e9ances de pr\u00e9sentations des 12 et 14 septembre.\u00a0 Par ailleurs, le conseil a d\u00e9cid\u00e9 de rayer de sa liste d\u2019envoi les membres non r\u00e9inscrits le 30 septembre.<\/p>\n<p style=\"text-align: justify;\"><!--more--><br \/>\nLes administrateurs ont r\u00e9affirm\u00e9 la politique du club quant au respect des lois, en particulier celles relatives au respect de la propri\u00e9t\u00e9 intellectuelle et \u00e0 la protection de l\u2019information sur ses membres. Il a \u00e9t\u00e9 d\u00e9cid\u00e9 de transmettre \u00e0 tous les b\u00e9n\u00e9voles un message du pr\u00e9sident o\u00f9 il leur rappellera quelques r\u00e8gles de conduites \u00e0 privil\u00e9gier pour se conformer \u00e0 cet aspect de la politique du club.<\/p>\n<p style=\"text-align: justify;\">R\u00e9jean C\u00f4t\u00e9 a fait le point sur la disponibilit\u00e9 de b\u00e9n\u00e9voles pour assurer le fonctionnement des activit\u00e9s et services du club. M\u00eame si certains de ces derniers peuvent compter sur des effectifs suffisants, tous les besoins ne sont pas combl\u00e9s. Parmi les besoins prioritaires, il a soulign\u00e9 que le club est toujours \u00e0 la recherche\u00a0:<\/p>\n<ul>\n<li style=\"text-align: justify;\">d\u2019un coordonnateur pour les ateliers;<\/li>\n<li style=\"text-align: justify;\">d\u2019un webmestre pour le site du club;<\/li>\n<li style=\"text-align: justify;\">de collaborateurs pour le CHIP et son blogue;<\/li>\n<li style=\"text-align: justify;\">d\u2019un animateur pour l\u2019atelier sur les transactions \u00e9lectroniques;<\/li>\n<li style=\"text-align: justify;\">de pr\u00e9sentateurs pour les s\u00e9ances du mercredi et du vendredi.<\/li>\n<\/ul>\n<p style=\"text-align: justify;\">Chaque b\u00e9n\u00e9vole donne du temps selon ses capacit\u00e9s et dans un esprit d\u2019\u00e9quipe o\u00f9 chacun est le soutien de l\u2019autre. Il faut esp\u00e9rer que d\u2019autres membres se joindront aux b\u00e9n\u00e9voles qui \u0153uvrent d\u00e9j\u00e0 au club.<\/p>\n<p style=\"text-align: justify;\">Le conseil a ensuite pass\u00e9 en revue trois activit\u00e9s du club, en commen\u00e7ant par les s\u00e9ances de pr\u00e9sentations du mercredi et du vendredi, avec Guy B\u00e9langer qui en est le responsable. Parmi les faits saillants, il faut noter qu\u2019il y aura \u00e0 peu pr\u00e8s autant de s\u00e9ances cette ann\u00e9e que l\u2019an dernier, que deux p\u00e9riodes de questions\/r\u00e9ponses par mois sont pr\u00e9vues cet automne, et qu\u2019il est important de r\u00e9p\u00e9ter un vendredi une pr\u00e9sentation qui aura \u00e9t\u00e9 faite un mercredi. Le conseil s\u2019est dit tr\u00e8s satisfait du calendrier riche et int\u00e9ressant qui lui a \u00e9t\u00e9 pr\u00e9sent\u00e9.<\/p>\n<p style=\"text-align: justify;\">Ensuite, le conseil a fait le point sur l\u2019assistance par courriel qui compte sur une \u00e9quipe de six b\u00e9n\u00e9voles sous la responsabilit\u00e9 de Jacques Lalibert\u00e9. Si les demandes d\u2019aide ont \u00e9t\u00e9 peu nombreuses cet \u00e9t\u00e9, elles devraient retrouver leur rythme habituel d\u00e8s cet automne. Le conseil a retenu que ce service r\u00e9pond \u00e0 des besoins r\u00e9els des membres du club.<\/p>\n<p style=\"text-align: justify;\">Enfin, il a \u00e9t\u00e9 question de la logistique, service qui consiste \u00e0 installer et ranger la salle apr\u00e8s tout \u00e9v\u00e9nement du club, \u00e0 fournir et installer l\u2019\u00e9quipement n\u00e9cessaire et \u00e0 g\u00e9rer la pause-caf\u00e9. L\u2019\u00e9quipe responsable s\u2019assure aussi de la s\u00e9curit\u00e9 de la salle. Il faut trois personnes pour chaque s\u00e9ance de pr\u00e9sentations. Le responsable, Yvon Gaudreau, souhaite recruter de nouveaux b\u00e9n\u00e9voles pour l\u2019\u00e9pauler, surtout le mercredi soir. Le conseil a remerci\u00e9 Yvon et son \u00e9quipe pour leurs services de soutien particuli\u00e8rement importants.<\/p>\n<p style=\"text-align: justify;\">Sylvie Mazur<br \/>\nSecr\u00e9taire du CIMBCC<\/p>\n<\/div>\n","protected":false},"excerpt":{"rendered":"<p>En cette veille de la Journ\u00e9e portes ouvertes annuelle, le conseil constatait que 172 membres avaient d\u00e9j\u00e0 renouvel\u00e9 leur adh\u00e9sion. Danielle Bourque et son \u00e9quipe \u00e9taient pr\u00eats pour accueillir les membres et les visiteurs le lendemain. Les membres ont \u00e9t\u00e9 invit\u00e9s \u00e0 se pr\u00e9senter au Centre communautaire de Saint-Bruno pour renouveler leur adh\u00e9sion pour l\u2019ann\u00e9e &hellip; <a href=\"https:\/\/cimbcc.org\/test2\/echos-du-conseil-dadministration-aout-2012-3\/\" class=\"more-link\">Continuer la lecture de <span class=\"screen-reader-text\">\u00c9chos du conseil d&rsquo;administration &#8211; septembre 2012<\/span>  <span class=\"meta-nav\">&rarr;<\/span><\/a><\/p>\n","protected":false},"author":43,"featured_media":0,"comment_status":"closed","ping_status":"closed","sticky":false,"template":"","format":"standard","meta":{"footnotes":""},"categories":[386],"tags":[959,232,958,664,271,960,683],"class_list":["post-2964","post","type-post","status-publish","format-standard","hentry","category-echos-du-conseil-dadministration","tag-adhesion","tag-assistance-par-courriel","tag-journee-portes-ouvertes","tag-logistique","tag-presentations","tag-propriete-intellectuelle","tag-protection-des-donnees"],"_links":{"self":[{"href":"https:\/\/cimbcc.org\/test2\/wp-json\/wp\/v2\/posts\/2964","targetHints":{"allow":["GET"]}}],"collection":[{"href":"https:\/\/cimbcc.org\/test2\/wp-json\/wp\/v2\/posts"}],"about":[{"href":"https:\/\/cimbcc.org\/test2\/wp-json\/wp\/v2\/types\/post"}],"author":[{"embeddable":true,"href":"https:\/\/cimbcc.org\/test2\/wp-json\/wp\/v2\/users\/43"}],"replies":[{"embeddable":true,"href":"https:\/\/cimbcc.org\/test2\/wp-json\/wp\/v2\/comments?post=2964"}],"version-history":[{"count":48,"href":"https:\/\/cimbcc.org\/test2\/wp-json\/wp\/v2\/posts\/2964\/revisions"}],"predecessor-version":[{"id":26068,"href":"https:\/\/cimbcc.org\/test2\/wp-json\/wp\/v2\/posts\/2964\/revisions\/26068"}],"wp:attachment":[{"href":"https:\/\/cimbcc.org\/test2\/wp-json\/wp\/v2\/media?parent=2964"}],"wp:term":[{"taxonomy":"category","embeddable":true,"href":"https:\/\/cimbcc.org\/test2\/wp-json\/wp\/v2\/categories?post=2964"},{"taxonomy":"post_tag","embeddable":true,"href":"https:\/\/cimbcc.org\/test2\/wp-json\/wp\/v2\/tags?post=2964"}],"curies":[{"name":"wp","href":"https:\/\/api.w.org\/{rel}","templated":true}]}}