{"id":29809,"date":"2020-05-10T21:00:56","date_gmt":"2020-05-11T01:00:56","guid":{"rendered":"https:\/\/cimbcc.org\/test2\/?p=29809"},"modified":"2023-10-16T22:12:34","modified_gmt":"2023-10-17T02:12:34","slug":"menage-du-printemps-telephone-intelligent-et-tablette-1e-partie","status":"publish","type":"post","link":"https:\/\/cimbcc.org\/test2\/menage-du-printemps-telephone-intelligent-et-tablette-1e-partie\/","title":{"rendered":"M\u00e9nage du printemps! T\u00e9l\u00e9phone Intelligent et tablette (1e partie)"},"content":{"rendered":"<figure id=\"attachment_43393\" aria-describedby=\"caption-attachment-43393\" style=\"width: 125px\" class=\"wp-caption aligncenter\"><img loading=\"lazy\" decoding=\"async\" class=\"wp-image-43393 size-full\" src=\"https:\/\/cimbcc.org\/test2\/wp-content\/uploads\/photo_delisle_pierre_nouvelle.jpg\" alt=\"\" width=\"125\" height=\"126\" \/><figcaption id=\"caption-attachment-43393\" class=\"wp-caption-text\">Pierre Delisle<\/figcaption><\/figure>\n<p style=\"text-align: justify;\"><em>\u00ab\u00a0Le <\/em><a href=\"http:\/\/www.expressions-francaises.fr\/expressions-f\/3197-faire-son-menage-de-printemps.html\" target=\"_blank\" rel=\"noopener noreferrer\"><strong><em>m\u00e9nage<\/em><\/strong><em>\u00a0de\u00a0<strong>printemps<\/strong>\u00a0<\/em><\/a><em>est une pratique ancestrale qui puise ses origines dans le monde agricole lorsqu&rsquo;il est n\u00e9cessaire de vider caves et greniers pour faire de la place aux nouvelles r\u00e9coltes des saisons prochaines.\u00a0\u00bb<\/em><\/p>\n<p style=\"text-align: justify;\">Alors, on pense \u00e0 notre appartement, notre maison, notre garage, notre cabanon\u00a0! Mais qu\u2019en est-il de nos petits appareils num\u00e9riques\u00a0? Comment faire de la place aux nouvelles r\u00e9coltes des saisons prochaines\u00a0?<\/p>\n<p><!--more--><\/p>\n<p style=\"text-align: justify;\">Votre <em>iPhone<\/em> ou <em>iPad<\/em> a-t-il perdu de sa vitesse\u00a0? Connaissant moins bien la technologie <em>Android<\/em>, je ne parlerai que de produits <em>Apple<\/em>. J\u2019ai toutefois un \u00ab <em>feeling<\/em> \u00bb que les proc\u00e9dures ne sont pas tr\u00e8s diff\u00e9rentes.<\/p>\n<p style=\"text-align: justify;\">Vous \u00eates exc\u00e9d\u00e9 que votre appareil affiche : \u00ab espace de stockage insuffisant \u00bb\u00a0? Vos mises \u00e0 jour sont probl\u00e9matiques\u00a0? Vous ne pouvez enregistrer de nouvelles photos ! Devez-vous \u00e9teindre compl\u00e8tement votre appareil de fa\u00e7on plus fr\u00e9quente\u00a0? <a href=\"https:\/\/www.lci.fr\/high-tech\/video-l-astuce-geek-10-conseils-pour-liberer-de-l-espace-de-stockage-sur-votre-iphone-ios-smartphone-2023297.html\" target=\"_blank\" rel=\"noopener noreferrer\">FAITES DE LA PLACE<\/a>\u00a0! Tout le monde n\u2019a pas la chance d\u2019acheter un nouvel appareil.<\/p>\n<p style=\"text-align: justify;\">Comme me l\u2019a soulign\u00e9 C\u00e9line Dion, nous avons tendance \u00e0 \u00ab\u00a0gaver\u00a0\u00bb nos outils num\u00e9riques. L\u2019an dernier, Denis Charron nous a offert un <a href=\"https:\/\/cimbcc.org\/test2\/menage-du-printemps\" target=\"_blank\" rel=\"noopener noreferrer\">excellent article<\/a> sur la fa\u00e7on de faire le m\u00e9nage des fichiers de notre PC. L\u2019ann\u00e9e pr\u00e9c\u00e9dente, il nous donnait des conseils pratiques pour <a href=\"https:\/\/cimbcc.org\/test2\/supprimer-automatiquement-les-dossiers-vides\" target=\"_blank\" rel=\"noopener noreferrer\">supprimer automatiquement les dossiers vides<\/a>.<\/p>\n<p style=\"text-align: justify;\">Dans ce premier article d&rsquo;une s\u00e9rie de deux, nous nous attarderons au <strong>transfert de nos photos vers un PC<\/strong> (sous Windows 10) <strong>ou vers une cl\u00e9 USB<\/strong>.<\/p>\n<p style=\"text-align: justify;\">Dans un prochain article, nous verrons comment faire le <strong>m\u00e9nage dans nos courriers, nos photos, dans nos apps<\/strong> \u00ab m\u00e9morivores \u00bb et ceci directement \u00e0 partir de l\u2019appareil.<\/p>\n<hr \/>\n<h5><strong>Transf\u00e9rer les photos du <em>iPhone<\/em> ou <em>iPad<\/em> vers le PC<\/strong><\/h5>\n<p style=\"text-align: justify;\">Avant de faire votre m\u00e9nage, peut-\u00eatre voudriez-vous sauvegarder quelques-uns de vos chefs-d\u2019\u0153uvre visuels.<\/p>\n<ul>\n<li style=\"text-align: justify;\">Sous Windows 10, j\u2019ai branch\u00e9 mon <em>iPhone<\/em> (version iOS 13 et plus r\u00e9cente) avec le c\u00e2ble vers une entr\u00e9e USB de mon ordinateur. Un menu est automatiquement apparu. J\u2019ai choisi l\u2019outil Photos. Si le menu n\u2019appara\u00eet pas, allez directement \u00e0 l\u2019outil Photos (demandez \u00e0 Cortana ou utilisez le bouton Rechercher et inscrivez Photos).<\/li>\n<li style=\"text-align: justify;\">En haut \u00e0 droite, cliquez sur le bouton <img loading=\"lazy\" decoding=\"async\" class=\"alignnone size-full wp-image-29813\" src=\"https:\/\/cimbcc.org\/test2\/wp-content\/uploads\/chip_2020_05_08_menage_1.jpg\" alt=\"\" width=\"58\" height=\"14\" \/>, puis \u00ab\u00a0<strong>\u00e0 partir d\u2019un p\u00e9riph\u00e9rique USB\u00a0<\/strong>\u00bb. Dans la bo\u00eete qui appara\u00eet, cliquez sur le nom de votre appareil. Patientez quelques instants\u00a0! Vos photos ou images apparaissent toutes.<\/li>\n<li style=\"text-align: justify;\">Pour indiquer o\u00f9 faire l\u2019importation, cliquez sur le bouton <img loading=\"lazy\" decoding=\"async\" class=\"alignnone size-full wp-image-29814\" src=\"https:\/\/cimbcc.org\/test2\/wp-content\/uploads\/chip_2020_05_08_menage_2.jpg\" alt=\"\" width=\"109\" height=\"14\" \/>. Cliquez sur <strong>Modifier la destination de l\u2019importation.<\/strong> Choisissez le dossier voulu. Cliquez sur <strong>Ajouter ce dossier \u00e0 Images<\/strong> et <strong>Termin\u00e9.<\/strong><\/li>\n<li style=\"text-align: justify;\">Cliquez sur le petit carr\u00e9 des photos \u00e0 s\u00e9lectionner (vous pouvez aussi utiliser les trucs Shift-Click et Ctrl-Click pour acc\u00e9l\u00e9rer).<\/li>\n<li style=\"text-align: justify;\">Cliquez sur <strong>?? \u00e9l\u00e9ments import\u00e9s de ????<\/strong><\/li>\n<\/ul>\n<p style=\"text-align: justify;\">Voil\u00e0, c\u2019est fait\u00a0!<\/p>\n<p style=\"text-align: justify;\">J\u2019ai \u00e9galement tent\u00e9 cette m\u00e9thode avec un <em>iPad<\/em> de 4<sup>e<\/sup> g\u00e9n\u00e9ration, version iOS 10.3.3. M\u00eame r\u00e9sultat! Vous pouvez cliquer sur ce <a href=\"http:\/\/www.prodigemobile.com\/tutoriel-apple\/transferer-photos-iphone-ordinateur\/\" target=\"_blank\" rel=\"noopener noreferrer\">LIEN<\/a> pour plus d\u2019informations.<\/p>\n<hr \/>\n<h5 style=\"text-align: justify;\"><strong>Transf\u00e9rer les photos du <em>iPhone<\/em> ou <em>iPad<\/em> vers une cl\u00e9 USB<\/strong><\/h5>\n<p style=\"text-align: justify;\">Lorsque je voyage seulement avec mon <em>iPhone<\/em> ou <em>iPad<\/em>, j\u2019aime bien faire une copie de mes photos au cas o\u00f9 \u2026 Je le fais habituellement vers une cl\u00e9 USB.<\/p>\n<p style=\"text-align: justify;\">Il existe maintenant des b\u00e2tons de m\u00e9moire qui ont un connecteur USB \u00e0 une extr\u00e9mit\u00e9 et une fiche <em>Lightning<\/em> (qui s\u2019ins\u00e8re dans le petit trou du <em>iPhone<\/em> ou <em>iPad<\/em>) de l\u2019autre. <a href=\"https:\/\/www.francoischarron.com\/la-cle-usb-iklips-pour-transferer-des-fichiers-de-votre-iphone-a-votre-ordi\/-\/N1K1vBwviZ\/\" target=\"_blank\" rel=\"noopener noreferrer\">Fran\u00e7ois Charron explique comment<\/a>. Ce sera peut-\u00eatre ma solution lors de mon prochain voyage \u2026<\/p>\n<p style=\"text-align: justify;\">Actuellement, j\u2019utilise un outil interm\u00e9diaire\u00a0: <a href=\"https:\/\/www.top-for-phone.fr\/test-ravpower-rp-wd01\" target=\"_blank\" rel=\"noopener noreferrer\">la pile externe de la compagnie RavPower<\/a> (mod\u00e8le RP-WD01). C\u2019est en quelque sorte, un outil 5 en 1.<\/p>\n<figure id=\"attachment_29817\" aria-describedby=\"caption-attachment-29817\" style=\"width: 505px\" class=\"wp-caption alignnone\"><img loading=\"lazy\" decoding=\"async\" class=\"size-full wp-image-29817\" src=\"https:\/\/cimbcc.org\/test2\/wp-content\/uploads\/chip_2020_05_08_menage_3.jpg\" alt=\"\" width=\"505\" height=\"411\" srcset=\"https:\/\/cimbcc.org\/test2\/wp-content\/uploads\/chip_2020_05_08_menage_3.jpg 505w, https:\/\/cimbcc.org\/test2\/wp-content\/uploads\/chip_2020_05_08_menage_3-300x244.jpg 300w\" sizes=\"auto, (max-width: 505px) 100vw, 505px\" \/><figcaption id=\"caption-attachment-29817\" class=\"wp-caption-text\"><a href=\"https:\/\/www.top-for-phone.fr\/test-ravpower-rp-wd01\" target=\"_blank\" rel=\"noopener noreferrer\">RavPower RP-WD01<\/a><\/figcaption><\/figure>\n<p style=\"text-align: justify;\">Bon, il faut acheter le bidule, installer l\u2019application sur le <em>iPad\/iPhone<\/em> et \u00e9tablir la connexion Wi-Fi. Mais, voici ce que cela me permet de faire :<\/p>\n<ul style=\"text-align: justify;\">\n<li>si je suis en manque d\u2019\u00e9nergie, cet outil sert de pile suppl\u00e9mentaire (<em>power supply<\/em>);<\/li>\n<li>je peux transf\u00e9rer des photos du <em>iPhone<\/em> vers une cl\u00e9 USB ou une carte de m\u00e9moire;<\/li>\n<li>je peux transf\u00e9rer des photos d\u2019une carte de m\u00e9moire (d\u2019un appareil photographique externe) vers le <em>iPhone<\/em>;<\/li>\n<li>je peux transf\u00e9rer des photos entre une carte de m\u00e9moire et une cl\u00e9 USB;<\/li>\n<li>je peux faire une gestion compl\u00e8te (ajouter, supprimer) des photos du <em>iPhone<\/em> et des cartes de m\u00e9moire;<\/li>\n<li>je peux partager mes donn\u00e9es avec un maximum de 5 personnes \u00e0 proximit\u00e9 connect\u00e9es.<\/li>\n<\/ul>\n<p style=\"text-align: justify;\">Un <a href=\"https:\/\/www.youtube.com\/watch?v=UMoFLhNxfOw\" target=\"_blank\" rel=\"noopener noreferrer\">petit vid\u00e9o<\/a> avec cela \u2026<\/p>\n<p style=\"text-align: justify;\">Les photos de vos t\u00e9l\u00e9phones intelligents et de vos tablettes sont maintenant bien en s\u00e9curit\u00e9. Dans un prochain article, nous verrons comment faire un m\u00e9nage plus complet.<\/p>\n<p>Pierre Delisle<\/p>\n<p>&nbsp;<\/p>\n","protected":false},"excerpt":{"rendered":"<p>\u00ab\u00a0Le m\u00e9nage\u00a0de\u00a0printemps\u00a0est une pratique ancestrale qui puise ses origines dans le monde agricole lorsqu&rsquo;il est n\u00e9cessaire de vider caves et greniers pour faire de la place aux nouvelles r\u00e9coltes des saisons prochaines.\u00a0\u00bb Alors, on pense \u00e0 notre appartement, notre maison, notre garage, notre cabanon\u00a0! Mais qu\u2019en est-il de nos petits appareils num\u00e9riques\u00a0? Comment faire de &hellip; <a href=\"https:\/\/cimbcc.org\/test2\/menage-du-printemps-telephone-intelligent-et-tablette-1e-partie\/\" class=\"more-link\">Continuer la lecture de <span class=\"screen-reader-text\">M\u00e9nage du printemps! T\u00e9l\u00e9phone Intelligent et tablette (1e partie)<\/span>  <span class=\"meta-nav\">&rarr;<\/span><\/a><\/p>\n","protected":false},"author":43,"featured_media":0,"comment_status":"open","ping_status":"closed","sticky":false,"template":"","format":"standard","meta":{"footnotes":""},"categories":[403],"tags":[33,390,55,216,1226,915,104],"class_list":["post-29809","post","type-post","status-publish","format-standard","hentry","category-applications","tag-cle-usb","tag-ios","tag-ipad","tag-iphone","tag-lightning","tag-memoire","tag-telephone-intelligent"],"_links":{"self":[{"href":"https:\/\/cimbcc.org\/test2\/wp-json\/wp\/v2\/posts\/29809","targetHints":{"allow":["GET"]}}],"collection":[{"href":"https:\/\/cimbcc.org\/test2\/wp-json\/wp\/v2\/posts"}],"about":[{"href":"https:\/\/cimbcc.org\/test2\/wp-json\/wp\/v2\/types\/post"}],"author":[{"embeddable":true,"href":"https:\/\/cimbcc.org\/test2\/wp-json\/wp\/v2\/users\/43"}],"replies":[{"embeddable":true,"href":"https:\/\/cimbcc.org\/test2\/wp-json\/wp\/v2\/comments?post=29809"}],"version-history":[{"count":12,"href":"https:\/\/cimbcc.org\/test2\/wp-json\/wp\/v2\/posts\/29809\/revisions"}],"predecessor-version":[{"id":44078,"href":"https:\/\/cimbcc.org\/test2\/wp-json\/wp\/v2\/posts\/29809\/revisions\/44078"}],"wp:attachment":[{"href":"https:\/\/cimbcc.org\/test2\/wp-json\/wp\/v2\/media?parent=29809"}],"wp:term":[{"taxonomy":"category","embeddable":true,"href":"https:\/\/cimbcc.org\/test2\/wp-json\/wp\/v2\/categories?post=29809"},{"taxonomy":"post_tag","embeddable":true,"href":"https:\/\/cimbcc.org\/test2\/wp-json\/wp\/v2\/tags?post=29809"}],"curies":[{"name":"wp","href":"https:\/\/api.w.org\/{rel}","templated":true}]}}