{"id":30065,"date":"2020-06-11T21:00:45","date_gmt":"2020-06-12T01:00:45","guid":{"rendered":"https:\/\/cimbcc.org\/test2\/?p=30065"},"modified":"2023-10-16T22:12:11","modified_gmt":"2023-10-17T02:12:11","slug":"revoir-notre-lien-avec-la-terre-la-nature-et-les-animaux","status":"publish","type":"post","link":"https:\/\/cimbcc.org\/test2\/revoir-notre-lien-avec-la-terre-la-nature-et-les-animaux\/","title":{"rendered":"Revoir notre lien avec la Terre, la nature et les animaux"},"content":{"rendered":"<figure id=\"attachment_30069\" aria-describedby=\"caption-attachment-30069\" style=\"width: 540px\" class=\"wp-caption aligncenter\"><img loading=\"lazy\" decoding=\"async\" class=\"size-full wp-image-30069\" src=\"https:\/\/cimbcc.org\/test2\/wp-content\/uploads\/chip_2020_06_12_animaux_1.jpg\" alt=\"\" width=\"540\" height=\"192\" srcset=\"https:\/\/cimbcc.org\/test2\/wp-content\/uploads\/chip_2020_06_12_animaux_1.jpg 540w, https:\/\/cimbcc.org\/test2\/wp-content\/uploads\/chip_2020_06_12_animaux_1-300x107.jpg 300w\" sizes=\"auto, (max-width: 540px) 100vw, 540px\" \/><figcaption id=\"caption-attachment-30069\" class=\"wp-caption-text\"><a href=\"https:\/\/commons.wikimedia.org\/wiki\/File:Evolution_of_man_and_technology.jpg\" target=\"_blank\" rel=\"noopener noreferrer\">\u00c9volution de l&rsquo;homme et de la technologie<\/a><\/figcaption><\/figure>\n<p style=\"text-align: justify;\">L&rsquo;<a href=\"https:\/\/fr.wikipedia.org\/wiki\/Homo_sapiens\" target=\"_blank\" rel=\"noopener noreferrer\">Homme<\/a> se per\u00e7oit comme le <a href=\"https:\/\/fr.wikipedia.org\/wiki\/Ma%C3%AEtres_et_possesseurs_de_la_nature\" target=\"_blank\" rel=\"noopener noreferrer\">ma\u00eetre de la nature<\/a> jusqu&rsquo;au jour o\u00f9 un minuscule <a href=\"https:\/\/fr.wikipedia.org\/wiki\/Maladie_%C3%A0_coronavirus_2019\" target=\"_blank\" rel=\"noopener noreferrer\">virus<\/a> ou une bonne <a href=\"https:\/\/fr.wikipedia.org\/wiki\/Verglas_massif_de_janvier_1998_dans_le_Nord-Est_de_l%27Am%C3%A9rique_du_Nord\" target=\"_blank\" rel=\"noopener noreferrer\">temp\u00eate de verglas<\/a> lui rappelle que ce n&rsquo;est pas toujours le cas.<\/p>\n<p style=\"text-align: justify;\">L\u2019humanit\u00e9 s\u2019est trop souvent vue comme sup\u00e9rieure aux animaux. Il ne faudrait pas oublier que nous avons \u00e9volu\u00e9 en m\u00eame temps que ceux-ci et que nous partageons un espace naturel avec eux. Cet <a href=\"https:\/\/fr.wikipedia.org\/wiki\/Environnement\" target=\"_blank\" rel=\"noopener noreferrer\">environnement<\/a>, actuellement <a href=\"https:\/\/fr.wikipedia.org\/wiki\/Records_de_temp%C3%A9rature_sur_Terre\" target=\"_blank\" rel=\"noopener noreferrer\">bienveillant<\/a>, nous accueille sur la Terre et nous devons le pr\u00e9server.<\/p>\n<p><!--more--><\/p>\n<hr \/>\n<h4 style=\"text-align: justify;\">La relation entre les humains et les animaux<\/h4>\n<p style=\"text-align: justify;\">Nous exploitons depuis longtemps la force des animaux domestiques, souvent au d\u00e9triment de leur bien-\u00eatre. Nous en utilisons d\u2019autres comme nourriture. Bref, la relation entre les humains et les animaux n&rsquo;est pas toujours <a href=\"https:\/\/fr.wikipedia.org\/wiki\/Droits_des_animaux\" target=\"_blank\" rel=\"noopener noreferrer\">\u00e9quitable<\/a>.<\/p>\n<p style=\"text-align: justify;\">Plusieurs esp\u00e8ces en libert\u00e9 sont actuellement en d\u00e9clin acc\u00e9l\u00e9r\u00e9 ou approchent de la disparition d\u00e9finitive. Il est question d\u2019<a href=\"https:\/\/fr.wikipedia.org\/wiki\/Anthropoc%C3%A8ne\" target=\"_blank\" rel=\"noopener noreferrer\">anthropoc\u00e8ne<\/a> et de <a href=\"https:\/\/fr.wikipedia.org\/wiki\/Extinction_de_l%27Holoc%C3%A8ne\" target=\"_blank\" rel=\"noopener noreferrer\">sixi\u00e8me extinction<\/a> pour parler des changements apport\u00e9s par l\u2019homme \u00e0 l\u2019environnement naturel. La pause involontaire r\u00e9cente de l\u2019<a href=\"https:\/\/www.ledevoir.com\/economie\/580435\/une-recession-mondiale-pire-que-prevu\" target=\"_blank\" rel=\"noopener noreferrer\">\u00e9conomie mondiale<\/a> pourrait \u00eatre une occasion de r\u00e9fl\u00e9chir \u00e0 notre influence sur la plan\u00e8te <a href=\"https:\/\/fr.wikipedia.org\/wiki\/Terre\" target=\"_blank\" rel=\"noopener noreferrer\">Terre<\/a>.<\/p>\n<p style=\"text-align: justify;\">Le <a href=\"https:\/\/twitter.com\/_violet__xx\/status\/1254171521242759169\" target=\"_blank\" rel=\"noopener noreferrer\">lien suivant<\/a> montre tout simplement l\u2019affection v\u00e9ritable qui peut exister entre l\u2019humain et certains animaux dits dangereux. Ce visionnement r\u00e9chauffera votre c\u0153ur.<\/p>\n<hr \/>\n<h4 style=\"text-align: justify;\"><strong>Paul Barton joue du piano pour les \u00e9l\u00e9phants<\/strong><\/h4>\n<p style=\"text-align: justify;\">D&rsquo;origine britannique et \u00e2g\u00e9 de 59 ans, Paul Barton est un pianiste classique arriv\u00e9 en Tha\u00eflande pour enseigner cet instrument dans une \u00e9cole priv\u00e9e pour ce qu\u2019il croyait \u00eatre une p\u00e9riode de trois mois. Il a rencontr\u00e9 <a href=\"https:\/\/www.youtube.com\/user\/KhwanBarton\" target=\"_blank\" rel=\"noopener noreferrer\">Khwan<\/a> en 1996, une artiste locale. Elle est devenue sa femme, il a \u00e9lu domicile dans ce pays et ils ont une fille.<\/p>\n<figure id=\"attachment_30070\" aria-describedby=\"caption-attachment-30070\" style=\"width: 512px\" class=\"wp-caption aligncenter\"><img loading=\"lazy\" decoding=\"async\" class=\"size-full wp-image-30070\" src=\"https:\/\/cimbcc.org\/test2\/wp-content\/uploads\/chip_2020_06_12_animaux_2.jpg\" alt=\"\" width=\"512\" height=\"288\" srcset=\"https:\/\/cimbcc.org\/test2\/wp-content\/uploads\/chip_2020_06_12_animaux_2.jpg 512w, https:\/\/cimbcc.org\/test2\/wp-content\/uploads\/chip_2020_06_12_animaux_2-300x169.jpg 300w\" sizes=\"auto, (max-width: 512px) 100vw, 512px\" \/><figcaption id=\"caption-attachment-30070\" class=\"wp-caption-text\">Paul Barton<\/figcaption><\/figure>\n<p style=\"text-align: justify;\">Il s&rsquo;est port\u00e9 volontaire en 2011 au <a href=\"https:\/\/www.youtube.com\/channel\/UCrkPk73SJR3TDzt_t2i0dBw\" target=\"_blank\" rel=\"noopener noreferrer\"><em>Elephants World Sanctuary<\/em><\/a> situ\u00e9 \u00e0 <a href=\"https:\/\/fr.wikipedia.org\/wiki\/Kanchanaburi\" target=\"_blank\" rel=\"noopener noreferrer\">Kanchanaburi<\/a>, pr\u00e8s de la fronti\u00e8re entre la <a href=\"https:\/\/fr.wikipedia.org\/wiki\/Tha%C3%AFlande\" target=\"_blank\" rel=\"noopener noreferrer\">Tha\u00eflande<\/a> et le <a href=\"https:\/\/fr.wikipedia.org\/wiki\/Birmanie\" target=\"_blank\" rel=\"noopener noreferrer\">Myanmar<\/a>. Cet endroit abrite plusieurs \u00e9l\u00e9phants vieux, malades ou rescap\u00e9s de l\u2019<a href=\"https:\/\/www.lapresse.ca\/voyage\/asie\/2020-03-31\/les-elephants-a-touristes-en-detresse-en-thailande\" target=\"_blank\" rel=\"noopener noreferrer\">exploitation foresti\u00e8re<\/a>. Il a commenc\u00e9 \u00e0 jouer du piano pour ces pachydermes, dont certains sont consid\u00e9r\u00e9s comme tr\u00e8s agressifs. Il s\u2019est rapidement rendu compte que ces animaux \u00e9coutaient tr\u00e8s calmement ses prestations musicales.<\/p>\n<figure id=\"attachment_30071\" aria-describedby=\"caption-attachment-30071\" style=\"width: 653px\" class=\"wp-caption aligncenter\"><img loading=\"lazy\" decoding=\"async\" class=\"size-full wp-image-30071\" src=\"https:\/\/cimbcc.org\/test2\/wp-content\/uploads\/chip_2020_06_12_animaux_3.jpg\" alt=\"\" width=\"653\" height=\"488\" srcset=\"https:\/\/cimbcc.org\/test2\/wp-content\/uploads\/chip_2020_06_12_animaux_3.jpg 653w, https:\/\/cimbcc.org\/test2\/wp-content\/uploads\/chip_2020_06_12_animaux_3-300x224.jpg 300w\" sizes=\"auto, (max-width: 653px) 100vw, 653px\" \/><figcaption id=\"caption-attachment-30071\" class=\"wp-caption-text\">R\u00e9cital de piano pour \u00e9l\u00e9phants<\/figcaption><\/figure>\n<p style=\"text-align: justify;\">Paul Barton poss\u00e8de une <a href=\"https:\/\/www.youtube.com\/user\/PaulBartonPiano\" target=\"_blank\" rel=\"noopener noreferrer\">cha\u00eene YouTube<\/a> o\u00f9 il est possible d&rsquo;entendre et de voir ses interpr\u00e9tations.<\/p>\n<p style=\"text-align: justify;\">Ses auditeurs \u00e9l\u00e9phants sont libres de se d\u00e9placer \u00e0 leur guise, mais ils restent \u00e0 proximit\u00e9 du piano lorsque la musique leur pla\u00eet. Vous pourrez constater la r\u00e9action attentive d&rsquo;une m\u00e8re et la distraction de son tr\u00e8s grouillant \u00e9l\u00e9phanteau dans l&rsquo;<a href=\"https:\/\/youtu.be\/vESixmsrV_I\" target=\"_blank\" rel=\"noopener noreferrer\">exemple suivant<\/a>.<\/p>\n<hr \/>\n<h4 style=\"text-align: justify;\">Pour une reprise harmonieuse de l&rsquo;activit\u00e9 humaine<\/h4>\n<p style=\"text-align: justify;\">Je vous incite \u00e0 <a href=\"https:\/\/youtu.be\/5YZNByPPOKs\" target=\"_blank\" rel=\"noopener noreferrer\">\u00e9couter attentivement cette vid\u00e9o<\/a> que m&rsquo;a fait parvenir Walter Pearce, que je remercie d&rsquo;ailleurs. Les sous-titres sont en anglais, mais leur sens est assez facile \u00e0 d\u00e9coder.<\/p>\n<p style=\"text-align: justify;\">Apr\u00e8s cette pause plan\u00e9taire impr\u00e9vue, j&rsquo;esp\u00e8re qu&rsquo;il sera possible de faire un retour \u00e0 un monde plus harmonieux qu&rsquo;auparavant. Nous ne sommes pas les ma\u00eetres de la nature, mais bien ses <strong>invit\u00e9s<\/strong>. Il ne faudrait donc pas devenir des <a href=\"https:\/\/www.dufrancaisaufrancais.com\/lexique\/definition-mot\/casseux-de-party\/\" target=\"_blank\" rel=\"noopener noreferrer\">casseux de party<\/a> et d\u00e9vaster l&rsquo;environnement qui nous abrite. Il est important de <strong><a href=\"https:\/\/www.ledevoir.com\/societe\/environnement\/560358\/agriculture-l-embarras-de-l-espace\" target=\"_blank\" rel=\"noopener noreferrer\">vivre sur Terre sans la d\u00e9truire<\/a><\/strong>. L&rsquo;avenir d\u00e9pend de nous, <strong>aujourd&rsquo;hui<\/strong>.<\/p>\n<hr \/>\n<h4>Le mot de la fin<\/h4>\n<p style=\"text-align: justify;\">Pour terminer, j&rsquo;aimerais peut-\u00eatre vous faire sourire en partageant avec vous cette image d&rsquo;une sc\u00e8ne de famille capt\u00e9e sur <a href=\"https:\/\/twitter.com\/explore\" target=\"_blank\" rel=\"noopener noreferrer\">Twitter<\/a>.<\/p>\n<p><img loading=\"lazy\" decoding=\"async\" class=\"aligncenter size-full wp-image-30133\" src=\"https:\/\/cimbcc.org\/test2\/wp-content\/uploads\/chip_2020_06_12_animaux_4.jpg\" alt=\"\" width=\"498\" height=\"833\" srcset=\"https:\/\/cimbcc.org\/test2\/wp-content\/uploads\/chip_2020_06_12_animaux_4.jpg 498w, https:\/\/cimbcc.org\/test2\/wp-content\/uploads\/chip_2020_06_12_animaux_4-179x300.jpg 179w\" sizes=\"auto, (max-width: 498px) 100vw, 498px\" \/><\/p>\n<p>Richard Gervais<\/p>\n","protected":false},"excerpt":{"rendered":"<p>L&rsquo;Homme se per\u00e7oit comme le ma\u00eetre de la nature jusqu&rsquo;au jour o\u00f9 un minuscule virus ou une bonne temp\u00eate de verglas lui rappelle que ce n&rsquo;est pas toujours le cas. L\u2019humanit\u00e9 s\u2019est trop souvent vue comme sup\u00e9rieure aux animaux. Il ne faudrait pas oublier que nous avons \u00e9volu\u00e9 en m\u00eame temps que ceux-ci et que &hellip; <a href=\"https:\/\/cimbcc.org\/test2\/revoir-notre-lien-avec-la-terre-la-nature-et-les-animaux\/\" class=\"more-link\">Continuer la lecture de <span class=\"screen-reader-text\">Revoir notre lien avec la Terre, la nature et les animaux<\/span>  <span class=\"meta-nav\">&rarr;<\/span><\/a><\/p>\n","protected":false},"author":43,"featured_media":0,"comment_status":"open","ping_status":"closed","sticky":false,"template":"","format":"standard","meta":{"footnotes":""},"categories":[12],"tags":[102,1267,413,1264,1263,1265,1266,1167,1268],"class_list":["post-30065","post","type-post","status-publish","format-standard","hentry","category-sites-coup-de-coeur","tag-animaux","tag-elephants","tag-environnement","tag-homme","tag-nature","tag-paul-barton","tag-piano","tag-terre","tag-thailande"],"_links":{"self":[{"href":"https:\/\/cimbcc.org\/test2\/wp-json\/wp\/v2\/posts\/30065","targetHints":{"allow":["GET"]}}],"collection":[{"href":"https:\/\/cimbcc.org\/test2\/wp-json\/wp\/v2\/posts"}],"about":[{"href":"https:\/\/cimbcc.org\/test2\/wp-json\/wp\/v2\/types\/post"}],"author":[{"embeddable":true,"href":"https:\/\/cimbcc.org\/test2\/wp-json\/wp\/v2\/users\/43"}],"replies":[{"embeddable":true,"href":"https:\/\/cimbcc.org\/test2\/wp-json\/wp\/v2\/comments?post=30065"}],"version-history":[{"count":53,"href":"https:\/\/cimbcc.org\/test2\/wp-json\/wp\/v2\/posts\/30065\/revisions"}],"predecessor-version":[{"id":32751,"href":"https:\/\/cimbcc.org\/test2\/wp-json\/wp\/v2\/posts\/30065\/revisions\/32751"}],"wp:attachment":[{"href":"https:\/\/cimbcc.org\/test2\/wp-json\/wp\/v2\/media?parent=30065"}],"wp:term":[{"taxonomy":"category","embeddable":true,"href":"https:\/\/cimbcc.org\/test2\/wp-json\/wp\/v2\/categories?post=30065"},{"taxonomy":"post_tag","embeddable":true,"href":"https:\/\/cimbcc.org\/test2\/wp-json\/wp\/v2\/tags?post=30065"}],"curies":[{"name":"wp","href":"https:\/\/api.w.org\/{rel}","templated":true}]}}