{"id":30205,"date":"2020-06-24T22:00:03","date_gmt":"2020-06-25T02:00:03","guid":{"rendered":"https:\/\/cimbcc.org\/test2\/?p=30205"},"modified":"2023-10-16T22:12:11","modified_gmt":"2023-10-17T02:12:11","slug":"echos-du-conseil-dadministration-9-juin-2020","status":"publish","type":"post","link":"https:\/\/cimbcc.org\/test2\/echos-du-conseil-dadministration-9-juin-2020\/","title":{"rendered":"\u00c9chos du conseil d&rsquo;administration &#8211; 9 juin 2020"},"content":{"rendered":"<figure id=\"attachment_27577\" aria-describedby=\"caption-attachment-27577\" style=\"width: 500px\" class=\"wp-caption aligncenter\"><img loading=\"lazy\" decoding=\"async\" class=\"size-full wp-image-27577\" src=\"https:\/\/cimbcc.org\/test2\/wp-content\/uploads\/photo_ca_-2019_2020.jpg\" alt=\"CA 2019-2020\" width=\"500\" height=\"228\" srcset=\"https:\/\/cimbcc.org\/test2\/wp-content\/uploads\/photo_ca_-2019_2020.jpg 500w, https:\/\/cimbcc.org\/test2\/wp-content\/uploads\/photo_ca_-2019_2020-300x137.jpg 300w\" sizes=\"auto, (max-width: 500px) 100vw, 500px\" \/><figcaption id=\"caption-attachment-27577\" class=\"wp-caption-text\">Sur la premi\u00e8re rang\u00e9e : Huguette Turgeon, Danielle Bourque, Danielle Barab\u00e9, Berthe Demers, Sylvie Mazur. Sur la deuxi\u00e8me rang\u00e9e : Michel C\u00f4t\u00e9, Jacques Lalibert\u00e9, Michel Gagn\u00e9, Richard Gervais, R\u00e9jean C\u00f4t\u00e9.<\/figcaption><\/figure>\n<p style=\"text-align: justify;\">Le conseil d\u2019administration n\u2019a pu se r\u00e9unir depuis mars dernier \u00e0 cause des mesures de confinement d\u00e9cr\u00e9t\u00e9es par le Gouvernement. Certaines d\u00e9cisions devant \u00eatre prises, une r\u00e9union par vid\u00e9oconf\u00e9rence a \u00e9t\u00e9 tenue le 9\u00a0juin dernier. Parmi les sujets incontournables de l\u2019ordre du jour, il y eut l\u2019adoption des \u00e9tats financiers de l\u2019ann\u00e9e\u00a02019-2020 et l\u2019adoption des pr\u00e9visions budg\u00e9taires pour 2020-2021.<\/p>\n<p style=\"text-align: justify;\">Le Club se pr\u00e9pare \u00e0 reprendre ses activit\u00e9s \u00e0 l\u2019automne. Le conseil a donc adopt\u00e9 un projet de calendrier pour l\u2019ann\u00e9e 2020-2021 en pr\u00e9voyant les rencontres habituelles. Si le Gouvernement du Qu\u00e9bec ou la Ville de Saint-Bruno nous en emp\u00eachent, nous tiendrons certaines activit\u00e9s en ligne. M\u00eame si nous pouvons nous r\u00e9unir normalement \u00e0 partir de septembre, nous tenterons de tenir certaines activit\u00e9s en ligne pour exp\u00e9rimenter cette technologie et pour permettre \u00e0 nos membres de se familiariser avec elle.<\/p>\n<p><!--more--><\/p>\n<hr \/>\n<h4><strong>Adoption des \u00e9tats financiers de 2019-2020<\/strong><\/h4>\n<p style=\"text-align: justify;\">Le conseil d\u2019administration a adopt\u00e9 les \u00e9tats financiers qui lui ont \u00e9t\u00e9 pr\u00e9sent\u00e9s par la tr\u00e9sori\u00e8re, Danielle Barab\u00e9. L\u2019ann\u00e9e financi\u00e8re qui s\u2019est termin\u00e9e le 31 mars dernier s\u2019est sold\u00e9e avec un surplus d\u2019exercice de 3\u00a0045 $ qui s\u2019explique en tr\u00e8s grande partie par l\u2019arr\u00eat des activit\u00e9s depuis le 13 mars.<\/p>\n<hr \/>\n<h4 style=\"text-align: justify;\"><strong>Adoption des pr\u00e9visions budg\u00e9taires pour 2020-2021<\/strong><\/h4>\n<p style=\"text-align: justify;\">Le conseil d\u2019administration a aussi adopt\u00e9 les pr\u00e9visions budg\u00e9taires propos\u00e9es pour 2020-2021. Ces pr\u00e9visions ont \u00e9t\u00e9 \u00e9labor\u00e9es en pr\u00e9voyant une diminution du nombre des membres de l&rsquo;ordre d&rsquo;une quarantaine de personnes. Leur objectif est d\u2019atteindre un budget \u00e9quilibr\u00e9 en fin d\u2019exercice.<\/p>\n<hr \/>\n<h4><strong>Cotisations annuelles des membres<\/strong><\/h4>\n<p style=\"text-align: justify;\">Les montants des cotisations annuelles sont maintenus\u00a0: 35\u00a0$ pour un membre et 50\u00a0$ pour un couple. Toutefois, une r\u00e9duction de 5\u00a0$ sera accord\u00e9e \u00e0 tout membre et \u00e0 tout couple <a href=\"https:\/\/cimbcc.org\/test2\/le-club-2\/linscription\" target=\"_blank\" rel=\"noopener noreferrer\"><u>qui renouvelle son adh\u00e9sion<\/u><\/a> au Club avant le 1<sup>er<\/sup>\u00a0octobre. Cette r\u00e9duction a pour but de compenser le fait que les membres n\u2019ont pu profiter de toutes les activit\u00e9s pr\u00e9vues en 2019-2020 \u00e0 cause de l\u2019arr\u00eat des activit\u00e9s \u00e0 la mi-mars.<\/p>\n<hr \/>\n<h4><strong>Calendrier des s\u00e9ances du mercredi et du vendredi<\/strong><\/h4>\n<ul>\n<li style=\"text-align: justify;\">Entre le 16\u00a0septembre et le 4\u00a0d\u00e9cembre, le calendrier de l\u2019automne\u00a02020 pr\u00e9voit 12\u00a0s\u00e9ances de la s\u00e9rie <a href=\"https:\/\/cimbcc.org\/test2\/wp-content\/uploads\/calendrier_serie_decouverte.pdf\" target=\"_blank\" rel=\"noopener noreferrer\"><em>D\u00e9couverte<\/em><\/a> le mercredi soir et 12\u00a0s\u00e9ances de la s\u00e9rie <a href=\"https:\/\/cimbcc.org\/test2\/wp-content\/uploads\/calendrier_serie_facile.pdf\" target=\"_blank\" rel=\"noopener noreferrer\"><em>Facile<\/em><\/a> le vendredi apr\u00e8s-midi.<\/li>\n<li style=\"text-align: justify;\">Entre le 13\u00a0janvier et le 14\u00a0mai, le calendrier de l\u2019hiver\u00a02021 pr\u00e9voit 17\u00a0s\u00e9ances de la s\u00e9rie <a href=\"https:\/\/cimbcc.org\/test2\/wp-content\/uploads\/calendrier_serie_facile.pdf\" target=\"_blank\" rel=\"noopener noreferrer\"><em>Facile<\/em><\/a> le mercredi soir et 12\u00a0s\u00e9ances de la s\u00e9rie <a href=\"https:\/\/cimbcc.org\/test2\/wp-content\/uploads\/calendrier_serie_decouverte.pdf\" target=\"_blank\" rel=\"noopener noreferrer\"><em>D\u00e9couverte<\/em><\/a> le vendredi apr\u00e8s-midi.<\/li>\n<\/ul>\n<hr \/>\n<h4 style=\"text-align: justify;\"><strong>Calendrier des activit\u00e9s du Club pour l\u2019ann\u00e9e 2020-2021<\/strong><\/h4>\n<ul>\n<li style=\"text-align: justify;\">Les r\u00e9unions du conseil d\u2019administration se tiendront le premier mardi de chaque mois (le 2<sup>e <\/sup>mardi en mars) d\u2019ao\u00fbt \u00e0 juin. Les r\u00e9unions de d\u00e9cembre et juin seront maintenues seulement si n\u00e9cessaire.<\/li>\n<li style=\"text-align: justify;\">La <strong><em>Journ\u00e9e d\u2019information et d\u2019inscription<\/em><\/strong> est pr\u00e9vue pour le 8\u00a0septembre.<\/li>\n<li style=\"text-align: justify;\"><strong>L\u2019assembl\u00e9e g\u00e9n\u00e9rale annuelle<\/strong> qui n\u2019a pu \u00eatre tenue le 15\u00a0avril est report\u00e9e au 30\u00a0septembre prochain.<\/li>\n<li style=\"text-align: justify;\">Les <a href=\"https:\/\/cimbcc.org\/test2\/services\/les-activites-sociales\" target=\"_blank\" rel=\"noopener noreferrer\">activit\u00e9s sociales<\/a> suivantes ont aussi \u00e9t\u00e9 inscrites au calendrier :<\/li>\n<\/ul>\n<table style=\"border-collapse: collapse; width: 100%;\">\n<tbody>\n<tr>\n<td style=\"width: 50%;\"><strong>Activit\u00e9<\/strong><\/td>\n<td style=\"width: 50%;\"><strong>Date<\/strong><\/td>\n<\/tr>\n<tr>\n<td style=\"width: 50%;\">Souper de No\u00ebl<\/td>\n<td style=\"width: 50%;\">(\u00e0 confirmer) 2 ou 9 d\u00e9cembre 2020<\/td>\n<\/tr>\n<tr>\n<td style=\"width: 50%;\">Brunch des b\u00e9n\u00e9voles<\/td>\n<td style=\"width: 50%;\">17\u00a0janvier\u00a02021<\/td>\n<\/tr>\n<tr>\n<td style=\"width: 50%;\">Soir\u00e9e des membres<\/td>\n<td style=\"width: 50%;\">12\u00a0mai\u00a02021<\/td>\n<\/tr>\n<tr>\n<td style=\"width: 50%;\">Souper des b\u00e9n\u00e9voles<\/td>\n<td style=\"width: 50%;\">19 mai 2021<\/td>\n<\/tr>\n<\/tbody>\n<\/table>\n<hr \/>\n<h4><strong>Vid\u00e9oconf\u00e9rences<\/strong><\/h4>\n<p style=\"text-align: justify;\">Il est probable que le Club soit oblig\u00e9 de proc\u00e9der par <a href=\"https:\/\/fr.wikipedia.org\/wiki\/Visioconf%C3%A9rence\" target=\"_blank\" rel=\"noopener noreferrer\">vid\u00e9oconf\u00e9rence<\/a> pour certaines pr\u00e9sentations et certains ateliers pr\u00e9vus en 2020-2021. Afin d\u2019uniformiser nos pratiques, le conseil a mandat\u00e9 une \u00e9quipe de trois personnes pour explorer, avec les pr\u00e9sentateurs et les animateurs, les logiciels de communications qui existent et qui pourraient \u00eatre utilis\u00e9s le plus efficacement.<\/p>\n<p style=\"text-align: justify;\">L\u2019objectif est de d\u00e9terminer quel logiciel sera utilis\u00e9 par tous afin d\u2019\u00e9viter la <a href=\"https:\/\/cimbcc.org\/test2\/applications-pour-appels-video-comparatifs-et-specificites\" target=\"_blank\" rel=\"noopener noreferrer\">multiplication des logiciels utilis\u00e9s<\/a> et la confusion que cela provoquerait chez les membres.<\/p>\n<hr \/>\n<h4 style=\"text-align: justify;\"><strong>Don d\u2019ordinateurs<\/strong><\/h4>\n<p style=\"text-align: justify;\">Jacques\u00a0Lalibert\u00e9 a annonc\u00e9 que 21\u00a0ordinateurs fonctionnels ont \u00e9t\u00e9 donn\u00e9s \u00e0 la <a href=\"http:\/\/fondationdrjulien.org\/\" target=\"_blank\" rel=\"noopener noreferrer\">Fondation du Dr Julien<\/a> par le service de <a href=\"https:\/\/cimbcc.org\/test2\/services\/le-soutien-a-la-recuperation-de-materiel-informatique\" target=\"_blank\" rel=\"noopener noreferrer\">r\u00e9cup\u00e9ration de mat\u00e9riel informatique<\/a>.<\/p>\n<p>Sylvie\u00a0Mazur, secr\u00e9taire du CIMBCC<\/p>\n<p>&nbsp;<\/p>\n<p>&nbsp;<\/p>\n","protected":false},"excerpt":{"rendered":"<p>Le conseil d\u2019administration n\u2019a pu se r\u00e9unir depuis mars dernier \u00e0 cause des mesures de confinement d\u00e9cr\u00e9t\u00e9es par le Gouvernement. Certaines d\u00e9cisions devant \u00eatre prises, une r\u00e9union par vid\u00e9oconf\u00e9rence a \u00e9t\u00e9 tenue le 9\u00a0juin dernier. Parmi les sujets incontournables de l\u2019ordre du jour, il y eut l\u2019adoption des \u00e9tats financiers de l\u2019ann\u00e9e\u00a02019-2020 et l\u2019adoption des &hellip; <a href=\"https:\/\/cimbcc.org\/test2\/echos-du-conseil-dadministration-9-juin-2020\/\" class=\"more-link\">Continuer la lecture de <span class=\"screen-reader-text\">\u00c9chos du conseil d&rsquo;administration &#8211; 9 juin 2020<\/span>  <span class=\"meta-nav\">&rarr;<\/span><\/a><\/p>\n","protected":false},"author":43,"featured_media":0,"comment_status":"open","ping_status":"closed","sticky":false,"template":"","format":"standard","meta":{"footnotes":""},"categories":[386],"tags":[737,785,946,371,111,471,370,271,1278,1277],"class_list":["post-30205","post","type-post","status-publish","format-standard","hentry","category-echos-du-conseil-dadministration","tag-activites-sociales","tag-calendrier","tag-cotisations","tag-decouverte","tag-dons","tag-etats-financiers","tag-facile","tag-presentations","tag-previsions-budgetaires","tag-videoconference"],"_links":{"self":[{"href":"https:\/\/cimbcc.org\/test2\/wp-json\/wp\/v2\/posts\/30205","targetHints":{"allow":["GET"]}}],"collection":[{"href":"https:\/\/cimbcc.org\/test2\/wp-json\/wp\/v2\/posts"}],"about":[{"href":"https:\/\/cimbcc.org\/test2\/wp-json\/wp\/v2\/types\/post"}],"author":[{"embeddable":true,"href":"https:\/\/cimbcc.org\/test2\/wp-json\/wp\/v2\/users\/43"}],"replies":[{"embeddable":true,"href":"https:\/\/cimbcc.org\/test2\/wp-json\/wp\/v2\/comments?post=30205"}],"version-history":[{"count":9,"href":"https:\/\/cimbcc.org\/test2\/wp-json\/wp\/v2\/posts\/30205\/revisions"}],"predecessor-version":[{"id":30216,"href":"https:\/\/cimbcc.org\/test2\/wp-json\/wp\/v2\/posts\/30205\/revisions\/30216"}],"wp:attachment":[{"href":"https:\/\/cimbcc.org\/test2\/wp-json\/wp\/v2\/media?parent=30205"}],"wp:term":[{"taxonomy":"category","embeddable":true,"href":"https:\/\/cimbcc.org\/test2\/wp-json\/wp\/v2\/categories?post=30205"},{"taxonomy":"post_tag","embeddable":true,"href":"https:\/\/cimbcc.org\/test2\/wp-json\/wp\/v2\/tags?post=30205"}],"curies":[{"name":"wp","href":"https:\/\/api.w.org\/{rel}","templated":true}]}}