{"id":30283,"date":"2020-07-08T22:00:09","date_gmt":"2020-07-09T02:00:09","guid":{"rendered":"https:\/\/cimbcc.org\/test2\/?p=30283"},"modified":"2023-10-16T22:12:11","modified_gmt":"2023-10-17T02:12:11","slug":"epidemie-de-desinformation","status":"publish","type":"post","link":"https:\/\/cimbcc.org\/test2\/epidemie-de-desinformation\/","title":{"rendered":"\u00c9pid\u00e9mie de d\u00e9sinformation"},"content":{"rendered":"<figure id=\"attachment_30290\" aria-describedby=\"caption-attachment-30290\" style=\"width: 200px\" class=\"wp-caption aligncenter\"><img loading=\"lazy\" decoding=\"async\" class=\"size-full wp-image-30290\" src=\"https:\/\/cimbcc.org\/test2\/wp-content\/uploads\/chip_2020_07_09_desinformation_1.jpg\" alt=\"\" width=\"200\" height=\"210\" \/><figcaption id=\"caption-attachment-30290\" class=\"wp-caption-text\"><span style=\"color: #ffffff;\">mmmmmm<\/span><a href=\"https:\/\/covidinfodemiceurope.com\/\" target=\"_blank\" rel=\"noopener noreferrer\">Infod\u00e9mie Covid-19<\/a><\/figcaption><\/figure>\n<p style=\"text-align: justify;\">S&rsquo;il existe une chose encore plus contagieuse que la COVID-19, c&rsquo;est bien la d\u00e9sinformation.\u00a0 Les m\u00e9dias sociaux poss\u00e8dent peut-\u00eatre de nombreux avantages, mais ils propagent aussi des rumeurs et des fausset\u00e9s.<\/p>\n<p style=\"text-align: justify;\">Dans cet article, il sera question de plusieurs ressources pour vous permettre de faire le tri parmi les multiples nouvelles plus ou moins v\u00e9ridiques qui vous submergent sur Facebook, Twitter ou d&rsquo;autres sites Web.<\/p>\n<p><!--more--><\/p>\n<hr \/>\n<h4>D\u00e9sinformation et infod\u00e9mie autour de la COVID-19<\/h4>\n<p style=\"text-align: justify;\">Le 15 f\u00e9vrier 2020, lors d&rsquo;une conf\u00e9rence sur la s\u00e9curit\u00e9 \u00e0 Munich, le <a href=\"https:\/\/fr.wikipedia.org\/wiki\/Tedros_Adhanom_Ghebreyesus\" target=\"_blank\" rel=\"noopener noreferrer\">directeur g\u00e9n\u00e9ral<\/a> de l&rsquo;<em>Organisation mondiale de la Sant\u00e9<\/em> (<a href=\"https:\/\/www.who.int\/fr\">OMS<\/a>) mentionnait ceci en parlant de la COVID-19 :<\/p>\n<p style=\"padding-left: 40px; text-align: justify;\"><em>\u00ab Mais nous ne combattons pas seulement une \u00e9pid\u00e9mie ; nous luttons aussi contre une <a href=\"http:\/\/gdt.oqlf.gouv.qc.ca\/ficheOqlf.aspx?Id_Fiche=26558108\" target=\"_blank\" rel=\"noopener noreferrer\">infod\u00e9mie<\/a>.<br \/>\n<\/em><em>Les informations fausses se propagent plus vite et plus facilement que ce virus, et elles sont tout aussi dangereuses. \u00bb<\/em><\/p>\n<p style=\"text-align: justify;\">Dans une chronique de <em>La Presse<\/em> du 5 avril 2020, <a href=\"https:\/\/www.lapresse.ca\/covid-19\/2020-04-05\/la-desinformation-qui-tue\" target=\"_blank\" rel=\"noopener noreferrer\"><em>La d\u00e9sinformation qui tue<\/em><\/a>, Rima Elkouri \u00e9non\u00e7ait :<\/p>\n<p style=\"padding-left: 40px; text-align: justify;\"><em>\u00ab J\u2019ai \u00e9t\u00e9 renvers\u00e9e d\u2019apprendre qu\u2019en France, une personne sur quatre croit (\u00e0 tort) que le virus a \u00e9t\u00e9 cr\u00e9\u00e9 en laboratoire. Chez les Am\u00e9ricains, c\u2019est environ 30 %. \u00bb<\/em><\/p>\n<p style=\"text-align: justify;\">Deux ressources importantes sont mentionn\u00e9es dans cet article :<\/p>\n<ul>\n<li style=\"list-style-type: none;\">\n<ul>\n<li style=\"text-align: justify;\"><strong>Le programme \u00ab <a href=\"https:\/\/30secondes.org\/\" target=\"_blank\" rel=\"noopener noreferrer\">30 secondes avant d\u2019y croire<\/a> \u00bb<\/strong> de la F\u00e9d\u00e9ration professionnelle des journalistes du Qu\u00e9bec (<a href=\"https:\/\/www.fpjq.org\/fr\/\" target=\"_blank\" rel=\"noopener noreferrer\">FPJQ<\/a>);<\/li>\n<li style=\"text-align: justify;\"><a href=\"https:\/\/www.sciencepresse.qc.ca\/actualite\/covid-19-depister-desinfo\/2020\/03\/15\/ligue-verificateurs-coronavirus\" target=\"_blank\" rel=\"noopener noreferrer\"><strong>La Ligue des v\u00e9rificateurs &#8211; Coronavirus<\/strong><\/a> de l&rsquo;<a href=\"https:\/\/www.sciencepresse.qc.ca\/\" target=\"_blank\" rel=\"noopener noreferrer\">Agence Science-Presse<\/a>.<\/li>\n<\/ul>\n<\/li>\n<\/ul>\n<p style=\"text-align: justify;\">La <a href=\"https:\/\/checkthenshare.ca\/fr.html\" target=\"_blank\" rel=\"noopener noreferrer\">page suivante<\/a> du site Web <a href=\"https:\/\/habilomedias.ca\/\" target=\"_blank\" rel=\"noopener noreferrer\">Habilo M\u00e9dias<\/a> a \u00e9t\u00e9 con\u00e7ue par l<em>e Centre canadien d&rsquo;\u00e9ducation aux m\u00e9dias et de litt\u00e9ratie num\u00e9rique<\/em> pour pr\u00e9venir la d\u00e9sinformation dans le domaine de la sant\u00e9.<\/p>\n<p style=\"text-align: justify; padding-left: 40px;\"><em>\u00ab HabiloM\u00e9dias est un organisme de bienfaisance canadien, sans but lucratif, qui \u0153uvre pour l\u2019\u00e9ducation aux m\u00e9dias et la litt\u00e9ratie num\u00e9rique. Il a pour objectif de veiller \u00e0 ce que les enfants et les adolescents d\u00e9veloppent une pens\u00e9e critique qui leur permette d\u2019utiliser les m\u00e9dias \u00e0 titre de citoyens num\u00e9riques actifs et \u00e9clair\u00e9s.\u00a0\u00bb<\/em><\/p>\n<hr \/>\n<h4>Radio-Canada et les D\u00e9crypteurs<\/h4>\n<p style=\"text-align: justify;\">Le 7 avril 2020, le site Web des <em><a href=\"https:\/\/ici.radio-canada.ca\/decrypteurs\" target=\"_blank\" rel=\"noopener noreferrer\">D\u00e9crypteurs<\/a><\/em> avait d\u00e9j\u00e0 fait l&rsquo;objet d&rsquo;un article par Michel Gagn\u00e9, <a href=\"https:\/\/cimbcc.org\/test2\/covid-19-et-desinformation\" target=\"_blank\" rel=\"noopener noreferrer\"><em>COVID-19 et d\u00e9sinformation<\/em><\/a>.<\/p>\n<p style=\"text-align: justify;\">Le site des <em><a href=\"https:\/\/ici.radio-canada.ca\/decrypteurs\" target=\"_blank\" rel=\"noopener noreferrer\">D\u00e9crypteurs<\/a><\/em> recense <a href=\"https:\/\/ici.radio-canada.ca\/nouvelle\/1685377\/desinformation-covid-19-coronavirus-decrypteurs\" target=\"_blank\" rel=\"noopener noreferrer\">beaucoup de fausses informations en lien avec la COVID-19<\/a>. Sous six grandes cat\u00e9gories, certaines nouvelles m\u00e9ritent d&rsquo;\u00eatre cit\u00e9es en int\u00e9gralit\u00e9 ici :<\/p>\n<ul>\n<li style=\"list-style-type: none;\">\n<ul>\n<li style=\"text-align: justify;\"><strong><em>La d\u00e9sinformation m\u00e9dicale<\/em><\/strong>\n<ul style=\"list-style-type: circle;\">\n<li><em><a href=\"https:\/\/ici.radio-canada.ca\/nouvelle\/1705317\/masque-port-sans-danger-fausse-nouvelle-hypoxie-cerebrale\" target=\"_blank\" rel=\"noopener noreferrer\">Les masques ne provoquent pas l&rsquo;hypoxie c\u00e9r\u00e9brale<\/a><br \/>\n<span style=\"font-size: 10pt;\">L&rsquo;hypoxie est un apport insuffisant en oxyg\u00e8ne par rapport aux besoins des tissus de l\u2019organisme. L\u2019hypoxie c\u00e9r\u00e9brale est un apport insuffisant en oxyg\u00e8ne au cerveau. <\/span><\/em><\/li>\n<li><em><a href=\"https:\/\/ici.radio-canada.ca\/nouvelle\/1692213\/covid-urgences-vides-videos-photos-coronavirus-fausse-nouvelle-crise-exageree\" target=\"_blank\" rel=\"noopener noreferrer\">Les urgences \u00ab vides \u00bb ne signifient pas que la crise a \u00e9t\u00e9 sur\u00e9valu\u00e9e<\/a><br \/>\n<\/em><\/li>\n<li><a href=\"https:\/\/ici.radio-canada.ca\/nouvelle\/1676597\/test-coronavirus-retenir-souffle-respiration-faux\" target=\"_blank\" rel=\"noopener noreferrer\"><em>Retenir son souffle ne permet pas de d\u00e9tecter le coronavirus<\/em><\/a><\/li>\n<li><a href=\"https:\/\/ici.radio-canada.ca\/nouvelle\/1664623\/mythes-eau-boissons-chaudes-alcool-coronavirus-faux\" target=\"_blank\" rel=\"noopener noreferrer\"><em>Aucune boisson ne gu\u00e9rit le coronavirus<\/em><\/a><\/li>\n<li><a href=\"https:\/\/ici.radio-canada.ca\/nouvelle\/1675144\/covid-19-chaleur-decrypteurs-trump-faux\" target=\"_blank\" rel=\"noopener noreferrer\"><em>La chaleur ne tue pas le coronavirus<\/em><\/a><\/li>\n<\/ul>\n<\/li>\n<li style=\"text-align: justify;\"><em><strong>Les th\u00e9ories du complot<\/strong><\/em>\n<ul style=\"list-style-type: circle;\">\n<li><a href=\"https:\/\/ici.radio-canada.ca\/nouvelle\/1703497\/non-autorites-fraude-statistique\" target=\"_blank\" rel=\"noopener noreferrer\"><em>Non, les autorit\u00e9s ne gonflent pas le nombre de d\u00e9c\u00e8s<\/em><\/a><\/li>\n<li><em><a href=\"https:\/\/ici.radio-canada.ca\/nouvelle\/1701028\/malaise-distribution-gratuite-journal\" target=\"_blank\" rel=\"noopener noreferrer\">The Epoch Times, ce journal gratuit partage plusieurs informations non fond\u00e9es<\/a><br \/>\n<span style=\"font-size: 10pt;\">Le\u00a0<a href=\"https:\/\/fr.wikipedia.org\/wiki\/Epoch_Times\" target=\"_blank\" rel=\"noopener noreferrer\">Epoch Times<\/a>, un journal distribu\u00e9 gratuitement \u00e0 travers le Canada et qui s&rsquo;oppose au Parti communiste chinois, contient des articles v\u00e9ridiques,\u00a0mais aussi des demi-v\u00e9rit\u00e9s et inexactitudes.<\/span><\/em><\/li>\n<li><a href=\"https:\/\/ici.radio-canada.ca\/nouvelle\/1700378\/bill-melinda-gates-vaccin-enfants-theorie-complot-brevet-666-puce-micropuce?fbclid=IwAR22UL9YH7xuJx8T0nIp5ZNqFze9TFbyyoRJT02NyHT8rcwWBD_rzHTTQ3Y\" target=\"_blank\" rel=\"noopener noreferrer\"><em>Bill Gates n\u2019a pas refus\u00e9 de faire vacciner ses propres enfants et n&rsquo;a pas brevet\u00e9 de puce sous-cutan\u00e9e servant \u00e0 miner de la cryptomonnaie<\/em><\/a><\/li>\n<li><a href=\"https:\/\/ici.radio-canada.ca\/nouvelle\/1698428\/bill-gates-puce-conspiration-complot-covid-verification-dementi-decrypteurs\" target=\"_blank\" rel=\"noopener noreferrer\"><em>Bill Gates ne veut pas implanter de micropuces \u00e0 travers un vaccin ni d\u00e9peupler la plan\u00e8te<\/em><\/a><\/li>\n<li><a href=\"https:\/\/ici.radio-canada.ca\/nouvelle\/1698285\/prix-nobel-japonais-tasuku-honjo-coronavirus-laboratoire-wuhan-faux\" target=\"_blank\" rel=\"noopener noreferrer\"><em>Un Prix Nobel japonais n&rsquo;a pas dit que le coronavirus a \u00e9t\u00e9 invent\u00e9 en laboratoire<\/em><\/a><\/li>\n<li style=\"text-align: justify;\"><a href=\"https:\/\/ici.radio-canada.ca\/nouvelle\/1695832\/covid-19-attention-inexactitudes-documentaire-epoch-times\" target=\"_blank\" rel=\"noopener noreferrer\"><em>The Origin of Wuhan Coronavirus<\/em><\/a><br \/>\n<span style=\"font-size: 10pt;\"><em>Ce documentaire a \u00e9t\u00e9 produit par <a href=\"https:\/\/fr.wikipedia.org\/wiki\/Epoch_Times\" target=\"_blank\" rel=\"noopener noreferrer\">Epoch Times<\/a>, un m\u00e9dia pro-Trump en croisade contre le Parti communiste chinois.<\/em><\/span><\/li>\n<li style=\"text-align: justify;\"><a href=\"https:\/\/ici.radio-canada.ca\/nouvelle\/1688791\/covid-19-theorie-complot-laboratoire-manipulation-genetique-etude-recherche-preuve\" target=\"_blank\" rel=\"noopener noreferrer\"><em>Il n&rsquo;y a pas de trace de manipulation humaine dans le code g\u00e9n\u00e9tique du coronavirus<\/em><\/a><\/li>\n<li style=\"text-align: justify;\"><a href=\"https:\/\/ici.radio-canada.ca\/nouvelle\/1677657\/covid-19-coronavirus-5g-thomas-cowan-faux\" target=\"_blank\" rel=\"noopener noreferrer\"><em>Cette vid\u00e9o ne prouve pas que la 5G cause la COVID-19<\/em><\/a><br \/>\n<em><span style=\"font-size: 10pt;\">La <a href=\"https:\/\/fr.wikipedia.org\/wiki\/5G\" target=\"_blank\" rel=\"noopener noreferrer\">technologie 5G<\/a> \u00ab est la cinqui\u00e8me g\u00e9n\u00e9ration des standards pour la t\u00e9l\u00e9phonie mobile \u00bb.\u00a0 Les craintes de certaines personnes quant au d\u00e9ploiement des r\u00e9seaux 5G vont jusqu&rsquo;\u00e0 la <a href=\"https:\/\/www.tvanouvelles.ca\/2020\/05\/01\/une-tour-cellulaire-5g-incendiee-a-laval-1\" target=\"_blank\" rel=\"noopener noreferrer\">destruction d&rsquo;antennes cellulaires<\/a>.<\/span><\/em><\/li>\n<li style=\"text-align: justify;\"><em><a href=\"https:\/\/ici.radio-canada.ca\/nouvelle\/1671055\/5g-coronavirus-wuhan-inovio-vaccin\" target=\"_blank\" rel=\"noopener noreferrer\">Cette autre vid\u00e9o ne prouve pas non plus un lien entre la 5G et le coronavirus<\/a><\/em><\/li>\n<\/ul>\n<\/li>\n<li style=\"text-align: justify;\"><strong><em>Les rumeurs sur les mesures gouvernementales<\/em><\/strong>\n<ul style=\"list-style-type: circle;\">\n<li><a href=\"https:\/\/ici.radio-canada.ca\/nouvelle\/1690942\/annee-scolaire-quebec-fausse-nouvelle-decrypteurs\" target=\"_blank\" rel=\"noopener noreferrer\"><em>L&rsquo;ann\u00e9e scolaire n&rsquo;a pas \u00e9t\u00e9 annul\u00e9e du Qu\u00e9bec<\/em><\/a><\/li>\n<li><a href=\"https:\/\/ici.radio-canada.ca\/nouvelle\/1689796\/message-avertissement-incubation-covid19-coronavirus-pire-faux?fbclid=IwAR2zUxOgpphbwfZ7JqNN9ijwBwekupJpso0tjREM2t41owArmXq5gNFzl34\" target=\"_blank\" rel=\"noopener noreferrer\"><em>Ce message affirmant qu&rsquo;il ne faut sortir de chez soi sous aucun pr\u00e9texte est exag\u00e9r\u00e9<\/em><\/a><\/li>\n<\/ul>\n<\/li>\n<li><strong><em>Les photos et vid\u00e9os d\u00e9tourn\u00e9es<\/em><\/strong>\n<ul style=\"list-style-type: circle;\">\n<li style=\"text-align: justify;\"><a href=\"https:\/\/ici.radio-canada.ca\/nouvelle\/1707517\/gel-hydroalcoolique-prend-pas-feu-voiture-chaleur-fausse-nouvelle-desinfo\" target=\"_blank\" rel=\"noopener noreferrer\"><em>Les gels hydroalcooliques ne s&rsquo;enflamment pas \u00e0 la chaleur<\/em><\/a><\/li>\n<li style=\"text-align: justify;\"><a href=\"https:\/\/ici.radio-canada.ca\/nouvelle\/1499031\/femme-soupe-chauve-souris-coronavirus-chine-faux\" target=\"_blank\" rel=\"noopener noreferrer\"><em>Cette femme [mangeant une chauve-souris] n\u2019est pas responsable de l\u2019\u00e9pid\u00e9mie de coronavirus<\/em><\/a><\/li>\n<\/ul>\n<\/li>\n<li><strong><em>Les tentatives d&rsquo;arnaque<\/em><\/strong>\n<ul style=\"list-style-type: circle;\">\n<li style=\"text-align: justify;\"><a href=\"https:\/\/ici.radio-canada.ca\/nouvelle\/1687947\/faux-sites-web-maliciel-carte-information-covid-19-coronavirus\" target=\"_blank\" rel=\"noopener noreferrer\"><em>Attention aux sites web malveillants qui disent offrir de l\u2019information sur la COVID-19<\/em><\/a><br \/>\n<span style=\"font-size: 10pt;\"><em>Des sites pr\u00e9tendant offrir de l\u2019information ou des services li\u00e9s \u00e0 la COVID-19,\u00a0mais qui <strong>infectent en r\u00e9alit\u00e9 votre ordinateur<\/strong>, se comptent par milliers et ne cessent de se multiplier en cette p\u00e9riode de crise.<\/em><\/span><\/li>\n<li style=\"text-align: justify;\"><em><a href=\"https:\/\/ici.radio-canada.ca\/nouvelle\/1685547\/courriel-fraude-frauduleux-coronavirus-covid-19-bitcoin-scam\" target=\"_blank\" rel=\"noopener noreferrer\">Attention aux courriels mena\u00e7ant de vous infecter au coronavirus<\/a><br \/>\n<span style=\"font-size: 10pt;\">Si vous recevez un courriel mena\u00e7ant d\u2019infecter toute votre famille au coronavirus \u00e0 moins que vous n&rsquo;envoyiez une somme d\u2019argent \u00e0 l\u2019exp\u00e9diteur,\u00a0sachez qu&rsquo;<strong>il s\u2019agit d\u2019une arnaque<\/strong>.<\/span><br \/>\n<\/em><\/li>\n<\/ul>\n<\/li>\n<li><strong><em>Les l\u00e9gendes urbaines et les canulars<\/em><\/strong>\n<ul style=\"list-style-type: circle;\">\n<li style=\"text-align: justify;\"><a href=\"https:\/\/ici.radio-canada.ca\/nouvelle\/1710880\/application-covid-notification-exposition-alerte-infos-gouvernement-piege-tous-telephones-portables\" target=\"_blank\" rel=\"noopener noreferrer\"><em>Non, une appli de surveillance n&rsquo;a pas \u00e9t\u00e9 install\u00e9e \u00e0 votre insu sur votre t\u00e9l\u00e9phone<\/em><\/a><\/li>\n<li style=\"text-align: justify;\"><a href=\"https:\/\/ici.radio-canada.ca\/nouvelle\/1694856\/indemnite-prime-confinement-gouvernement-federal-canada-vrai-faux\" target=\"_blank\" rel=\"noopener noreferrer\"><em>Le gouvernement n&rsquo;offre pas de prime de confinement \u00e0 tous les Canadiens<\/em><\/a><\/li>\n<li style=\"text-align: justify;\"><a href=\"https:\/\/ici.radio-canada.ca\/nouvelle\/1684570\/voleurs-covid-19-test-temperature-montreal\" target=\"_blank\" rel=\"noopener noreferrer\"><em>Des voleurs n&rsquo;essaient pas de vous cambrioler en offrant des tests pour la COVID-19<\/em><\/a><\/li>\n<li style=\"text-align: justify;\"><a href=\"https:\/\/ici.radio-canada.ca\/nouvelle\/1674251\/coronavirus-covid-nostradamus-prediction-faux\" target=\"_blank\" rel=\"noopener noreferrer\"><em>Nostradamus n&rsquo;a pas pr\u00e9dit la pand\u00e9mie actuelle<\/em><\/a><\/li>\n<\/ul>\n<\/li>\n<\/ul>\n<\/li>\n<\/ul>\n<hr \/>\n<h4 style=\"text-align: justify;\">Le port du masque ne nuit pas au passage de l&rsquo;oxyg\u00e8ne<\/h4>\n<p style=\"text-align: justify;\">Une exp\u00e9rience quant au port d&rsquo;un ou plusieurs masques a \u00e9t\u00e9 r\u00e9alis\u00e9e par Dr Vandeboncoeur de l&rsquo;Institut de cardiologie de Montr\u00e9al. Elle <span style=\"text-align: justify;\">d\u00e9montre que le port du masque ne change rien au passage de l&rsquo;oxyg\u00e8ne.<\/span> <span style=\"text-align: justify;\">Pour toutes les combinaisons montr\u00e9es \u00e0 l&rsquo;image suivante, <strong>le taux d&rsquo;oxyg\u00e9nation se maintient toujours entre 98 et 99\u00a0%.<\/strong> Les autres nombres variant entre 79 et 86 mesurent le pouls du docteur en battements par minute.<\/span><\/p>\n<figure id=\"attachment_30307\" aria-describedby=\"caption-attachment-30307\" style=\"width: 680px\" class=\"wp-caption aligncenter\"><img loading=\"lazy\" decoding=\"async\" class=\"size-full wp-image-30307\" src=\"https:\/\/cimbcc.org\/test2\/wp-content\/uploads\/chip_2020_07_09_desinformation_2.jpg\" alt=\"\" width=\"680\" height=\"622\" srcset=\"https:\/\/cimbcc.org\/test2\/wp-content\/uploads\/chip_2020_07_09_desinformation_2.jpg 680w, https:\/\/cimbcc.org\/test2\/wp-content\/uploads\/chip_2020_07_09_desinformation_2-300x274.jpg 300w\" sizes=\"auto, (max-width: 680px) 100vw, 680px\" \/><figcaption id=\"caption-attachment-30307\" class=\"wp-caption-text\">Effet du port du masque sur la saturation en oxyg\u00e8ne, par Dr Vandeboncoeur, chef de l&rsquo;Urgence de l&rsquo;Institut de cardiologie de Montr\u00e9al<\/figcaption><\/figure>\n<hr \/>\n<h4>La d\u00e9sinformation en Europe<\/h4>\n<p style=\"text-align: justify;\">En lisant les paragraphes pr\u00e9c\u00e9dents, il serait possible de croire que le Qu\u00e9bec est un terreau particuli\u00e8rement fertile pour les fausses nouvelles, mais ce n&rsquo;est pas n\u00e9cessairement le cas.<\/p>\n<p style=\"text-align: justify;\">Le rapport \u00ab <a href=\"https:\/\/covidinfodemiceurope.com\/\" target=\"_blank\" rel=\"noopener noreferrer\">Infod\u00e9mie Covid-19 : une analyse en images de la d\u00e9sinformation en Europe<\/a> \u00bb a \u00e9t\u00e9 r\u00e9alis\u00e9 par cinq groupes de journalistes, dont l&rsquo;Agence France-Presse (AFP). Dans ce rapport, il est question de :<\/p>\n<ul>\n<li style=\"list-style-type: none;\">\n<ul>\n<li style=\"text-align: justify;\"><strong>Le virus, fabriqu\u00e9 par l\u2019homme?<\/strong>\n<ul style=\"list-style-type: circle;\">\n<li>D\u00e9sinformation vaccinale<\/li>\n<li>Les masques et \u00e9quipements de protection<\/li>\n<li>Le coronavirus et la grippe saisonni\u00e8re<\/li>\n<\/ul>\n<\/li>\n<li style=\"text-align: justify;\"><strong>Les traitements et rem\u00e8des<\/strong>\n<ul style=\"list-style-type: circle;\">\n<li>L\u2019hydroxychloroquine et le dioxyde de chlore<\/li>\n<li>Gargarisme d\u2019eau m\u00e9lang\u00e9e \u00e0 du sel ou du vinaigre<\/li>\n<li>Nicotine<\/li>\n<li>Un test respiratoire pour d\u00e9tecter le nouveau coronavirus<\/li>\n<li>Des h\u00e9licopt\u00e8res qui r\u00e9pandent des pesticides ou du d\u00e9sinfectant<\/li>\n<\/ul>\n<\/li>\n<li style=\"text-align: justify;\"><strong>Bill Gates et les th\u00e9ories du complot pendant la pand\u00e9mie<\/strong><\/li>\n<li style=\"text-align: justify;\"><strong>Comment une th\u00e9orie du complot sur la 5G est devenue virale pendant la pand\u00e9mie<\/strong><\/li>\n<\/ul>\n<\/li>\n<\/ul>\n<p style=\"text-align: justify;\">Comme vous pouvez le constater, il existe de nombreuses similitudes entre les points mentionn\u00e9s plus haut et les nouvelles dont la v\u00e9racit\u00e9 n&rsquo;a pas \u00e9t\u00e9 confirm\u00e9e par les <a href=\"https:\/\/ici.radio-canada.ca\/decrypteurs\" target=\"_blank\" rel=\"noopener noreferrer\"><em>D\u00e9crypteurs<\/em><\/a>.<\/p>\n<p style=\"text-align: justify;\">Je tiens \u00e0 remercier Jean-Victor C\u00f4t\u00e9 qui m&rsquo;a communiqu\u00e9 l&rsquo;information au sujet de l&rsquo;\u00e9tude europ\u00e9enne.<\/p>\n<p style=\"text-align: justify;\">Richard Gervais<\/p>\n","protected":false},"excerpt":{"rendered":"<p>S&rsquo;il existe une chose encore plus contagieuse que la COVID-19, c&rsquo;est bien la d\u00e9sinformation.\u00a0 Les m\u00e9dias sociaux poss\u00e8dent peut-\u00eatre de nombreux avantages, mais ils propagent aussi des rumeurs et des fausset\u00e9s. Dans cet article, il sera question de plusieurs ressources pour vous permettre de faire le tri parmi les multiples nouvelles plus ou moins v\u00e9ridiques &hellip; <a href=\"https:\/\/cimbcc.org\/test2\/epidemie-de-desinformation\/\" class=\"more-link\">Continuer la lecture de <span class=\"screen-reader-text\">\u00c9pid\u00e9mie de d\u00e9sinformation<\/span>  <span class=\"meta-nav\">&rarr;<\/span><\/a><\/p>\n","protected":false},"author":43,"featured_media":0,"comment_status":"open","ping_status":"closed","sticky":false,"template":"","format":"standard","meta":{"footnotes":""},"categories":[12],"tags":[1284,1182,1210,1086,1287,847,1286,1285,1283,113],"class_list":["post-30283","post","type-post","status-publish","format-standard","hentry","category-sites-coup-de-coeur","tag-30-secondes-avant-dy-croire","tag-covid-19","tag-decrypteurs","tag-desinformation","tag-dr-vadeboncoeur","tag-fake-news","tag-habilo-medias","tag-la-ligue-des-verificateurs-coronavirus","tag-oms","tag-sante"],"_links":{"self":[{"href":"https:\/\/cimbcc.org\/test2\/wp-json\/wp\/v2\/posts\/30283","targetHints":{"allow":["GET"]}}],"collection":[{"href":"https:\/\/cimbcc.org\/test2\/wp-json\/wp\/v2\/posts"}],"about":[{"href":"https:\/\/cimbcc.org\/test2\/wp-json\/wp\/v2\/types\/post"}],"author":[{"embeddable":true,"href":"https:\/\/cimbcc.org\/test2\/wp-json\/wp\/v2\/users\/43"}],"replies":[{"embeddable":true,"href":"https:\/\/cimbcc.org\/test2\/wp-json\/wp\/v2\/comments?post=30283"}],"version-history":[{"count":33,"href":"https:\/\/cimbcc.org\/test2\/wp-json\/wp\/v2\/posts\/30283\/revisions"}],"predecessor-version":[{"id":30327,"href":"https:\/\/cimbcc.org\/test2\/wp-json\/wp\/v2\/posts\/30283\/revisions\/30327"}],"wp:attachment":[{"href":"https:\/\/cimbcc.org\/test2\/wp-json\/wp\/v2\/media?parent=30283"}],"wp:term":[{"taxonomy":"category","embeddable":true,"href":"https:\/\/cimbcc.org\/test2\/wp-json\/wp\/v2\/categories?post=30283"},{"taxonomy":"post_tag","embeddable":true,"href":"https:\/\/cimbcc.org\/test2\/wp-json\/wp\/v2\/tags?post=30283"}],"curies":[{"name":"wp","href":"https:\/\/api.w.org\/{rel}","templated":true}]}}