{"id":30334,"date":"2020-07-20T21:00:52","date_gmt":"2020-07-21T01:00:52","guid":{"rendered":"https:\/\/cimbcc.org\/test2\/?p=30334"},"modified":"2023-10-16T22:12:11","modified_gmt":"2023-10-17T02:12:11","slug":"ventes-dappareils-informatiques-au-quebec-limportance-de-recycler-lajout-du-jour-de-la-semaine-et-plusieurs-signatures-dans-gmail","status":"publish","type":"post","link":"https:\/\/cimbcc.org\/test2\/ventes-dappareils-informatiques-au-quebec-limportance-de-recycler-lajout-du-jour-de-la-semaine-et-plusieurs-signatures-dans-gmail\/","title":{"rendered":"Ventes d&rsquo;appareils informatiques au Qu\u00e9bec, l&rsquo;importance de recycler, l&rsquo;ajout du jour de la semaine et plusieurs signatures dans Gmail"},"content":{"rendered":"<figure id=\"attachment_24081\" aria-describedby=\"caption-attachment-24081\" style=\"width: 125px\" class=\"wp-caption aligncenter\"><img loading=\"lazy\" decoding=\"async\" class=\"size-full wp-image-24081\" src=\"https:\/\/cimbcc.org\/test2\/wp-content\/uploads\/photo_charron_denis.jpg\" alt=\"\" width=\"125\" height=\"125\" \/><figcaption id=\"caption-attachment-24081\" class=\"wp-caption-text\"><span style=\"color: #ffffff;\">mmm<\/span>Denis Charron<\/figcaption><\/figure>\n<p style=\"text-align: justify;\">Dans cet article, il sera question de:<\/p>\n<ul style=\"text-align: justify;\">\n<li>l&rsquo;impact de la pand\u00e9mie sur les ventes d&rsquo;appareils informatiques et \u00e9lectroniques au Qu\u00e9bec;<\/li>\n<li>l&rsquo;importance de recycler nos d\u00e9chets \u00e9lectroniques et la possibilit\u00e9 d&rsquo;acheter des ordinateurs \u00e0 faible co\u00fbt;<\/li>\n<li>l&rsquo;ajout de la journ\u00e9e de la semaine \u00e0 c\u00f4t\u00e9 de l&rsquo;horloge de Windows\u00a010;<\/li>\n<li>l&rsquo;utilisation de plusieurs signatures dans un m\u00eame compte Gmail.<\/li>\n<\/ul>\n<p style=\"text-align: justify;\"><!--more--><\/p>\n<hr \/>\n<h4 style=\"text-align: justify;\"><strong>Impact de la pand\u00e9mie sur les ventes d&rsquo;appareils informatiques et \u00e9lectroniques au Qu\u00e9bec<\/strong><\/h4>\n<p style=\"text-align: justify;\">La pand\u00e9mie n&rsquo;a pas eu que des c\u00f4t\u00e9s n\u00e9gatifs. Confin\u00e9s \u00e0 la maison, les Qu\u00e9b\u00e9cois ont d\u00e9cid\u00e9 de se g\u00e2ter.<\/p>\n<p style=\"text-align: justify;\">Vous verrez <a href=\"https:\/\/www.lapresse.ca\/affaires\/techno\/2020-07-19\/les-achats-technos-preferes-des-quebecois-pendant-la-pandemie.php\" target=\"_blank\" rel=\"noopener noreferrer\">dans cet article<\/a> de <em>LaPresse.ca<\/em> quels mod\u00e8les ont \u00e9t\u00e9 les plus populaires pour :<\/p>\n<ul>\n<li>les cha\u00eenes st\u00e9r\u00e9o;<\/li>\n<li>les ordinateurs;<\/li>\n<li>les t\u00e9l\u00e9viseurs;<\/li>\n<li>les p\u00e9riph\u00e9riques;<\/li>\n<li>les \u00e9couteurs;<\/li>\n<li>les jeux vid\u00e9o.<\/li>\n<\/ul>\n<hr \/>\n<h4 style=\"text-align: justify;\"><strong>Importance de recycler nos d\u00e9chets \u00e9lectroniques et la possibilit\u00e9 d&rsquo;acheter des ordinateurs \u00e0 faible co\u00fbt<\/strong><\/h4>\n<p style=\"text-align: justify;\">Les d\u00e9chets \u00e9lectroniques ont augment\u00e9 de 21 % en cinq ans comme l&rsquo;explique <a href=\"https:\/\/www.futura-sciences.com\/planete\/actualites\/pollution-dechets-electroniques-ont-augmente-21-5-ans-81825\/#xtor=EPR-17-[QUOTIDIENNE]-20200708-[ACTU-Les-dechets-electroniques-ont-augmente-de-21---en-5-ans]\" target=\"_blank\" rel=\"noopener noreferrer\">cet article<\/a> du site Web de <em>Futura-Sciences<\/em>. L&rsquo;\u00e9lectronique se retrouve de plus en plus dans une multitude d&rsquo;appareils comme les laveuses et s\u00e9cheuses, les grille-pain et autres appareils de notre quotidien, en plus des ordinateurs, t\u00e9l\u00e9viseurs et t\u00e9l\u00e9phones intelligents. Voil\u00e0 pourquoi il est important de r\u00e9utiliser les mati\u00e8res premi\u00e8res qu&rsquo;ils contiennent. La campagne des <a href=\"https:\/\/lesserpuariens.com\/\" target=\"_blank\" rel=\"noopener noreferrer\">SERPUARIENS<\/a> est ainsi un bel effort de r\u00e9cup\u00e9ration et de recyclage.<\/p>\n<p style=\"text-align: justify;\">Dans l&rsquo;<a href=\"https:\/\/fr.wikipedia.org\/wiki\/Agglom%C3%A9ration_de_Longueuil\" target=\"_blank\" rel=\"noopener noreferrer\">Agglom\u00e9ration de Longueuil<\/a>, il est possible de retourner vos appareils contenant de l&rsquo;\u00e9lectronique \u00e0 l&rsquo;<a href=\"https:\/\/stbruno.ca\/citoyens\/collectes\/ecocentre\/\" target=\"_blank\" rel=\"noopener noreferrer\">\u00c9cocentre Saint-Bruno<\/a>, \u00e0 l&rsquo;<a href=\"https:\/\/www.longueuil.quebec\/fr\/ecocentre-marie-victorin\" target=\"_blank\" rel=\"noopener noreferrer\">\u00c9cocentre Marie-Victorin<\/a> et\u00a0 \u00e0 l&rsquo;<a href=\"https:\/\/www.longueuil.quebec\/fr\/ecocentre-grande-allee\" target=\"_blank\" rel=\"noopener noreferrer\">\u00c9cocentre Grande All\u00e9e<\/a>. Une preuve de r\u00e9sidence est requise.<\/p>\n<p style=\"text-align: justify;\">\u00c0 Saint-Bruno, une <a href=\"https:\/\/cimbcc.org\/test2\/services\/le-soutien-a-la-recuperation-de-materiel-informatique\" target=\"_blank\" rel=\"noopener noreferrer\">\u00e9quipe du club informatique CIMBCC<\/a> s&rsquo;occupe de donner une seconde vie aux ordinateurs ou de les recycler comme il se doit. Vous pouvez retrouver les membres de l&rsquo;\u00e9quipe tous les mercredis de 9 h 00 \u00e0 16 h 00, au 1595, rue de Montarville, Saint-Bruno-de-Montarville,\u00a0\u00a0J3V 3T8. Vous pouvez\u00a0 \u00e9galement les rejoindre au t\u00e9l\u00e9phone, les mercredis, au (450) 653-2443 poste 5555. Il est possible \u00e0 cet endroit de vous procurer \u00e0 un co\u00fbt tr\u00e8s abordable, un ordinateur, un moniteur ou un portable remis \u00e0 neuf qui devrait r\u00e9pondre \u00e0 vos besoins et servir encore plusieurs ann\u00e9es.<\/p>\n<hr \/>\n<h4 style=\"text-align: justify;\"><strong>Ajout de la journ\u00e9e de la semaine \u00e0 c\u00f4t\u00e9 de l&rsquo;horloge de Windows 10<\/strong><\/h4>\n<p style=\"text-align: justify;\">Par d\u00e9faut, Windows 10 affiche l&rsquo;heure, la date, le mois et l&rsquo;ann\u00e9e. Il est possible d&rsquo;ajouter la journ\u00e9e ce qui peut \u00eatre pratique. Vous trouverez comment faire dans <a href=\"https:\/\/www.pcastuces.com\/pratique\/astuces\/5991.htm\" target=\"_blank\" rel=\"noopener noreferrer\">cet article<\/a> du site Web de <em>PC\u00a0Astuces<\/em>.<\/p>\n<hr \/>\n<h4 style=\"text-align: justify;\"><strong>Utilisation de plusieurs signatures dans un m\u00eame compte Gmail<\/strong><\/h4>\n<p style=\"text-align: justify;\">Si vous \u00eates plus d&rsquo;une personne \u00e0 utiliser le m\u00eame compte Gmail, il peut \u00eatre int\u00e9ressant de pouvoir avoir plus d&rsquo;une signature pour ajouter \u00e0 la fin du message. C&rsquo;est \u00e9galement pratique si vous utilisez le m\u00eame compte pour des courriels personnels et professionnels. <a href=\"https:\/\/www.pcastuces.com\/pratique\/astuces\/5994.htm\" target=\"_blank\" rel=\"noopener noreferrer\">Voici comment proc\u00e9der<\/a>.<\/p>\n<p>Denis Charron<\/p>\n","protected":false},"excerpt":{"rendered":"<p>Dans cet article, il sera question de: l&rsquo;impact de la pand\u00e9mie sur les ventes d&rsquo;appareils informatiques et \u00e9lectroniques au Qu\u00e9bec; l&rsquo;importance de recycler nos d\u00e9chets \u00e9lectroniques et la possibilit\u00e9 d&rsquo;acheter des ordinateurs \u00e0 faible co\u00fbt; l&rsquo;ajout de la journ\u00e9e de la semaine \u00e0 c\u00f4t\u00e9 de l&rsquo;horloge de Windows\u00a010; l&rsquo;utilisation de plusieurs signatures dans un m\u00eame &hellip; <a href=\"https:\/\/cimbcc.org\/test2\/ventes-dappareils-informatiques-au-quebec-limportance-de-recycler-lajout-du-jour-de-la-semaine-et-plusieurs-signatures-dans-gmail\/\" class=\"more-link\">Continuer la lecture de <span class=\"screen-reader-text\">Ventes d&rsquo;appareils informatiques au Qu\u00e9bec, l&rsquo;importance de recycler, l&rsquo;ajout du jour de la semaine et plusieurs signatures dans Gmail<\/span>  <span class=\"meta-nav\">&rarr;<\/span><\/a><\/p>\n","protected":false},"author":43,"featured_media":0,"comment_status":"open","ping_status":"closed","sticky":false,"template":"","format":"standard","meta":{"footnotes":""},"categories":[403],"tags":[112,509,870,475,433,1288,110,770,88],"class_list":["post-30334","post","type-post","status-publish","format-standard","hentry","category-applications","tag-achat","tag-achat-doccasion","tag-cimbcc","tag-ecocentre-saint-bruno","tag-gmail","tag-horloge","tag-recuperation","tag-recyclage","tag-windows-10"],"_links":{"self":[{"href":"https:\/\/cimbcc.org\/test2\/wp-json\/wp\/v2\/posts\/30334","targetHints":{"allow":["GET"]}}],"collection":[{"href":"https:\/\/cimbcc.org\/test2\/wp-json\/wp\/v2\/posts"}],"about":[{"href":"https:\/\/cimbcc.org\/test2\/wp-json\/wp\/v2\/types\/post"}],"author":[{"embeddable":true,"href":"https:\/\/cimbcc.org\/test2\/wp-json\/wp\/v2\/users\/43"}],"replies":[{"embeddable":true,"href":"https:\/\/cimbcc.org\/test2\/wp-json\/wp\/v2\/comments?post=30334"}],"version-history":[{"count":14,"href":"https:\/\/cimbcc.org\/test2\/wp-json\/wp\/v2\/posts\/30334\/revisions"}],"predecessor-version":[{"id":30348,"href":"https:\/\/cimbcc.org\/test2\/wp-json\/wp\/v2\/posts\/30334\/revisions\/30348"}],"wp:attachment":[{"href":"https:\/\/cimbcc.org\/test2\/wp-json\/wp\/v2\/media?parent=30334"}],"wp:term":[{"taxonomy":"category","embeddable":true,"href":"https:\/\/cimbcc.org\/test2\/wp-json\/wp\/v2\/categories?post=30334"},{"taxonomy":"post_tag","embeddable":true,"href":"https:\/\/cimbcc.org\/test2\/wp-json\/wp\/v2\/tags?post=30334"}],"curies":[{"name":"wp","href":"https:\/\/api.w.org\/{rel}","templated":true}]}}