{"id":30536,"date":"2020-08-27T22:00:07","date_gmt":"2020-08-28T02:00:07","guid":{"rendered":"https:\/\/cimbcc.org\/test2\/?p=30536"},"modified":"2023-10-16T22:12:10","modified_gmt":"2023-10-17T02:12:10","slug":"tracage-de-la-covid-19-chargeurs-sans-fil-et-mise-a-jour-de-lapple-watch","status":"publish","type":"post","link":"https:\/\/cimbcc.org\/test2\/tracage-de-la-covid-19-chargeurs-sans-fil-et-mise-a-jour-de-lapple-watch\/","title":{"rendered":"Tra\u00e7age de la COVID-19, chargeurs sans fil et mise \u00e0 jour de l&rsquo;Apple Watch"},"content":{"rendered":"<figure id=\"attachment_24081\" aria-describedby=\"caption-attachment-24081\" style=\"width: 125px\" class=\"wp-caption aligncenter\"><img loading=\"lazy\" decoding=\"async\" class=\"size-full wp-image-24081\" src=\"https:\/\/cimbcc.org\/test2\/wp-content\/uploads\/photo_charron_denis.jpg\" alt=\"\" width=\"125\" height=\"125\" \/><figcaption id=\"caption-attachment-24081\" class=\"wp-caption-text\"><span style=\"color: #ffffff;\">mmm<\/span>Denis Charron<\/figcaption><\/figure>\n<p>Les sujets trait\u00e9s aujourd&rsquo;hui seront :<\/p>\n<ul>\n<li>application de tra\u00e7age de la COVID-19;<\/li>\n<li>chargeurs sans fil gourmands;<\/li>\n<li>mise \u00e0 jour importante pour l&rsquo;Apple Watch.<\/li>\n<\/ul>\n<p><!--more--><\/p>\n<hr \/>\n<h4><strong>Application de tra\u00e7age de la COVID-19<\/strong><\/h4>\n<p style=\"text-align: justify;\">Trouver les gens qui ont \u00e9t\u00e9 en contact avec une personne infect\u00e9e \u00e0 la COVID-19 est essentiel pour stopper la pand\u00e9mie, mais il s&rsquo;agit actuellement d&rsquo;un travail long et fastidieux d\u00e9pendant beaucoup de la m\u00e9moire de la personne infect\u00e9e.<\/p>\n<p style=\"text-align: justify;\">Une application de tra\u00e7age permettrait d&rsquo;aviser les gens ayant \u00e9t\u00e9 en contact avec une personne d\u00e9clar\u00e9e positive afin qu&rsquo;elles se fassent tester. L&rsquo;Ontario en utilise d\u00e9j\u00e0 un logiciel que cette province a cr\u00e9\u00e9.<\/p>\n<p style=\"text-align: justify;\">Le Qu\u00e9bec <a href=\"https:\/\/ici.radio-canada.ca\/nouvelle\/1726037\/coronavirus-covid-19-outil-technologique-contacts\" target=\"_blank\" rel=\"noopener noreferrer\">s&rsquo;est questionn\u00e9 cet \u00e9t\u00e9<\/a> \u00e0 savoir s&rsquo;il va aller dans ce sens. M\u00eame si la population semble favorable au d\u00e9ploiement d&rsquo;une telle application, la commission parlementaire charg\u00e9e d&rsquo;\u00e9tudier ce dossier <a href=\"https:\/\/ici.radio-canada.ca\/nouvelle\/1727572\/application-covid-19-tracage-telephone-quebec-consensus\" target=\"_blank\" rel=\"noopener noreferrer\">ne la recommande pas<\/a> :<\/p>\n<p style=\"padding-left: 40px; text-align: justify;\"><span style=\"font-size: 12pt;\"><em>\u00ab Les Qu\u00e9b\u00e9cois sont partag\u00e9s sur cette application. Ils craignent un peu que des donn\u00e9es personnelles soient utilis\u00e9es \u00e0 d\u2019autres fins.\u00a0 \u00bb\u00a0 \u00a0 \u00a0 \u00a0 \u00a0 \u00a0Fran\u00e7ois Legault<\/em><\/span><\/p>\n<p style=\"text-align: justify;\">Finalement, le <a href=\"https:\/\/www.lapresse.ca\/covid-19\/2020-08-25\/application-de-tracage-quebec-n-ira-pas-de-l-avant-pour-l-instant.php\" target=\"_blank\" rel=\"noopener noreferrer\">Qu\u00e9bec a d\u00e9cid\u00e9 de ne pas aller de l&rsquo;avant<\/a> pour le moment avec l&rsquo;application de tra\u00e7age.<\/p>\n<hr \/>\n<h4>Chargeurs sans fil gourmands<\/h4>\n<p style=\"text-align: justify;\">Les chargeurs sans fil pour t\u00e9l\u00e9phone intelligent consommeraient jusqu&rsquo;\u00e0 50% plus d&rsquo;\u00e9lectricit\u00e9. Avec le chargeur sans fil, fini les cordons \u00e9lectriques qui tra\u00eenent ou qui sont \u00e9gar\u00e9s. Ceci explique bien leur popularit\u00e9 depuis leur mise en march\u00e9.<\/p>\n<p style=\"text-align: justify;\">Cependant, des chercheurs ont d\u00e9couvert qu&rsquo;ils sont bien plus gourmands en \u00e9lectricit\u00e9 qu&rsquo;un chargeur avec fil. Rien de catastrophique pour un seul t\u00e9l\u00e9phone, mais multipli\u00e9 par les trois milliards et demi de cellulaires en service dans le monde, c&rsquo;est une autre chose comme l&rsquo;explique <a href=\"https:\/\/www.futura-sciences.com\/tech\/actualites\/smartphone-recharge-fil-multiplie-deux-consommation-electrique-82419\/#xtor=EPR-17-[QUOTIDIENNE]-20200812-[ACTU-La-recharge-sans-fil-multiplie-par-deux-la-consommation-electrique]\" target=\"_blank\" rel=\"noopener noreferrer\">cet article<\/a> du site Web de <em>Futura-Sciences<\/em>.<\/p>\n<hr \/>\n<h4><strong>Mise \u00e0 jour importante pour l&rsquo;Apple Watch<\/strong><\/h4>\n<p style=\"text-align: justify;\">La <a href=\"https:\/\/fr.wikipedia.org\/wiki\/Apple_Watch\" target=\"_blank\" rel=\"noopener noreferrer\">montre d&rsquo;Apple<\/a> est la plus vendue au monde, mais des mod\u00e8les concurrents offrent maintenant des fonctions suppl\u00e9mentaires qui les rendent plus int\u00e9ressants.<\/p>\n<p style=\"text-align: justify;\">Apple esp\u00e8re que cela sera une chose du pass\u00e9 avec la version 7 de <a href=\"https:\/\/fr.wikipedia.org\/wiki\/WatchOS\" target=\"_blank\" rel=\"noopener noreferrer\">WatchOS<\/a> disponible en version b\u00eata comme l&rsquo;explique <a href=\"https:\/\/www.futura-sciences.com\/tech\/actualites\/apple-watch-sommeil-traduction-audition-google-maps-neuf-apple-watch-82413\/#xtor=EPR-17-[QUOTIDIENNE]-20200812-[ACTU-Sommeil--traduction--audition--Google-Maps----Quoi-de-neuf-pour-l-Apple-Watch--]\" target=\"_blank\" rel=\"noopener noreferrer\">cet article.<\/a>\u00a0 Il y a les ajouts suivants :<\/p>\n<ul>\n<li style=\"list-style-type: none;\">\n<ul>\n<li>nouveaux cadrans, personnalisables et partageables;<\/li>\n<li><span class=\"link-wrapper\">d\u00e9tection du lavage des mains;<\/span><\/li>\n<li>traduction dans <span class=\"link-wrapper\"><a href=\"https:\/\/www.apple.com\/ca\/fr\/siri\/\" target=\"_blank\" rel=\"noopener noreferrer\">Siri<\/a>;<\/span><\/li>\n<li>protection auditive;<\/li>\n<li>retour de <a href=\"https:\/\/fr.wikipedia.org\/wiki\/Google_Maps\" target=\"_blank\" rel=\"noopener noreferrer\">Google Maps<\/a> avec une aide pour les cyclistes.<\/li>\n<\/ul>\n<\/li>\n<\/ul>\n<p>Denis Charron<\/p>\n","protected":false},"excerpt":{"rendered":"<p>Les sujets trait\u00e9s aujourd&rsquo;hui seront : application de tra\u00e7age de la COVID-19; chargeurs sans fil gourmands; mise \u00e0 jour importante pour l&rsquo;Apple Watch.<\/p>\n","protected":false},"author":43,"featured_media":0,"comment_status":"open","ping_status":"closed","sticky":false,"template":"","format":"standard","meta":{"footnotes":""},"categories":[403],"tags":[1029,1301,1182,683,1034,104,1300],"class_list":["post-30536","post","type-post","status-publish","format-standard","hentry","category-applications","tag-apple-watch","tag-chargeurs-sans-fil","tag-covid-19","tag-protection-des-donnees","tag-recharge","tag-telephone-intelligent","tag-tracage"],"_links":{"self":[{"href":"https:\/\/cimbcc.org\/test2\/wp-json\/wp\/v2\/posts\/30536","targetHints":{"allow":["GET"]}}],"collection":[{"href":"https:\/\/cimbcc.org\/test2\/wp-json\/wp\/v2\/posts"}],"about":[{"href":"https:\/\/cimbcc.org\/test2\/wp-json\/wp\/v2\/types\/post"}],"author":[{"embeddable":true,"href":"https:\/\/cimbcc.org\/test2\/wp-json\/wp\/v2\/users\/43"}],"replies":[{"embeddable":true,"href":"https:\/\/cimbcc.org\/test2\/wp-json\/wp\/v2\/comments?post=30536"}],"version-history":[{"count":20,"href":"https:\/\/cimbcc.org\/test2\/wp-json\/wp\/v2\/posts\/30536\/revisions"}],"predecessor-version":[{"id":30621,"href":"https:\/\/cimbcc.org\/test2\/wp-json\/wp\/v2\/posts\/30536\/revisions\/30621"}],"wp:attachment":[{"href":"https:\/\/cimbcc.org\/test2\/wp-json\/wp\/v2\/media?parent=30536"}],"wp:term":[{"taxonomy":"category","embeddable":true,"href":"https:\/\/cimbcc.org\/test2\/wp-json\/wp\/v2\/categories?post=30536"},{"taxonomy":"post_tag","embeddable":true,"href":"https:\/\/cimbcc.org\/test2\/wp-json\/wp\/v2\/tags?post=30536"}],"curies":[{"name":"wp","href":"https:\/\/api.w.org\/{rel}","templated":true}]}}