{"id":30714,"date":"2020-09-09T20:00:46","date_gmt":"2020-09-10T00:00:46","guid":{"rendered":"https:\/\/cimbcc.org\/test2\/?p=30714"},"modified":"2023-10-16T22:12:10","modified_gmt":"2023-10-17T02:12:10","slug":"je-participe-a-une-presentation-virtuelle-les-dix-commandements-pour-zoom","status":"publish","type":"post","link":"https:\/\/cimbcc.org\/test2\/je-participe-a-une-presentation-virtuelle-les-dix-commandements-pour-zoom\/","title":{"rendered":"Je participe \u00e0 une pr\u00e9sentation virtuelle :  les dix commandements pour Zoom"},"content":{"rendered":"<figure id=\"attachment_43393\" aria-describedby=\"caption-attachment-43393\" style=\"width: 125px\" class=\"wp-caption aligncenter\"><a href=\"https:\/\/cimbcc.org\/test2\/wp-content\/uploads\/photo_delisle_pierre.jpg\"><img loading=\"lazy\" decoding=\"async\" class=\"wp-image-43393 size-full\" src=\"https:\/\/cimbcc.org\/test2\/wp-content\/uploads\/photo_delisle_pierre.jpg\" alt=\"\" width=\"125\" height=\"126\" \/><\/a><figcaption id=\"caption-attachment-43393\" class=\"wp-caption-text\">Pierre Delisle<\/figcaption><\/figure>\n<p style=\"text-align: justify;\">Vous participez \u00e0 une pr\u00e9sentation virtuelle qui pourrait comprendre plus de 10 personnes, \u00e0 un cours ou \u00e0 un atelier ? Il faut alors poss\u00e9der une certaine discipline afin de faciliter le bon d\u00e9roulement d&rsquo;une telle activit\u00e9 en ligne.<\/p>\n<p style=\"text-align: justify;\">Tout comme une pr\u00e9sentation en pr\u00e9sence r\u00e9elle (pr\u00e9sentielle), un groupe de qualit\u00e9 favorise une bonne pr\u00e9sentation. Les dix commandements suivants favoriseront votre succ\u00e8s avec Zoom.<\/p>\n<p><!--more--><\/p>\n<p><img loading=\"lazy\" decoding=\"async\" class=\"aligncenter size-full wp-image-30879\" src=\"https:\/\/cimbcc.org\/test2\/wp-content\/uploads\/chip_2020_09_10_videoconference_comm_11.jpg\" alt=\"\" width=\"512\" height=\"416\" srcset=\"https:\/\/cimbcc.org\/test2\/wp-content\/uploads\/chip_2020_09_10_videoconference_comm_11.jpg 512w, https:\/\/cimbcc.org\/test2\/wp-content\/uploads\/chip_2020_09_10_videoconference_comm_11-300x244.jpg 300w\" sizes=\"auto, (max-width: 512px) 100vw, 512px\" \/><\/p>\n<ol>\n<li>\n<hr \/>\n<h4 style=\"text-align: justify;\"><strong>Ton vrai nom tu inscriras<\/strong><\/h4>\n<\/li>\n<\/ol>\n<p style=\"text-align: justify;\">Il est toujours difficile pour l\u2019animateur ou le mod\u00e9rateur de donner un droit de parole \u00e0 \u00ab ZQRSPetitTr\u00e9sor25 \u00bb, par exemple. <strong>\u00c9crivez donc votre nom r\u00e9el, incluant votre pr\u00e9nom.<\/strong> De plus, si quelqu&rsquo;un vous conna\u00eet, il est plus facile de contextualiser votre intervention et ainsi, mieux y r\u00e9pondre.<\/p>\n<hr \/>\n<ol start=\"2\">\n<li>\n<h4><strong>\u00c0 l\u2019heure tu te connecteras<\/strong><\/h4>\n<\/li>\n<\/ol>\n<p style=\"text-align: justify;\"><strong>\u00c0 l\u2019heure, cela ne veut pas dire \u00e0 l\u2019heure pr\u00e9cise du d\u00e9but de la pr\u00e9sentation, mais au moins 10 \u00e0 15 minutes plus t\u00f4t.<\/strong> L\u2019organisateur de la r\u00e9union r\u00e9servera la plateforme au moins 15 minutes plus t\u00f4t pour vous connecter ou m\u00eame vous permettre de prendre des nouvelles de vos amis. Un peu comme une version moderne des fameuses discussions autour de la machine \u00e0 caf\u00e9 !<\/p>\n<p style=\"text-align: justify;\">Si vous d\u00e9sirez \u00e9ventuellement utiliser votre microphone et votre cam\u00e9ra, c\u2019est \u00e0 ce moment que vous veillerez \u00e0 ce que ces accessoires soient fonctionnels. Le microphone et la cam\u00e9ra ne sont pas obligatoires pour assister \u00e0 une pr\u00e9sentation.<\/p>\n<p style=\"text-align: justify;\">Mettez votre t\u00e9l\u00e9phone filaire ou cellulaire en mode silencieux. S\u2019il sonne, ne r\u00e9pondez surtout pas pr\u00e8s du microphone, sinon tout le monde entendra.<\/p>\n<hr \/>\n<ol start=\"3\">\n<li>\n<h4><strong>Ton micro tu couperas<\/strong><\/h4>\n<\/li>\n<\/ol>\n<p style=\"text-align: justify;\"><strong>D\u00e8s que le pr\u00e9sentateur commencera son allocution, tous devraient avoir leur microphone \u00ab d\u00e9sactiv\u00e9 \u00bb.<\/strong> M\u00eame si on pense \u00eatre muet comme une carpe, un reniflement ou un clavier qu&rsquo;on tape, \u00e7a fait un bruit que votre micro va transmettre \u00e0 tous. Il ne faut pas oublier les sons qu\u2019on entend en arri\u00e8re-plan, comme le b\u00e9b\u00e9 qui pleure, la t\u00e9l\u00e9vision qu&rsquo;\u00e9coute votre douce moiti\u00e9, le papier que l\u2019on manipule pr\u00e8s du micro, le t\u00e9l\u00e9phone utilis\u00e9 \u00e0 proximit\u00e9 par une tierce personne et le placotage avec son entourage.<\/p>\n<p style=\"text-align: justify;\">Lorsque vous parlez, les micros captent tous les sons autres que votre voix et les gens entendront tous les bruits autour de vous, incluant votre chaise qui craque. Vous le constaterez avant le d\u00e9but de la pr\u00e9sentation quand tout le monde parle en m\u00eame temps et que des sons disparates envahissent vos haut-parleurs. Dans une r\u00e9union en personne, c\u2019est d\u00e9rangeant, mais lors d\u2019une vid\u00e9oconf\u00e9rence, c\u2019est insupportable.<\/p>\n<p style=\"text-align: justify;\">Mais les \u00e9diteurs d\u2019outils de vid\u00e9oconf\u00e9rence ont pens\u00e9 \u00e0 tout : il est possible d&rsquo;activer ou de d\u00e9sactiver votre micro \u00e0 distance. Le mod\u00e9rateur peut donc couper le son de tout le monde. Cette fonctionnalit\u00e9 pourrait bien pr\u00e9server le bon d\u00e9roulement de nos vid\u00e9oconf\u00e9rences, alors n\u2019h\u00e9sitez pas \u00e0 vous mettre en mode muet.<\/p>\n<hr \/>\n<ol start=\"4\">\n<li>\n<h4><strong>Ta main tu l\u00e8veras<\/strong><\/h4>\n<\/li>\n<\/ol>\n<p style=\"text-align: justify;\">On \u00e9vite autant que possible d\u2019interrompre les interlocuteurs. <strong>Quand on veut parler, on l\u00e8ve la main virtuellement.<\/strong> Dans Zoom, cette option se retrouve en cliquant sur l\u2019ic\u00f4ne \u00ab Participants \u00bb au bas de l&rsquo;\u00e9cran; un bouton \u00ab Lever la main \u00bb sera visible par la suite.<\/p>\n<p style=\"text-align: justify;\">Il est du devoir de l\u2019animateur ou du mod\u00e9rateur de la r\u00e9union de faire de fr\u00e9quents \u00ab tours d\u2019\u00e9cran \u00bb pour v\u00e9rifier si des participants veulent aussi prendre la parole.<\/p>\n<hr \/>\n<ol start=\"5\">\n<li>\n<h4><strong>L\u2019animateur tu attendras<\/strong><\/h4>\n<\/li>\n<\/ol>\n<p style=\"text-align: justify;\"><strong>Lorsque vous aurez lev\u00e9 la main, vous attendez que l\u2019animateur ou le mod\u00e9rateur vous donne la parole.<\/strong> Lorsque vous l\u2019avez, allez \u00e0 l\u2019essentiel.<\/p>\n<p style=\"text-align: justify;\">Si vous avez demand\u00e9 la parole, assurez-vous de r\u00e9activer votre microphone environ une minute avant l\u2019occasion o\u00f9 vous pr\u00e9voyez pouvoir parler.<\/p>\n<hr \/>\n<ol start=\"6\">\n<li>\n<h4><strong>Ta question tu inscriras<\/strong><\/h4>\n<\/li>\n<\/ol>\n<p style=\"text-align: justify;\">Si vous n\u2019avez pas de microphone ou que vous pr\u00e9f\u00e9rez demeurer plus discret, <strong>vous pouvez inscrire votre question dans le CHAT de la rencontre<\/strong>.<\/p>\n<p style=\"text-align: justify;\">Vous n\u2019avez qu\u2019\u00e0 cliquer sur l\u2019ic\u00f4ne \u00ab CHAT \u00bb (clavarder, en fran\u00e7ais) dans la barre des ic\u00f4nes. Tout comme pour les mains lev\u00e9es, il est du devoir de l\u2019animateur ou du mod\u00e9rateur de la r\u00e9union de faire de fr\u00e9quents \u00ab tours d\u2019\u00e9cran \u00bb pour lire les interactions soumises par les participants.<\/p>\n<hr \/>\n<ol start=\"7\">\n<li>\n<h4 style=\"text-align: justify;\"><strong>Ta tenue tu soigneras ou ta cam\u00e9ra tu d\u00e9sactiveras<\/strong><\/h4>\n<\/li>\n<\/ol>\n<p style=\"text-align: justify;\">Personne ne vous forcera \u00e0 appara\u00eetre en vid\u00e9o. Vous pouvez laisser votre cam\u00e9ra d\u00e9sactiv\u00e9e. Mais pour le pr\u00e9sentateur, il est toujours tr\u00e8s int\u00e9ressant de voir les r\u00e9actions des participants pour v\u00e9rifier s\u2019il est dans la bonne voie.<\/p>\n<p style=\"text-align: justify;\"><strong>Habillez-vous donc correctement<\/strong>, du moins pour le haut \u2026<\/p>\n<figure id=\"attachment_30753\" aria-describedby=\"caption-attachment-30753\" style=\"width: 317px\" class=\"wp-caption aligncenter\"><img loading=\"lazy\" decoding=\"async\" class=\"size-full wp-image-30753\" src=\"https:\/\/cimbcc.org\/test2\/wp-content\/uploads\/chip_2020_09_10_videoconference_comm_7.jpg\" alt=\"\" width=\"317\" height=\"368\" srcset=\"https:\/\/cimbcc.org\/test2\/wp-content\/uploads\/chip_2020_09_10_videoconference_comm_7.jpg 317w, https:\/\/cimbcc.org\/test2\/wp-content\/uploads\/chip_2020_09_10_videoconference_comm_7-258x300.jpg 258w\" sizes=\"auto, (max-width: 317px) 100vw, 317px\" \/><figcaption id=\"caption-attachment-30753\" class=\"wp-caption-text\">Si vous devez vous d\u00e9placer, vos auditeurs et auditrices pourraient subir un choc visuel vestimentaire (<a href=\"https:\/\/www.leading-edge.co.uk\/loving-the-virtual-world\/\" target=\"_blank\" rel=\"noopener noreferrer\">source<\/a>)<\/figcaption><\/figure>\n<hr \/>\n<ol start=\"8\">\n<li>\n<h4 style=\"text-align: justify;\"><strong>Le bon spot tu trouveras ou ta cam\u00e9ra tu d\u00e9sactiveras<\/strong><\/h4>\n<\/li>\n<\/ol>\n<p style=\"text-align: justify;\">Isolez-vous de tout type de distraction et de bruits : t\u00e9l\u00e9vision, cuisine, lave-vaisselle, etc., pour la dur\u00e9e de votre vid\u00e9oconf\u00e9rence. Si possible, <strong>installez-vous dans votre espace d\u00e9di\u00e9<\/strong>, un bureau par exemple.<\/p>\n<p style=\"text-align: justify;\">Il est pr\u00e9f\u00e9rable de se placer soi-m\u00eame dos \u00e0 un mur, ou tout au moins dos \u00e0 un endroit o\u00f9 rien de d\u00e9rangeant ne se passera \u00e0 l\u2019arri\u00e8re-plan. En plein jour, \u00e9vitez aussi de vous placer dos \u00e0 une fen\u00eatre ou d\u2019avoir une lumi\u00e8re vive derri\u00e8re soi.<\/p>\n<p style=\"text-align: justify;\">Si vous utilisez une tablette ou un t\u00e9l\u00e9phone intelligent, placez l\u2019appareil \u00e9lectronique sur un meuble stable afin d\u2019\u00e9viter le mouvement de l\u2019image.<\/p>\n<p style=\"text-align: justify;\">Il n&rsquo;est pas recommand\u00e9 de placer votre cam\u00e9ra plus basse que votre visage \u00e0 moins que vous ne vouliez montrer vos narines et leur contenu. Un \u00e9clairage doux provenant de face att\u00e9nuera vos rides.<\/p>\n<hr \/>\n<ol start=\"9\">\n<li>\n<h4><strong>Ton entourage tu aviseras<\/strong><\/h4>\n<\/li>\n<\/ol>\n<p style=\"text-align: justify;\"><strong>Pr\u00e9venez vos proches que vous \u00eates en pr\u00e9sentation virtuelle.<\/strong> On a tous vu \u00e0 la t\u00e9l\u00e9 ou sur YouTube des moments cocasses o\u00f9, soudainement, un membre de la famille, un ami, un ouvrier ou un animal de compagnie fait irruption sans le savoir \u00e0 l\u2019arri\u00e8re-plan, voire au premier plan.<\/p>\n<p style=\"text-align: justify;\">Selon ce que fait la personne ou l\u2019animal, le temps rest\u00e9 \u00e0 l\u2019\u00e9cran ou la tenue port\u00e9e, l\u2019invit\u00e9(e) surprise pourrait perturber la pr\u00e9sentation lorsque vous posez une question, par exemple.<\/p>\n<hr \/>\n<ol start=\"10\">\n<li>\n<h4><strong> Des d\u00e9tails techniques tu te PR\u00c9occuperas<\/strong><\/h4>\n<\/li>\n<\/ol>\n<p style=\"text-align: justify;\"><strong>Bien avant la pr\u00e9sentation, testez votre connexion Internet et votre lien avec Zoom.<\/strong> Si vous le pouvez, utilisez une connexion filaire plut\u00f4t que Wi-Fi. Assurez-vous que vous \u00eates la seule personne \u00e0 utiliser Internet durant la vid\u00e9oconf\u00e9rence.<\/p>\n<figure id=\"attachment_30756\" aria-describedby=\"caption-attachment-30756\" style=\"width: 256px\" class=\"wp-caption aligncenter\"><img loading=\"lazy\" decoding=\"async\" class=\"size-full wp-image-30756\" src=\"https:\/\/cimbcc.org\/test2\/wp-content\/uploads\/chip_2020_09_10_videoconference_comm_10-e1598660125646.jpg\" alt=\"\" width=\"256\" height=\"160\" \/><figcaption id=\"caption-attachment-30756\" class=\"wp-caption-text\">Plusieurs d\u00e9tails techniques m\u00e9ritent d&rsquo;\u00eatre r\u00e9gl\u00e9s avant de participer \u00e0 une vid\u00e9oconf\u00e9rence (<a href=\"https:\/\/commons.wikimedia.org\/wiki\/File:NERD.png\" target=\"_blank\" rel=\"noopener noreferrer\">source<\/a>)<\/figcaption><\/figure>\n<p style=\"text-align: justify;\">\u00c0 l\u2019ouverture de Zoom, assurez-vous que votre audio est activ\u00e9, sinon, vous n\u2019aurez pas de son. Si vous avez une ic\u00f4ne de casque blanc avec une petite fl\u00e8che verte vers le haut, dans la partie gauche de la barre des ic\u00f4nes, l\u2019audio n\u2019est pas connect\u00e9. Cliquez sur cette ic\u00f4ne.<\/p>\n<p style=\"text-align: justify;\">Assurez-vous de ne pas \u00eatre \u00e0 un endroit o\u00f9 des micro-ondes peuvent interrompre la visioconf\u00e9rence.<\/p>\n<hr \/>\n<p style=\"text-align: justify;\">Si vous respectez tous ces commandements de biens\u00e9ance informatique, ou de <a href=\"https:\/\/fr.wikipedia.org\/wiki\/N%C3%A9tiquette\" target=\"_blank\" rel=\"noopener noreferrer\">netiquette<\/a>, vous constituerez des auditoires mod\u00e8les durant les pr\u00e9sentations du CIMBCC \u00e0 l&rsquo;automne 2020.<\/p>\n<p>Pierre Delisle<\/p>\n<hr \/>\n<h4>Note de l&rsquo;\u00e9diteur<\/h4>\n<p style=\"text-align: justify;\">Un article de Bruno Fournier, <em><a href=\"https:\/\/cimbcc.org\/test2\/trucs-pour-des-visioconferences-reussies\" target=\"_blank\" rel=\"noopener noreferrer\">Trucs pour des visioconf\u00e9rences r\u00e9ussies<\/a><\/em>, a \u00e9t\u00e9 publi\u00e9 ici, sur le blogue du CIMBCC, le 18 ao\u00fbt 2020.<\/p>\n<hr \/>\n<h4>R\u00e9f\u00e9rences<\/h4>\n<p><span style=\"font-size: 10pt;\"><a href=\"https:\/\/recitfad.ca\/netiquette-pour-lapprenant-en-visioconference\/\" target=\"_blank\" rel=\"noopener noreferrer\">https:\/\/recitfad.ca\/netiquette-pour-lapprenant-en-visioconference\/<\/a><\/span><\/p>\n<p><span style=\"font-size: 10pt;\"><a href=\"https:\/\/start.lesechos.fr\/travailler-mieux\/vie-entreprise\/les-9-commandements-dune-visioconference-reussie-en-gif-1189072\" target=\"_blank\" rel=\"noopener noreferrer\">https:\/\/start.lesechos.fr\/travailler-mieux\/vie-entreprise\/les-9-commandements-dune-visioconference-reussie-en-gif-1189072<\/a><\/span><\/p>\n<p><span style=\"font-size: 10pt;\"><a href=\"https:\/\/lfmoscou.com\/fr\/charte-du-participant-aux-visioconferences\/\" target=\"_blank\" rel=\"noopener noreferrer\">https:\/\/lfmoscou.com\/fr\/charte-du-participant-aux-visioconferences\/<\/a><\/span><\/p>\n<p><span style=\"font-size: 10pt;\"><a href=\"https:\/\/www.oaciq.com\/uploads\/ckeditor\/attachments\/2191\/guide-et-consignes-visioconference-zoom-vfra.pdf\" target=\"_blank\" rel=\"noopener noreferrer\">https:\/\/www.oaciq.com\/uploads\/ckeditor\/attachments\/2191\/guide-et-consignes-visioconference-zoom-vfra.pdf<\/a><\/span><\/p>\n<p><span style=\"font-size: 10pt;\"><a href=\"https:\/\/www.capital.fr\/votre-carriere\/visioconference-5-regles-pour-la-mener-avec-tact-1327400\" target=\"_blank\" rel=\"noopener noreferrer\">https:\/\/www.capital.fr\/votre-carriere\/visioconference-5-regles-pour-la-mener-avec-tact-1327400<\/a><\/span><\/p>\n<p><span style=\"font-size: 10pt;\"><a href=\"https:\/\/www.agence-everest.com\/actualites\/visioconference-6-regles-dor\" target=\"_blank\" rel=\"noopener noreferrer\">https:\/\/www.agence-everest.com\/actualites\/visioconference-6-regles-dor<\/a><\/span><\/p>\n<p><span style=\"font-size: 10pt;\"><a href=\"https:\/\/www.magicoffice.io\/comment-faire-une-videoconference-dans-les-regles-de-l-art\" target=\"_blank\" rel=\"noopener noreferrer\">https:\/\/www.magicoffice.io\/comment-faire-une-videoconference-dans-les-regles-de-l-art<\/a><\/span><\/p>\n<p><span style=\"font-size: 10pt;\"><a href=\"https:\/\/www.24heures.ca\/2020\/04\/16\/letiquette-des-videoconferences--quelques-conseils-de-pro\" target=\"_blank\" rel=\"noopener noreferrer\">https:\/\/www.24heures.ca\/\/2020\/04\/16\/letiquette-des-videoconferences&#8211;quelques-conseils-de-pro<\/a><\/span><\/p>\n","protected":false},"excerpt":{"rendered":"<p>Vous participez \u00e0 une pr\u00e9sentation virtuelle qui pourrait comprendre plus de 10 personnes, \u00e0 un cours ou \u00e0 un atelier ? Il faut alors poss\u00e9der une certaine discipline afin de faciliter le bon d\u00e9roulement d&rsquo;une telle activit\u00e9 en ligne. Tout comme une pr\u00e9sentation en pr\u00e9sence r\u00e9elle (pr\u00e9sentielle), un groupe de qualit\u00e9 favorise une bonne pr\u00e9sentation. &hellip; <a href=\"https:\/\/cimbcc.org\/test2\/je-participe-a-une-presentation-virtuelle-les-dix-commandements-pour-zoom\/\" class=\"more-link\">Continuer la lecture de <span class=\"screen-reader-text\">Je participe \u00e0 une pr\u00e9sentation virtuelle :  les dix commandements pour Zoom<\/span>  <span class=\"meta-nav\">&rarr;<\/span><\/a><\/p>\n","protected":false},"author":43,"featured_media":0,"comment_status":"open","ping_status":"closed","sticky":false,"template":"","format":"standard","meta":{"footnotes":""},"categories":[402],"tags":[1192,1305,1306,1277,1190],"class_list":["post-30714","post","type-post","status-publish","format-standard","hentry","category-activites-du-club","tag-appels-video","tag-bienseance-informatique","tag-netiquette","tag-videoconference","tag-zoom"],"_links":{"self":[{"href":"https:\/\/cimbcc.org\/test2\/wp-json\/wp\/v2\/posts\/30714","targetHints":{"allow":["GET"]}}],"collection":[{"href":"https:\/\/cimbcc.org\/test2\/wp-json\/wp\/v2\/posts"}],"about":[{"href":"https:\/\/cimbcc.org\/test2\/wp-json\/wp\/v2\/types\/post"}],"author":[{"embeddable":true,"href":"https:\/\/cimbcc.org\/test2\/wp-json\/wp\/v2\/users\/43"}],"replies":[{"embeddable":true,"href":"https:\/\/cimbcc.org\/test2\/wp-json\/wp\/v2\/comments?post=30714"}],"version-history":[{"count":26,"href":"https:\/\/cimbcc.org\/test2\/wp-json\/wp\/v2\/posts\/30714\/revisions"}],"predecessor-version":[{"id":44137,"href":"https:\/\/cimbcc.org\/test2\/wp-json\/wp\/v2\/posts\/30714\/revisions\/44137"}],"wp:attachment":[{"href":"https:\/\/cimbcc.org\/test2\/wp-json\/wp\/v2\/media?parent=30714"}],"wp:term":[{"taxonomy":"category","embeddable":true,"href":"https:\/\/cimbcc.org\/test2\/wp-json\/wp\/v2\/categories?post=30714"},{"taxonomy":"post_tag","embeddable":true,"href":"https:\/\/cimbcc.org\/test2\/wp-json\/wp\/v2\/tags?post=30714"}],"curies":[{"name":"wp","href":"https:\/\/api.w.org\/{rel}","templated":true}]}}