{"id":3075,"date":"2012-10-10T10:00:55","date_gmt":"2012-10-10T15:00:55","guid":{"rendered":"https:\/\/cimbcc.org\/test2\/?p=3075"},"modified":"2023-10-16T22:17:13","modified_gmt":"2023-10-17T02:17:13","slug":"progression-des-ventes-dappareils-intelligents-octobre-2012","status":"publish","type":"post","link":"https:\/\/cimbcc.org\/test2\/progression-des-ventes-dappareils-intelligents-octobre-2012\/","title":{"rendered":"Progression des ventes d\u2019appareils intelligents &#8211; octobre 2012"},"content":{"rendered":"<figure id=\"attachment_25229\" aria-describedby=\"caption-attachment-25229\" style=\"width: 125px\" class=\"wp-caption aligncenter\"><img loading=\"lazy\" decoding=\"async\" class=\"size-full wp-image-25229\" src=\"https:\/\/cimbcc.org\/test2\/wp-content\/uploads\/photo_jacquet_jean_philippe.jpg\" alt=\"\" width=\"125\" height=\"125\" \/><figcaption id=\"caption-attachment-25229\" class=\"wp-caption-text\"><span style=\"color: #ffffff;\">n<\/span>Jean-Philippe Jacquet<\/figcaption><\/figure>\n<p style=\"text-align: justify;\"><span style=\"text-align: left;\">Je vous propose un article de Denis Lalonde, r\u00e9dacteur en chef \u00e0 la <em>Direction informatique<\/em>, publi\u00e9 le 26\u00a0septembre dernier et traitant des ventes d\u2019appareils intelligents qui ont atteint 267,3\u00a0millions\u00a0d\u2019unit\u00e9s.<\/span><\/p>\n<p style=\"text-align: justify;\"><!--more--><\/p>\n<p style=\"text-align: justify;\">Au trimestre finissant le 30\u00a0juin dernier, le march\u00e9 des appareils intelligents \u00e0 travers le monde a progress\u00e9 gr\u00e2ce aux consommateurs et aux entreprises avec la hausse de la demande pour les tablettes et les t\u00e9l\u00e9phones mobiles.<\/p>\n<p style=\"text-align: justify;\">L\u2019International Data Corporation (IDC) soutient que le march\u00e9 des appareils intelligents, regroupant les ordinateurs portables, les tablettes et les t\u00e9l\u00e9phones mobiles, devrait atteindre 1,2\u00a0milliard\u00a0d\u2019unit\u00e9s cette ann\u00e9e, repr\u00e9sentant une hausse de 27,4\u00a0% par rapport \u00e0 2011.<\/p>\n<p style=\"text-align: justify;\">Pour les prochaines ann\u00e9es, les ventes seraient \u00e9galement en progression.<\/p>\n<p style=\"text-align: left;\">Vous pourrez en apprendre plus <a href=\"http:\/\/www.directioninformatique.com\/les-appareils-intelligents-en-croissance-de-14-par-annee-dici-2016\/15512\" target=\"_blank\" rel=\"noopener\">en cliquant ici<\/a>.<\/p>\n<p>Jean-Philippe Jacquet<\/p>\n","protected":false},"excerpt":{"rendered":"<p>Je vous propose un article de Denis Lalonde, r\u00e9dacteur en chef \u00e0 la Direction informatique, publi\u00e9 le 26\u00a0septembre dernier et traitant des ventes d\u2019appareils intelligents qui ont atteint 267,3\u00a0millions\u00a0d\u2019unit\u00e9s.<\/p>\n","protected":false},"author":43,"featured_media":0,"comment_status":"closed","ping_status":"closed","sticky":false,"template":"","format":"standard","meta":{"footnotes":""},"categories":[9],"tags":[292,105,104],"class_list":["post-3075","post","type-post","status-publish","format-standard","hentry","category-direction-informatique-toms-hardware","tag-appareils-intelligents","tag-tablette","tag-telephone-intelligent"],"_links":{"self":[{"href":"https:\/\/cimbcc.org\/test2\/wp-json\/wp\/v2\/posts\/3075","targetHints":{"allow":["GET"]}}],"collection":[{"href":"https:\/\/cimbcc.org\/test2\/wp-json\/wp\/v2\/posts"}],"about":[{"href":"https:\/\/cimbcc.org\/test2\/wp-json\/wp\/v2\/types\/post"}],"author":[{"embeddable":true,"href":"https:\/\/cimbcc.org\/test2\/wp-json\/wp\/v2\/users\/43"}],"replies":[{"embeddable":true,"href":"https:\/\/cimbcc.org\/test2\/wp-json\/wp\/v2\/comments?post=3075"}],"version-history":[{"count":30,"href":"https:\/\/cimbcc.org\/test2\/wp-json\/wp\/v2\/posts\/3075\/revisions"}],"predecessor-version":[{"id":26069,"href":"https:\/\/cimbcc.org\/test2\/wp-json\/wp\/v2\/posts\/3075\/revisions\/26069"}],"wp:attachment":[{"href":"https:\/\/cimbcc.org\/test2\/wp-json\/wp\/v2\/media?parent=3075"}],"wp:term":[{"taxonomy":"category","embeddable":true,"href":"https:\/\/cimbcc.org\/test2\/wp-json\/wp\/v2\/categories?post=3075"},{"taxonomy":"post_tag","embeddable":true,"href":"https:\/\/cimbcc.org\/test2\/wp-json\/wp\/v2\/tags?post=3075"}],"curies":[{"name":"wp","href":"https:\/\/api.w.org\/{rel}","templated":true}]}}