{"id":31188,"date":"2020-10-06T18:14:01","date_gmt":"2020-10-06T22:14:01","guid":{"rendered":"https:\/\/cimbcc.org\/test2\/?p=31188"},"modified":"2023-10-16T22:12:09","modified_gmt":"2023-10-17T02:12:09","slug":"installation-de-lapplication-covid-19","status":"publish","type":"post","link":"https:\/\/cimbcc.org\/test2\/installation-de-lapplication-covid-19\/","title":{"rendered":"Installation de l\u2019application Alerte COVID"},"content":{"rendered":"<figure id=\"attachment_23836\" aria-describedby=\"caption-attachment-23836\" style=\"width: 125px\" class=\"wp-caption aligncenter\"><img loading=\"lazy\" decoding=\"async\" class=\"size-full wp-image-23836\" src=\"https:\/\/cimbcc.org\/test2\/wp-content\/uploads\/photo_cote_rejean.jpg\" alt=\"\" width=\"125\" height=\"125\" \/><figcaption id=\"caption-attachment-23836\" class=\"wp-caption-text\"><span style=\"color: #ffffff;\">mmmm<\/span>R\u00e9jean C\u00f4t\u00e9<\/figcaption><\/figure>\n<p style=\"text-align: justify;\">Dans un <a href=\"https:\/\/cimbcc.org\/test2\/tracage-de-la-covid-19-chargeurs-sans-fil-et-mise-a-jour-de-lapple-watch\" target=\"_blank\" rel=\"noopener noreferrer\">article du CHIP du 27 ao\u00fbt 2020<\/a>, nous vous avions dit que le Gouvernement du Qu\u00e9bec ne sugg\u00e9rait pas encore l&rsquo;installation de l&rsquo;application Alerte COVID d\u00e9velopp\u00e9e par le Gouvernement f\u00e9d\u00e9ral.<\/p>\n<p style=\"text-align: justify;\">Depuis le mois d&rsquo;ao\u00fbt, la situation en lien avec la COVID-19 a \u00e9volu\u00e9. Lundi 5 octobre 2020, le premier ministre Fran\u00e7ois Legault a annonc\u00e9 en <a href=\"https:\/\/ici.radio-canada.ca\/nouvelle\/1738863\/application-notification-contacts-federal-canada-pandemie-covid-19\" target=\"_blank\" rel=\"noopener noreferrer\">conf\u00e9rence de presse<\/a> que l&rsquo;application mobile Alerte COVID est maintenant entr\u00e9e en fonction au Qu\u00e9bec.<\/p>\n<p><!--more--><\/p>\n<p style=\"text-align: justify;\">Le <a href=\"https:\/\/ici.radio-canada.ca\/nouvelle\/1738863\/application-notification-contacts-federal-canada-pandemie-covid-19\" target=\"_blank\" rel=\"noopener noreferrer\">site Web<\/a> de Radio-Canada nous dit ceci au sujet de cette application :<\/p>\n<p style=\"padding-left: 40px; text-align: justify;\"><em>\u00ab Selon les explications du gouvernement canadien, elle envoie une notification lorsqu&rsquo;elle apprend que son utilisateur a possiblement \u00e9t\u00e9 en contact avec une personne infect\u00e9e par la COVID-19 pendant plus de 15 minutes, \u00e0 moins de deux m\u00e8tres de distance, au cours des 14 derniers jours. \u00bb<\/em><\/p>\n<p style=\"text-align: justify;\">Vous pouvez obtenir Alerte COVID <a href=\"https:\/\/www.canada.ca\/fr\/sante-publique\/services\/maladies\/maladie-coronavirus-covid-19\/alerte-covid.html\" target=\"_blank\" rel=\"noopener noreferrer\">en cliquant ici<\/a>.\u00a0 Pour vous aider \u00e0 en faire l&rsquo;installation sur votre t\u00e9l\u00e9phone intelligent, un <a href=\"https:\/\/cimbcc.org\/test2\/wp-content\/uploads\/divers_pdf_tutoriel_application_covid_19.pdf\" target=\"_blank\" rel=\"noopener noreferrer\">tutoriel vous a \u00e9t\u00e9 pr\u00e9par\u00e9<\/a> par Pierre Delisle.<\/p>\n<p style=\"text-align: justify;\">Veuillez noter qu&rsquo;il y a des sp\u00e9cifications minimales \u00e0 rencontrer pour faire cette installation :<\/p>\n<ul>\n<li style=\"text-align: justify;\">Le syst\u00e8me d&rsquo;exploitation <a href=\"https:\/\/fr.wikipedia.org\/wiki\/IOS_13\" target=\"_blank\" rel=\"noopener noreferrer\">iOS 13.5<\/a> ou plus r\u00e9cent est requis pour un <strong>t\u00e9l\u00e9phone Apple<\/strong>. La compatibilit\u00e9 est donc limit\u00e9e \u00e0 ces appareils :\n<ul style=\"list-style-type: circle;\">\n<li>iPhone 11<\/li>\n<li>iPhone 11 Pro<\/li>\n<li>iPhone 11 Pro Max<\/li>\n<li>iPhone XR<\/li>\n<li>iPhone XS<\/li>\n<li>iPhone XS Max<\/li>\n<li>iPhone SE (2e g\u00e9n\u00e9ration)<\/li>\n<li>iPhone 8<\/li>\n<li>iPhone 8 Plus<\/li>\n<li>iPhone 7<\/li>\n<li>iPhone 7 Plus<\/li>\n<li>iPhone 6 Plus<\/li>\n<li>iPhone SE (1re g\u00e9n\u00e9ration)<\/li>\n<\/ul>\n<\/li>\n<li style=\"text-align: justify;\"><a href=\"https:\/\/fr.wikipedia.org\/wiki\/Historique_des_versions_d%27Android\" target=\"_blank\" rel=\"noopener noreferrer\">Android 6.0 ou plus r\u00e9cent<\/a> est requis pour les appareils utilisant ce syst\u00e8me d&rsquo;exploitation. Comme cette version a \u00e9t\u00e9 \u00e9mise en mai 2015, il est fort possible qu&rsquo;un <strong>t\u00e9l\u00e9phone Android<\/strong> achet\u00e9 depuis cette date soit compatible.<\/li>\n<\/ul>\n<p>Faites attention \u00e0 votre sant\u00e9.<\/p>\n<p>R\u00e9jean C\u00f4t\u00e9, pr\u00e9sident<\/p>\n","protected":false},"excerpt":{"rendered":"<p>Dans un article du CHIP du 27 ao\u00fbt 2020, nous vous avions dit que le Gouvernement du Qu\u00e9bec ne sugg\u00e9rait pas encore l&rsquo;installation de l&rsquo;application Alerte COVID d\u00e9velopp\u00e9e par le Gouvernement f\u00e9d\u00e9ral. Depuis le mois d&rsquo;ao\u00fbt, la situation en lien avec la COVID-19 a \u00e9volu\u00e9. Lundi 5 octobre 2020, le premier ministre Fran\u00e7ois Legault a &hellip; <a href=\"https:\/\/cimbcc.org\/test2\/installation-de-lapplication-covid-19\/\" class=\"more-link\">Continuer la lecture de <span class=\"screen-reader-text\">Installation de l\u2019application Alerte COVID<\/span>  <span class=\"meta-nav\">&rarr;<\/span><\/a><\/p>\n","protected":false},"author":43,"featured_media":0,"comment_status":"open","ping_status":"closed","sticky":false,"template":"","format":"standard","meta":{"footnotes":""},"categories":[403],"tags":[107,1182,390,104,1300,382],"class_list":["post-31188","post","type-post","status-publish","format-standard","hentry","category-applications","tag-android","tag-covid-19","tag-ios","tag-telephone-intelligent","tag-tracage","tag-tutoriels"],"_links":{"self":[{"href":"https:\/\/cimbcc.org\/test2\/wp-json\/wp\/v2\/posts\/31188","targetHints":{"allow":["GET"]}}],"collection":[{"href":"https:\/\/cimbcc.org\/test2\/wp-json\/wp\/v2\/posts"}],"about":[{"href":"https:\/\/cimbcc.org\/test2\/wp-json\/wp\/v2\/types\/post"}],"author":[{"embeddable":true,"href":"https:\/\/cimbcc.org\/test2\/wp-json\/wp\/v2\/users\/43"}],"replies":[{"embeddable":true,"href":"https:\/\/cimbcc.org\/test2\/wp-json\/wp\/v2\/comments?post=31188"}],"version-history":[{"count":13,"href":"https:\/\/cimbcc.org\/test2\/wp-json\/wp\/v2\/posts\/31188\/revisions"}],"predecessor-version":[{"id":31255,"href":"https:\/\/cimbcc.org\/test2\/wp-json\/wp\/v2\/posts\/31188\/revisions\/31255"}],"wp:attachment":[{"href":"https:\/\/cimbcc.org\/test2\/wp-json\/wp\/v2\/media?parent=31188"}],"wp:term":[{"taxonomy":"category","embeddable":true,"href":"https:\/\/cimbcc.org\/test2\/wp-json\/wp\/v2\/categories?post=31188"},{"taxonomy":"post_tag","embeddable":true,"href":"https:\/\/cimbcc.org\/test2\/wp-json\/wp\/v2\/tags?post=31188"}],"curies":[{"name":"wp","href":"https:\/\/api.w.org\/{rel}","templated":true}]}}