{"id":31416,"date":"2020-10-19T22:48:42","date_gmt":"2020-10-20T02:48:42","guid":{"rendered":"https:\/\/cimbcc.org\/test2\/?p=31416"},"modified":"2023-10-16T22:12:09","modified_gmt":"2023-10-17T02:12:09","slug":"echos-du-conseil-dadministration-6-octobre-2020","status":"publish","type":"post","link":"https:\/\/cimbcc.org\/test2\/echos-du-conseil-dadministration-6-octobre-2020\/","title":{"rendered":"\u00c9chos du conseil d\u2019administration &#8211; 6 octobre 2020"},"content":{"rendered":"<figure id=\"attachment_31421\" aria-describedby=\"caption-attachment-31421\" style=\"width: 512px\" class=\"wp-caption aligncenter\"><img loading=\"lazy\" decoding=\"async\" class=\"size-full wp-image-31421\" src=\"https:\/\/cimbcc.org\/test2\/wp-content\/uploads\/chip_ca_2020_2021.jpg\" alt=\"CA 2020-2021\" width=\"512\" height=\"202\" srcset=\"https:\/\/cimbcc.org\/test2\/wp-content\/uploads\/chip_ca_2020_2021.jpg 512w, https:\/\/cimbcc.org\/test2\/wp-content\/uploads\/chip_ca_2020_2021-300x118.jpg 300w\" sizes=\"auto, (max-width: 512px) 100vw, 512px\" \/><figcaption id=\"caption-attachment-31421\" class=\"wp-caption-text\">Dans l\u2019ordre habituel : Danielle Barab\u00e9, Michel C\u00f4t\u00e9, R\u00e9jean C\u00f4t\u00e9, Berthe Demers, Michel Gagn\u00e9, Sylvain Garneau, Richard Gervais, Jacques Lalibert\u00e9, Sylvie Mazur, Danielle Provost<\/figcaption><\/figure>\n<p style=\"text-align: justify;\">Apr\u00e8s l\u2019assembl\u00e9e g\u00e9n\u00e9rale annuelle qui a eu lieu le 30\u00a0septembre, le conseil d\u2019administration a accueilli ses nouveaux membres et il a \u00e9lu les membres du comit\u00e9 ex\u00e9cutif. Il a aussi accept\u00e9 le projet de proc\u00e8s-verbal de cette assembl\u00e9e g\u00e9n\u00e9rale.<\/p>\n<p style=\"text-align: justify;\">Cet automne, les activit\u00e9s du Club se d\u00e9roulent principalement en ligne avec Zoom. Le conseil d\u2019administration en a constat\u00e9 l\u2019impact sur l\u2019accueil de nouveaux membres, sur la participation des membres aux vid\u00e9oconf\u00e9rences du mercredi et du vendredi et sur l\u2019inscription aux ateliers.<\/p>\n<p style=\"text-align: justify;\">Enfin, il a \u00e9t\u00e9 question des cons\u00e9quences du passage en zone rouge, des ordinateurs du Club dont la suite Office sera mise \u00e0 jour \u00e0 peu de frais, et de la poursuite de certaines activit\u00e9s.<\/p>\n<p><!--more--><\/p>\n<hr \/>\n<h4 style=\"text-align: justify;\"><strong>Le conseil d\u2019administration de 2020-2021<\/strong><\/h4>\n<p style=\"text-align: justify;\">Le conseil d\u2019administration a accueilli deux nouveaux administrateurs\u00a0: Sylvain\u00a0Garneau et Danielle\u00a0Provost qui ont \u00e9t\u00e9 \u00e9lus par les membres r\u00e9unis en assembl\u00e9e g\u00e9n\u00e9rale annuelle le 30\u00a0septembre. Ces nouveaux administrateurs se joignent \u00e0 Michel\u00a0C\u00f4t\u00e9, R\u00e9jean\u00a0C\u00f4t\u00e9, Berthe\u00a0Demers et Michel\u00a0Gagn\u00e9 qui ont \u00e9t\u00e9 r\u00e9\u00e9lus pour un mandat de deux ans. Par ailleurs, Danielle\u00a0Barab\u00e9, Richard\u00a0Gervais, Jacques\u00a0Lalibert\u00e9 et Sylvie\u00a0Mazur continueront d\u2019assumer leur mandat jusqu\u2019\u00e0 l\u2019an prochain.<\/p>\n<p style=\"text-align: justify;\">Les administrateurs du Club ont proc\u00e9d\u00e9 \u00e0 l\u2019\u00e9lection des membres du comit\u00e9 ex\u00e9cutif. Les \u00e9lus sont\u00a0:<\/p>\n<ul>\n<li style=\"text-align: justify;\">R\u00e9jean\u00a0C\u00f4t\u00e9, pr\u00e9sident<\/li>\n<li style=\"text-align: justify;\">Michel\u00a0Gagn\u00e9, vice-pr\u00e9sident<\/li>\n<li style=\"text-align: justify;\">Danielle\u00a0Barab\u00e9, tr\u00e9sori\u00e8re<\/li>\n<li style=\"text-align: justify;\">Sylvie\u00a0Mazur, secr\u00e9taire<\/li>\n<\/ul>\n<hr \/>\n<h4 style=\"text-align: justify;\"><strong>Assembl\u00e9e g\u00e9n\u00e9rale annuelle du 30\u00a0septembre<\/strong><\/h4>\n<p style=\"text-align: justify;\">\u00c0 la satisfaction de tous, l\u2019assembl\u00e9e n\u2019a dur\u00e9 que 30\u00a0minutes. Ceci a \u00e9t\u00e9 possible parce que tous les documents \u2014 le rapport annuel sur les activit\u00e9s du Club et une proposition de modifications aux R\u00e8glements g\u00e9n\u00e9raux, en particulier \u2014 ont \u00e9t\u00e9 transmis aux membres avec l\u2019avis de convocation. Les membres ont \u00e9t\u00e9 invit\u00e9s \u00e0 en prendre connaissance avant l\u2019assembl\u00e9e.<\/p>\n<p style=\"text-align: justify;\">Le conseil a jug\u00e9 que le projet de proc\u00e8s-verbal qui lui a \u00e9t\u00e9 propos\u00e9 rendait compte fid\u00e8lement de l\u2019assembl\u00e9e g\u00e9n\u00e9rale. Il sera soumis \u00e0 l\u2019approbation des membres lors de la prochaine assembl\u00e9e g\u00e9n\u00e9rale.<\/p>\n<hr \/>\n<h4 style=\"text-align: justify;\"><strong>Accueil de nouveaux membres<\/strong><\/h4>\n<p style=\"text-align: justify;\">De nouveaux adh\u00e9rents au Club ont sans doute \u00e9t\u00e9 attir\u00e9s par les s\u00e9ances du mercredi et du vendredi et les ateliers accessibles en ligne. En septembre, le Club a ainsi enregistr\u00e9 36\u00a0nouveaux membres et le retour de 30\u00a0anciens membres. Avec les membres inscrits en 2019-2020 dont l\u2019adh\u00e9sion a \u00e9t\u00e9 prolong\u00e9e, le Club comptait 720\u00a0membres au d\u00e9but d\u2019octobre.<\/p>\n<p style=\"text-align: justify;\">Afin de faciliter l\u2019inscription de nouveaux membres, le Club a mis sur pied un <a href=\"https:\/\/cimbcc.org\/test2\/le-club-2\/linscription\" target=\"_blank\" rel=\"noopener noreferrer\">service d\u2019accueil par t\u00e9l\u00e9phone<\/a>. Ce service a \u00e9t\u00e9 tr\u00e8s actif au d\u00e9but de septembre et il sera maintenu pour remplacer le contact personnel habituellement offert aux s\u00e9ances du mercredi et du vendredi.<\/p>\n<hr \/>\n<h4 style=\"text-align: justify;\"><strong>Les vid\u00e9oconf\u00e9rences du mercredi et du vendredi<\/strong><\/h4>\n<p style=\"text-align: justify;\">L\u2019assistance a \u00e9t\u00e9 excellente malgr\u00e9 la contrainte de (ou gr\u00e2ce \u00e0) l\u2019utilisation de Zoom. Elle a atteint une moyenne de 108\u00a0membres pour les neuf premi\u00e8res vid\u00e9oconf\u00e9rences.<\/p>\n<p style=\"text-align: justify;\">Le conseil avait limit\u00e9 la dur\u00e9e des pr\u00e9sentations \u00e0 une\u00a0heure. Certains pr\u00e9sentateurs ont exprim\u00e9 le souhait d\u2019augmenter l\u00e9g\u00e8rement cette dur\u00e9e afin de permettre l\u2019interaction entre eux et les membres connect\u00e9s. Le conseil a accept\u00e9 d\u2019accorder 15\u00a0minutes suppl\u00e9mentaires pourvu que les membres donnent leur accord dans un sondage express r\u00e9alis\u00e9 au d\u00e9but de la vid\u00e9oconf\u00e9rence du 9\u00a0octobre.<\/p>\n<p style=\"text-align: justify;\">On a constat\u00e9 que certains membres exp\u00e9rimentaient des probl\u00e8mes de r\u00e9ception ou de connexion \u00e0 Zoom. Les demandes <a href=\"https:\/\/cimbcc.org\/test2\/entraide\/lassistance-par-courriel\" target=\"_blank\" rel=\"noopener noreferrer\">d\u2019assistance par courriel<\/a> ont aussi \u00e9t\u00e9 plus nombreuses en septembre. Une \u00e9quipe sera form\u00e9e pour venir en aide \u00e0 ces personnes afin de trouver la source et la solution \u00e0 leur probl\u00e8me. L\u2019information recueillie sur ces probl\u00e8mes pourra ensuite faire l\u2019objet d\u2019une publication dans la <a href=\"https:\/\/cimbcc.org\/test2\/activites\/les-tutoriels\/questions-frequemment-posees-faq-a-propos-de-zoom\" target=\"_blank\" rel=\"noopener noreferrer\">foire aux questions (FAQ)<\/a> du site Web.<\/p>\n<hr \/>\n<h4><strong>Inscriptions aux ateliers de l\u2019automne<\/strong><\/h4>\n<p style=\"text-align: justify;\">Les huit <a href=\"https:\/\/cimbcc.org\/test2\/activites\/les-ateliers\" target=\"_blank\" rel=\"noopener noreferrer\">ateliers<\/a> propos\u00e9s aux membres cet automne ont recueilli 122\u00a0inscriptions, les plus populaires \u00e9tant ceux consacr\u00e9s aux t\u00e9l\u00e9phones intelligents et aux tablettes \u00e9lectroniques. Six de ces ateliers utilisent Zoom pour r\u00e9unir les participants, ce qui est per\u00e7u comme positif.<\/p>\n<p style=\"text-align: justify;\">Ces ateliers pourront encore r\u00e9pondre aux besoins \u00e0 court et moyen terme. Heureusement, car on ne conna\u00eet aucun nouvel animateur et on ne pr\u00e9voit aucun nouveau sujet d\u2019atelier. \u00c9videmment, les <a href=\"https:\/\/cimbcc.org\/test2\/nous-joindre\/nous-joindre-les-ateliers\" target=\"_blank\" rel=\"noopener noreferrer\">propositions<\/a> par de nouveaux collaborateurs sont les bienvenues.<\/p>\n<hr \/>\n<h4 style=\"text-align: justify;\"><strong>COVID-19\u00a0: passage \u00e0 la zone rouge et impact sur les activit\u00e9s du Club<\/strong><\/h4>\n<p style=\"text-align: justify;\">Les cours \u00e0 la biblioth\u00e8que de Sainte-Julie ont \u00e9t\u00e9 annul\u00e9s.<\/p>\n<p style=\"text-align: justify;\">Les rencontres d\u2019octobre ont \u00e9t\u00e9 annul\u00e9es pour l\u2019atelier sur le montage d\u2019un site Web et d\u2019un blogue, et pour celui sur l\u2019introduction aux microcontr\u00f4leurs avec Arduino. Si possible, ces rencontres seront report\u00e9es en novembre.<\/p>\n<hr \/>\n<h4 style=\"text-align: justify;\"><strong>Mise \u00e0 jour de la suite Office sur les ordinateurs du Club<\/strong><\/h4>\n<p style=\"text-align: justify;\">En tant qu\u2019organisme sans but lucratif, le Club a enfin r\u00e9ussi \u00e0 obtenir des licences \u00e0 co\u00fbts tr\u00e8s r\u00e9duits pour la suite Office de Microsoft en faisant appel \u00e0 <a href=\"https:\/\/www.techsoupcanada.ca\/fr\" target=\"_blank\" rel=\"noopener noreferrer\">Techsoup<\/a>. La mise \u00e0 jour de la suite Office sur les ordinateurs du Club est commenc\u00e9e et devrait bient\u00f4t \u00eatre termin\u00e9e.<\/p>\n<hr \/>\n<h4 style=\"text-align: justify;\"><strong>Fonctionnement du Club<\/strong><\/h4>\n<p style=\"text-align: justify;\">Comme \u00e0 chaque r\u00e9union, le conseil d\u2019administration a r\u00e9vis\u00e9 quelques activit\u00e9s et les documents de r\u00e9f\u00e9rence qui les d\u00e9crivent et qui fixent certaines r\u00e8gles de conduite. Au cours de cette r\u00e9union, le conseil d\u2019administration a approuv\u00e9 la poursuite des activit\u00e9s suivantes\u00a0:<\/p>\n<ul style=\"text-align: justify;\">\n<li>les communications externes du Club,<\/li>\n<li>les r\u00e9unions du conseil d\u2019administration,<\/li>\n<li>la pr\u00e9paration et le d\u00e9roulement de l\u2019assembl\u00e9e g\u00e9n\u00e9rale annuelle.<\/li>\n<\/ul>\n<p style=\"text-align: justify;\">Sylvie\u00a0Mazur, secr\u00e9taire du conseil d\u2019administration<\/p>\n<p>&nbsp;<\/p>\n","protected":false},"excerpt":{"rendered":"<p>Apr\u00e8s l\u2019assembl\u00e9e g\u00e9n\u00e9rale annuelle qui a eu lieu le 30\u00a0septembre, le conseil d\u2019administration a accueilli ses nouveaux membres et il a \u00e9lu les membres du comit\u00e9 ex\u00e9cutif. Il a aussi accept\u00e9 le projet de proc\u00e8s-verbal de cette assembl\u00e9e g\u00e9n\u00e9rale. Cet automne, les activit\u00e9s du Club se d\u00e9roulent principalement en ligne avec Zoom. Le conseil d\u2019administration &hellip; <a href=\"https:\/\/cimbcc.org\/test2\/echos-du-conseil-dadministration-6-octobre-2020\/\" class=\"more-link\">Continuer la lecture de <span class=\"screen-reader-text\">\u00c9chos du conseil d\u2019administration &#8211; 6 octobre 2020<\/span>  <span class=\"meta-nav\">&rarr;<\/span><\/a><\/p>\n","protected":false},"author":43,"featured_media":0,"comment_status":"open","ping_status":"closed","sticky":false,"template":"","format":"standard","meta":{"footnotes":""},"categories":[386],"tags":[777,1337,755,232,269,1048,756,1182,975,103,1318,1277],"class_list":["post-31416","post","type-post","status-publish","format-standard","hentry","category-echos-du-conseil-dadministration","tag-accueil","tag-accueil-par-telephone","tag-aga","tag-assistance-par-courriel","tag-ateliers","tag-comite-executif","tag-conseil-dadministration","tag-covid-19","tag-fiches-sur-le-fonctionnement","tag-ms-office","tag-nouveaux-membres","tag-videoconference"],"_links":{"self":[{"href":"https:\/\/cimbcc.org\/test2\/wp-json\/wp\/v2\/posts\/31416","targetHints":{"allow":["GET"]}}],"collection":[{"href":"https:\/\/cimbcc.org\/test2\/wp-json\/wp\/v2\/posts"}],"about":[{"href":"https:\/\/cimbcc.org\/test2\/wp-json\/wp\/v2\/types\/post"}],"author":[{"embeddable":true,"href":"https:\/\/cimbcc.org\/test2\/wp-json\/wp\/v2\/users\/43"}],"replies":[{"embeddable":true,"href":"https:\/\/cimbcc.org\/test2\/wp-json\/wp\/v2\/comments?post=31416"}],"version-history":[{"count":6,"href":"https:\/\/cimbcc.org\/test2\/wp-json\/wp\/v2\/posts\/31416\/revisions"}],"predecessor-version":[{"id":31423,"href":"https:\/\/cimbcc.org\/test2\/wp-json\/wp\/v2\/posts\/31416\/revisions\/31423"}],"wp:attachment":[{"href":"https:\/\/cimbcc.org\/test2\/wp-json\/wp\/v2\/media?parent=31416"}],"wp:term":[{"taxonomy":"category","embeddable":true,"href":"https:\/\/cimbcc.org\/test2\/wp-json\/wp\/v2\/categories?post=31416"},{"taxonomy":"post_tag","embeddable":true,"href":"https:\/\/cimbcc.org\/test2\/wp-json\/wp\/v2\/tags?post=31416"}],"curies":[{"name":"wp","href":"https:\/\/api.w.org\/{rel}","templated":true}]}}