{"id":31862,"date":"2020-11-26T21:00:10","date_gmt":"2020-11-27T02:00:10","guid":{"rendered":"https:\/\/cimbcc.org\/test2\/?p=31862"},"modified":"2023-10-16T22:12:08","modified_gmt":"2023-10-17T02:12:08","slug":"echos-du-conseil-dadministration-3-novembre-2020","status":"publish","type":"post","link":"https:\/\/cimbcc.org\/test2\/echos-du-conseil-dadministration-3-novembre-2020\/","title":{"rendered":"\u00c9chos du conseil d\u2019administration &#8211; 3 novembre 2020"},"content":{"rendered":"<figure id=\"attachment_31421\" aria-describedby=\"caption-attachment-31421\" style=\"width: 512px\" class=\"wp-caption aligncenter\"><img loading=\"lazy\" decoding=\"async\" class=\"size-full wp-image-31421\" src=\"https:\/\/cimbcc.org\/test2\/wp-content\/uploads\/chip_ca_2020_2021.jpg\" alt=\"CA 2020-2021\" width=\"512\" height=\"202\" srcset=\"https:\/\/cimbcc.org\/test2\/wp-content\/uploads\/chip_ca_2020_2021.jpg 512w, https:\/\/cimbcc.org\/test2\/wp-content\/uploads\/chip_ca_2020_2021-300x118.jpg 300w\" sizes=\"auto, (max-width: 512px) 100vw, 512px\" \/><figcaption id=\"caption-attachment-31421\" class=\"wp-caption-text\">Dans l\u2019ordre habituel : Danielle Barab\u00e9, Michel C\u00f4t\u00e9, R\u00e9jean C\u00f4t\u00e9, Berthe Demers, Michel Gagn\u00e9, Sylvain Garneau, Richard Gervais, Jacques Lalibert\u00e9, Sylvie Mazur, Danielle Provost<\/figcaption><\/figure>\n<p style=\"text-align: justify;\">Cette r\u00e9union en ligne a permis de faire le bilan des adh\u00e9sions, de la validit\u00e9 prolong\u00e9e des cotisations et des strat\u00e9gies pour faire la promotion du Club.<\/p>\n<p style=\"text-align: justify;\">Le conseil s\u2019est aussi interrog\u00e9 sur les moyens qu\u2019il prendra pour manifester sa reconnaissance aux b\u00e9n\u00e9voles et il tient \u00e0 annoncer la nomination d&rsquo;une nouvelle membre honoraire en la personne d\u2019une b\u00e9n\u00e9vole \u00e9m\u00e9rite. La planification des activit\u00e9s de l\u2019hiver\u00a02021 a \u00e9t\u00e9 amorc\u00e9e et le nom du Club a \u00e9t\u00e9 confirm\u00e9.<\/p>\n<p><!--more--><\/p>\n<hr \/>\n<h4><strong>Membres du Club<\/strong><\/h4>\n<p style=\"text-align: justify;\">Le Club a atteint un total de 728\u00a0membres \u00e0 la fin d\u2019octobre, mais ce nombre n\u2019est pas comparable aux ann\u00e9es ant\u00e9rieures. En effet, le registre des membres inclut encore tous les membres de 2019-2020 alors qu\u2019habituellement un certain nombre d\u2019entre eux ne renouvelle pas son adh\u00e9sion annuelle.<\/p>\n<p style=\"text-align: justify;\">Compte tenu des circonstances exceptionnelles de cette ann\u00e9e, le conseil d\u2019administration a d\u00e9cid\u00e9\u00a0:<\/p>\n<ul style=\"text-align: justify;\">\n<li>de prolonger jusqu\u2019en septembre\u00a02021 l\u2019adh\u00e9sion des membres de 2019-2020;<\/li>\n<li>de reconna\u00eetre jusqu\u2019en septembre\u00a02022 la validit\u00e9 des cotisations pay\u00e9es pour 2020-2021, que ce soit pour un renouvellement ou pour un nouvel abonnement.<\/li>\n<\/ul>\n<p style=\"text-align: justify;\">Afin d\u2019attirer de nouveaux membres, les administrateurs frapperont aux portes de groupes qu\u2019ils connaissent ou d\u2019association dont ils sont membres pour faire la promotion du Club et de ses activit\u00e9s. Tous sont invit\u00e9s \u00e0 en faire autant.<\/p>\n<hr \/>\n<h4><strong>B\u00e9n\u00e9voles<\/strong><\/h4>\n<p style=\"text-align: justify;\">Plusieurs de nos b\u00e9n\u00e9voles sont inactifs par la force des choses, les besoins actuels du Club \u00e9tant surtout g\u00e9n\u00e9r\u00e9s par les activit\u00e9s qui peuvent se tenir en ligne. Actifs ou non, le conseil les consid\u00e8re tous comme membres de son \u00e9quipe.<\/p>\n<p style=\"text-align: justify;\">Pour leur manifester sa reconnaissance, le Club invite g\u00e9n\u00e9ralement ses b\u00e9n\u00e9voles \u00e0 un brunch en janvier et \u00e0 un souper en mai. Afin de les prot\u00e9ger de la COVID-19, le brunch a \u00e9t\u00e9 annul\u00e9 et le souper de mai conna\u00eetra sans doute le m\u00eame sort. Le conseil leur proposera autre chose qui reste \u00e0 pr\u00e9ciser.<\/p>\n<p style=\"text-align: justify;\">Deux b\u00e9n\u00e9voles se sont r\u00e9cemment ajout\u00e9s \u00e0 l\u2019\u00e9quipe\u00a0:<\/p>\n<ul>\n<li style=\"text-align: justify;\">Monique\u00a0Gagnon s\u2019est propos\u00e9e pour participer \u00e0 la gestion des b\u00e9n\u00e9voles avec Nicole\u00a0Charron.<\/li>\n<li style=\"text-align: justify;\">Charles\u00a0Terreault animera cinq rencontres sur l\u2019<strong>\u00e9volution des technologies de l&rsquo;information et des communications<\/strong>. Tous les membres seront invit\u00e9s \u00e0 assister \u00e0 ces vid\u00e9oconf\u00e9rences qui seront annonc\u00e9es plus tard.<\/li>\n<\/ul>\n<hr \/>\n<h4 style=\"text-align: justify;\"><strong>Une nouvelle membre honoraire<\/strong><\/h4>\n<p style=\"text-align: justify;\">L\u2019annonce aurait d\u00fb en \u00eatre faite \u00e0 la soir\u00e9e des membres de mai dernier. Malheureusement, celle-ci a \u00e9t\u00e9 annul\u00e9e. Le conseil d\u2019administration tient \u00e0 rendre public le nom de notre nouvelle membre honoraire\u00a0: <strong>Marie-Jos\u00e9\u00a0B\u00e2cle<\/strong>.<\/p>\n<p style=\"text-align: justify;\">Non seulement Marie-Jos\u00e9 a particip\u00e9 \u00e0 plusieurs activit\u00e9s du Club, dont le conseil d\u2019administration, mais elle est surtout la cr\u00e9atrice et la r\u00e9alisatrice de l\u2019image visuelle actuelle du Club. Elle est, entre autres, \u00e0 l\u2019origine de notre site Web et du d\u00e9pliant que plusieurs nouveaux membres ont re\u00e7u en s\u2019inscrivant au Club.<\/p>\n<p style=\"text-align: justify;\">Tous sont invit\u00e9s \u00e0 lire la page qui lui est consacr\u00e9e sur notre site Web <a href=\"https:\/\/cimbcc.org\/test2\/le-club-2\/nos-membres-honoraires\/marie-jose-bacle\" target=\"_blank\" rel=\"noopener noreferrer\">en cliquant ici<\/a>. On pourra aussi y voir une vid\u00e9o que Marie-Jos\u00e9 a r\u00e9alis\u00e9e. Cette initiative de notre nouvelle membre honoraire refl\u00e8te bien la qualit\u00e9 de sa contribution au Club.<\/p>\n<hr \/>\n<h4><strong>Amorce de la planification de l\u2019hiver\u00a02021\u00a0 <\/strong><\/h4>\n<p style=\"text-align: justify;\">Le mode de fonctionnement actuel sera maintenu au cours de l\u2019hiver prochain\u00a0: les s\u00e9ances du mercredi et du vendredi se tiendront encore par vid\u00e9oconf\u00e9rence. Les calendriers des s\u00e9ances de l\u2019hiver\u00a02021 seront affich\u00e9s sur le site Web en d\u00e9cembre.<\/p>\n<p style=\"text-align: justify;\">Les ateliers aussi seront annonc\u00e9s en d\u00e9cembre. Deux nouveaux ateliers s\u2019ajouteront \u00e0 la liste habituelle\u00a0: <strong><em>Utilisation de Zoom<\/em><\/strong> et <strong><em>S\u2019amuser en programmant<\/em><\/strong>.<\/p>\n<p style=\"text-align: justify;\">Les autres activit\u00e9s du Club seront aussi accessibles en ligne. Les <a href=\"https:\/\/cimbcc.org\/test2\/le-club-2\/impacts-du-coronavirus-sur-le-fonctionnement-du-cimbcc\" target=\"_blank\" rel=\"noopener noreferrer\">impacts de la COVID-19 sur le Club<\/a> sont bien d\u00e9crits sur la page du site Web consacr\u00e9e \u00e0 ce sujet.<\/p>\n<p style=\"text-align: justify;\">Pour faire le point sur l\u2019automne qui se termine, le conseil d\u2019administration convoquera, en d\u00e9cembre, une rencontre virtuelle des responsables d\u2019activit\u00e9s. Ceux-ci seront invit\u00e9s \u00e0 exprimer leurs besoins de soutien ainsi que leurs suggestions pour la suite des activit\u00e9s du Club.<\/p>\n<hr \/>\n<h4><strong>Nom du Club informatique Mont-Bruno<\/strong><\/h4>\n<p style=\"text-align: justify;\">Le conseil d\u2019administration a reconduit sa d\u00e9cision quant au nom du Club qui reste <em>Club informatique Mont-Bruno<\/em>. C\u2019est le nom qu\u2019on retrouve dans les lettres patentes qui cr\u00e9ent le Club en 1996. C\u2019est aussi sous ce nom que le Club est enregistr\u00e9 dans le <em>Registre des entreprises<\/em> du Qu\u00e9bec.<\/p>\n<p style=\"text-align: justify;\">Dans le pass\u00e9, le nom <em>Club informatique Mont-Bruno Computer Club<\/em> a \u00e9t\u00e9 utilis\u00e9 pour souligner l&rsquo;origine anglophone du Club et par souci d&rsquo;inclusion de ses membres anglophones. Pour se conformer au nom officiel du Club, pour reconna\u00eetre le fait que les activit\u00e9s du Club se d\u00e9roulent maintenant exclusivement en fran\u00e7ais, et pour simplifier et standardiser nos communications, le nom <em>Club informatique Mont-Bruno Computer Club<\/em>\u00a0ne devrait plus \u00eatre utilis\u00e9.<\/p>\n<p style=\"text-align: justify;\">Le sigle utilis\u00e9 pour d\u00e9signer le Club est CIMBCC. Le conseil a d\u00e9cid\u00e9 de maintenir ce sigle m\u00eame s\u2019il correspond \u00e0 <em>Club informatique Mont-Bruno Computer Club.<\/em> Cette d\u00e9cision se justifie par le fait que ce sigle est largement connu et qu\u2019il est utilis\u00e9 depuis 1997 dans le nom de domaine du site WEB\u00a0: <a href=\"https:\/\/cimbcc.org\/test2\" target=\"_blank\" rel=\"noopener noreferrer\">cimbcc.org<\/a>.<\/p>\n<p style=\"text-align: justify;\">Enfin, le Club devrait s\u2019appeler le <em>Club informatique Mont-Saint-Bruno<\/em>. Le nom actuel du Club est d\u00fb aux origines anglophones du Club qui s\u2019appelait le <em>Mount Bruno Computer\u00a0Club<\/em> (voir <a href=\"https:\/\/cimbcc.org\/test2\/le-club-2\/b-generalites-et-historique\" target=\"_blank\" rel=\"noopener noreferrer\">l\u2019histoire du Club<\/a>) et le conseil a d\u00e9cid\u00e9 de ne pas changer le nom sous lequel le Club est connu.<\/p>\n<hr \/>\n<h4><strong>Fonctionnement du Club<\/strong><\/h4>\n<p style=\"text-align: justify;\">Comme \u00e0 chaque r\u00e9union, le conseil d\u2019administration a aussi r\u00e9vis\u00e9 quelques activit\u00e9s ainsi que les documents de r\u00e9f\u00e9rence qui les d\u00e9crivent et qui fixent certaines r\u00e8gles de conduite. Au cours de cette r\u00e9union de novembre, le conseil d\u2019administration a r\u00e9vis\u00e9 et maintenu\u00a0:<\/p>\n<ul>\n<li style=\"text-align: justify;\">la <a href=\"https:\/\/cimbcc.org\/test2\/le-club-2\/la-mission-et-la-politique\" target=\"_blank\" rel=\"noopener noreferrer\">mission et la politique g\u00e9n\u00e9rale<\/a> du Club,<\/li>\n<li style=\"text-align: justify;\">les communications avec les membres du Club et les visiteurs du site Web,<\/li>\n<li style=\"text-align: justify;\">l\u2019information fournie aux membres,<\/li>\n<li style=\"text-align: justify;\">le respect des lois,<\/li>\n<li style=\"text-align: justify;\">la gestion des adresses \u00e9lectroniques du Club.<\/li>\n<\/ul>\n<p>Sylvie Mazur, secr\u00e9taire du conseil d\u2019administration<\/p>\n","protected":false},"excerpt":{"rendered":"<p>Cette r\u00e9union en ligne a permis de faire le bilan des adh\u00e9sions, de la validit\u00e9 prolong\u00e9e des cotisations et des strat\u00e9gies pour faire la promotion du Club. Le conseil s\u2019est aussi interrog\u00e9 sur les moyens qu\u2019il prendra pour manifester sa reconnaissance aux b\u00e9n\u00e9voles et il tient \u00e0 annoncer la nomination d&rsquo;une nouvelle membre honoraire en &hellip; <a href=\"https:\/\/cimbcc.org\/test2\/echos-du-conseil-dadministration-3-novembre-2020\/\" class=\"more-link\">Continuer la lecture de <span class=\"screen-reader-text\">\u00c9chos du conseil d\u2019administration &#8211; 3 novembre 2020<\/span>  <span class=\"meta-nav\">&rarr;<\/span><\/a><\/p>\n","protected":false},"author":43,"featured_media":0,"comment_status":"open","ping_status":"closed","sticky":false,"template":"","format":"standard","meta":{"footnotes":""},"categories":[386],"tags":[701,269,126,870,1182,761,144,594,552,271],"class_list":["post-31862","post","type-post","status-publish","format-standard","hentry","category-echos-du-conseil-dadministration","tag-activites-du-club","tag-ateliers","tag-benevoles","tag-cimbcc","tag-covid-19","tag-documents-de-reference","tag-histoire","tag-membres","tag-membres-honoraires","tag-presentations"],"_links":{"self":[{"href":"https:\/\/cimbcc.org\/test2\/wp-json\/wp\/v2\/posts\/31862","targetHints":{"allow":["GET"]}}],"collection":[{"href":"https:\/\/cimbcc.org\/test2\/wp-json\/wp\/v2\/posts"}],"about":[{"href":"https:\/\/cimbcc.org\/test2\/wp-json\/wp\/v2\/types\/post"}],"author":[{"embeddable":true,"href":"https:\/\/cimbcc.org\/test2\/wp-json\/wp\/v2\/users\/43"}],"replies":[{"embeddable":true,"href":"https:\/\/cimbcc.org\/test2\/wp-json\/wp\/v2\/comments?post=31862"}],"version-history":[{"count":7,"href":"https:\/\/cimbcc.org\/test2\/wp-json\/wp\/v2\/posts\/31862\/revisions"}],"predecessor-version":[{"id":31869,"href":"https:\/\/cimbcc.org\/test2\/wp-json\/wp\/v2\/posts\/31862\/revisions\/31869"}],"wp:attachment":[{"href":"https:\/\/cimbcc.org\/test2\/wp-json\/wp\/v2\/media?parent=31862"}],"wp:term":[{"taxonomy":"category","embeddable":true,"href":"https:\/\/cimbcc.org\/test2\/wp-json\/wp\/v2\/categories?post=31862"},{"taxonomy":"post_tag","embeddable":true,"href":"https:\/\/cimbcc.org\/test2\/wp-json\/wp\/v2\/tags?post=31862"}],"curies":[{"name":"wp","href":"https:\/\/api.w.org\/{rel}","templated":true}]}}