{"id":32058,"date":"2020-12-10T21:00:33","date_gmt":"2020-12-11T02:00:33","guid":{"rendered":"https:\/\/cimbcc.org\/test2\/?p=32058"},"modified":"2023-10-16T22:12:08","modified_gmt":"2023-10-17T02:12:08","slug":"bilan-des-presentations-du-mercredi-et-du-vendredi-de-lautomne-2020-et-programme-pour-lhiver-2021","status":"publish","type":"post","link":"https:\/\/cimbcc.org\/test2\/bilan-des-presentations-du-mercredi-et-du-vendredi-de-lautomne-2020-et-programme-pour-lhiver-2021\/","title":{"rendered":"Bilan des pr\u00e9sentations du mercredi et du vendredi de l&rsquo;automne 2020 et programme pour l&rsquo;hiver 2021"},"content":{"rendered":"<figure id=\"attachment_24078\" aria-describedby=\"caption-attachment-24078\" style=\"width: 125px\" class=\"wp-caption aligncenter\"><img loading=\"lazy\" decoding=\"async\" class=\"size-full wp-image-24078\" src=\"https:\/\/cimbcc.org\/test2\/wp-content\/uploads\/photo_belanger_guy.jpg\" alt=\"\" width=\"125\" height=\"125\" \/><figcaption id=\"caption-attachment-24078\" class=\"wp-caption-text\"><span style=\"color: #ffffff;\">mmnm<\/span>Guy B\u00e9langer<\/figcaption><\/figure>\n<p style=\"text-align: justify;\">Le 4 d\u00e9cembre a marqu\u00e9 la fin de la saison de l&rsquo;automne 2020 des pr\u00e9sentations du CIMBCC. Il va s\u2019en dire que cette p\u00e9riode a \u00e9t\u00e9 tr\u00e8s diff\u00e9rente des exp\u00e9riences pass\u00e9es au club.<\/p>\n<p style=\"text-align: justify;\">En effet, pour r\u00e9pondre aux exigences et contraintes impos\u00e9es par la pand\u00e9mie du COVID-19, l\u2019\u00e9quipe des pr\u00e9sentatrices et pr\u00e9sentateurs a d\u00fb s\u2019adapter rapidement \u00e0 la d\u00e9cision du conseil d\u2019administration de proc\u00e9der aux s\u00e9ances avec le logiciel Zoom pour r\u00e9aliser des vid\u00e9oconf\u00e9rences.<\/p>\n<p style=\"text-align: justify;\">Comme par le pass\u00e9, deux s\u00e9ries de pr\u00e9sentations ont \u00e9t\u00e9 offertes aux membres, soit la <strong>s\u00e9rie D\u00e9couverte<\/strong> les mercredis et la <strong>s\u00e9rie Facile<\/strong> les vendredis.<\/p>\n<p style=\"text-align: justify;\">Dans cet article, le bilan de la session de l&rsquo;automne 2020 sera dress\u00e9 et le programme pr\u00e9liminaire de l&rsquo;hiver 2021 vous sera annonc\u00e9. Veuillez noter que <strong>les vid\u00e9oconf\u00e9rences reprendront le 13 janvier 2021 \u00e0 19 h 30<\/strong>.<\/p>\n<p><!--more--><\/p>\n<hr \/>\n<h4><strong>S\u00e9rie Facile<\/strong><\/h4>\n<p>Les th\u00e8mes suivants ont \u00e9t\u00e9 couverts :<\/p>\n<ul>\n<li>le syst\u00e8me d\u2019exploitation <a href=\"https:\/\/fr.wikipedia.org\/wiki\/Windows_10\" target=\"_blank\" rel=\"noopener noreferrer\">Windows 10<\/a>;<\/li>\n<li>le navigateur <a href=\"https:\/\/fr.wikipedia.org\/wiki\/Google_Chrome\" target=\"_blank\" rel=\"noopener noreferrer\">Chrome<\/a> de <a href=\"https:\/\/fr.wikipedia.org\/wiki\/Google\" target=\"_blank\" rel=\"noopener noreferrer\">Google<\/a>;<\/li>\n<li>la gestion des <a href=\"https:\/\/fr.wikipedia.org\/wiki\/R%C3%A9pertoire_(informatique)\" target=\"_blank\" rel=\"noopener noreferrer\">dossiers<\/a> et des <a href=\"https:\/\/fr.wikipedia.org\/wiki\/Fichier_informatique\" target=\"_blank\" rel=\"noopener noreferrer\">fichiers<\/a>;<\/li>\n<li><a href=\"https:\/\/fr.wikipedia.org\/wiki\/Outlook.com\" target=\"_blank\" rel=\"noopener noreferrer\">Outlook<\/a> de Microsoft;<\/li>\n<li>la <a href=\"https:\/\/fr.wikipedia.org\/wiki\/Ing%C3%A9nierie_sociale_(s%C3%A9curit%C3%A9_de_l%27information)\" target=\"_blank\" rel=\"noopener noreferrer\">s\u00e9curit\u00e9<\/a> dans les transactions \u00e9lectroniques;<\/li>\n<li style=\"text-align: justify;\">les <a href=\"https:\/\/fr.wikipedia.org\/wiki\/Google_(moteur_de_recherche)\" target=\"_blank\" rel=\"noopener noreferrer\">recherches avec Google<\/a>.<\/li>\n<\/ul>\n<p style=\"text-align: justify;\">En plus, des s\u00e9ances ont \u00e9t\u00e9 offertes aux membres pour qu\u2019ils puissent se <a href=\"https:\/\/cimbcc.org\/test2\/wp-content\/uploads\/notes_2020_09_16_actif_avec_zoom.pdf\" target=\"_blank\" rel=\"noopener noreferrer\">connecter et utiliser ad\u00e9quatement Zoom<\/a> pour suivre les pr\u00e9sentations.<\/p>\n<p style=\"text-align: justify;\">Le graphique suivant montre l&rsquo;\u00e9volution du nombre de participants \u00e0 la <strong>s\u00e9rie Facile<\/strong> entre septembre et d\u00e9cembre 2020. Il y a une augmentation notable des pr\u00e9sences par rapport aux pr\u00e9sentations de l&rsquo;automne 2019 donn\u00e9es au Chalet Marie-Victorin, o\u00f9 une moyenne de 70 personnes avait \u00e9t\u00e9 enregistr\u00e9e.<\/p>\n<p><a href=\"https:\/\/cimbcc.org\/test2\/wp-content\/uploads\/chip_2020_12_11_presentations_1.jpg\" target=\"_blank\" rel=\"noopener noreferrer\"><img loading=\"lazy\" decoding=\"async\" class=\"size-full wp-image-32092\" src=\"https:\/\/cimbcc.org\/test2\/wp-content\/uploads\/chip_2020_12_11_presentations_1.jpg\" alt=\"\" width=\"480\" height=\"288\" srcset=\"https:\/\/cimbcc.org\/test2\/wp-content\/uploads\/chip_2020_12_11_presentations_1.jpg 480w, https:\/\/cimbcc.org\/test2\/wp-content\/uploads\/chip_2020_12_11_presentations_1-300x180.jpg 300w\" sizes=\"auto, (max-width: 480px) 100vw, 480px\" \/><\/a><\/p>\n<hr \/>\n<h4><strong>S\u00e9rie D\u00e9couverte<\/strong><\/h4>\n<p style=\"text-align: justify;\">Certaines pr\u00e9sentations qui \u00e9taient au programme \u00e0 l\u2019hiver 2020, mais qui avaient \u00e9t\u00e9 annul\u00e9es apr\u00e8s le mois de mars, ont \u00e9t\u00e9 reprises cet automne et des nouveaux sujets ont \u00e9t\u00e9 ajout\u00e9s :<\/p>\n<ul style=\"text-align: justify;\">\n<li>les <a href=\"https:\/\/fr.wikipedia.org\/wiki\/Sauvegarde_(informatique)\" target=\"_blank\" rel=\"noopener noreferrer\">supports de m\u00e9moires<\/a>;<\/li>\n<li>les <a href=\"https:\/\/fr.wikipedia.org\/wiki\/Enceinte_connect%C3%A9e\" target=\"_blank\" rel=\"noopener noreferrer\">hauts parleurs intelligents<\/a>;<\/li>\n<li>le <a href=\"https:\/\/fr.wikipedia.org\/wiki\/Antidote_(logiciel)\" target=\"_blank\" rel=\"noopener noreferrer\">logiciel Antidote<\/a>;<\/li>\n<li>le <a href=\"https:\/\/fr.wikipedia.org\/wiki\/Microsoft_PowerPoint\" target=\"_blank\" rel=\"noopener noreferrer\">logiciel PowerPoint<\/a>;<\/li>\n<li>les <a href=\"https:\/\/fr.wikipedia.org\/wiki\/Mat%C3%A9riel_informatique\" target=\"_blank\" rel=\"noopener noreferrer\">composantes<\/a> des <a href=\"https:\/\/fr.wikipedia.org\/wiki\/Histoire_des_ordinateurs\" target=\"_blank\" rel=\"noopener noreferrer\">ordinateurs<\/a> et l\u2019achat d\u2019un appareil;<\/li>\n<li>l\u2019introduction \u00e0 la <a href=\"https:\/\/fr.wikipedia.org\/wiki\/Programmation_informatique\" target=\"_blank\" rel=\"noopener noreferrer\">programmation<\/a>;<\/li>\n<li>les bonnes pratiques pour les <a href=\"https:\/\/fr.wikipedia.org\/wiki\/Visioconf%C3%A9rence\" target=\"_blank\" rel=\"noopener noreferrer\">vid\u00e9oconf\u00e9rences<\/a>;<\/li>\n<li><a href=\"https:\/\/fr.wikipedia.org\/wiki\/YouTube\" target=\"_blank\" rel=\"noopener noreferrer\">YouTube<\/a>;<\/li>\n<li>l\u2019<a href=\"https:\/\/fr.wikipedia.org\/wiki\/Intelligence_artificielle\" target=\"_blank\" rel=\"noopener noreferrer\">intelligence artificielle<\/a>;<\/li>\n<li>l\u2019<a href=\"https:\/\/fr.wikipedia.org\/wiki\/Cloud_computing\" target=\"_blank\" rel=\"noopener noreferrer\">informatique dans les nuages<\/a>;<\/li>\n<li>les <a href=\"https:\/\/fr.wikipedia.org\/wiki\/Commerce_en_ligne\" target=\"_blank\" rel=\"noopener noreferrer\">achats en ligne<\/a>.<\/li>\n<\/ul>\n<p style=\"text-align: justify;\">Le graphique ci-dessous pr\u00e9sente le nombre de participants \u00e0 la <strong>s\u00e9rie D\u00e9couverte<\/strong> pour l&rsquo;automne 2020. Encore ici, les participants en mode virtuel ont \u00e9t\u00e9 plus nombreux que la moyenne de 82 personnes pr\u00e9sentes au Chalet Marie-Victorin \u00e0 l&rsquo;automne 2019.<\/p>\n<p><a href=\"https:\/\/cimbcc.org\/test2\/wp-content\/uploads\/chip_2020_12_11_presentations_2.jpg\" target=\"_blank\" rel=\"noopener noreferrer\"><img loading=\"lazy\" decoding=\"async\" class=\"size-full wp-image-32093\" src=\"https:\/\/cimbcc.org\/test2\/wp-content\/uploads\/chip_2020_12_11_presentations_2.jpg\" alt=\"\" width=\"480\" height=\"288\" srcset=\"https:\/\/cimbcc.org\/test2\/wp-content\/uploads\/chip_2020_12_11_presentations_2.jpg 480w, https:\/\/cimbcc.org\/test2\/wp-content\/uploads\/chip_2020_12_11_presentations_2-300x180.jpg 300w\" sizes=\"auto, (max-width: 480px) 100vw, 480px\" \/><\/a><\/p>\n<hr \/>\n<h4>Impact du passage aux vid\u00e9oconf\u00e9rences<\/h4>\n<p style=\"text-align: justify;\">Ces sujets et les vid\u00e9oconf\u00e9rences ont attir\u00e9 des nombres d\u2019auditeurs nettement sup\u00e9rieurs aux ann\u00e9es pass\u00e9es : plusieurs pr\u00e9sentations ont d\u00e9pass\u00e9 les cent personnes.<\/p>\n<p style=\"text-align: justify;\">Le graphique suivant illustre l\u2019historique des pr\u00e9sences pour cet automne en reprenant sous une autre forme les donn\u00e9es des deux images pr\u00e9c\u00e9dentes.<\/p>\n<figure id=\"attachment_32094\" aria-describedby=\"caption-attachment-32094\" style=\"width: 638px\" class=\"wp-caption alignnone\"><a href=\"https:\/\/cimbcc.org\/test2\/wp-content\/uploads\/chip_2020_12_11_presentations_3.jpg\" target=\"_blank\" rel=\"noopener noreferrer\"><img loading=\"lazy\" decoding=\"async\" class=\"size-full wp-image-32094\" src=\"https:\/\/cimbcc.org\/test2\/wp-content\/uploads\/chip_2020_12_11_presentations_3.jpg\" alt=\"\" width=\"638\" height=\"340\" srcset=\"https:\/\/cimbcc.org\/test2\/wp-content\/uploads\/chip_2020_12_11_presentations_3.jpg 638w, https:\/\/cimbcc.org\/test2\/wp-content\/uploads\/chip_2020_12_11_presentations_3-300x160.jpg 300w\" sizes=\"auto, (max-width: 638px) 100vw, 638px\" \/><\/a><figcaption id=\"caption-attachment-32094\" class=\"wp-caption-text\">Cliquez sur le graphique pour l\u2019agrandir et il s&rsquo;ouvrira dans une nouvelle fen\u00eatre que vous pourrez ensuite fermer<\/figcaption><\/figure>\n<hr \/>\n<h4 style=\"text-align: justify;\">Saison de l&rsquo;hiver 2021<\/h4>\n<p style=\"text-align: justify;\">L&rsquo;hiver prochain, les pr\u00e9sentations seront encore tenues en <strong>mode vid\u00e9oconf\u00e9rence<\/strong> comme \u00e0 l\u2019automne.<\/p>\n<h5 style=\"text-align: justify;\"><em>S\u00e9ries Facile et D\u00e9couverte<\/em><\/h5>\n<ul style=\"text-align: justify;\">\n<li>La programmation pour la <a href=\"https:\/\/cimbcc.org\/test2\/wp-content\/uploads\/calendrier_serie_facile.pdf\" target=\"_blank\" rel=\"noopener noreferrer\"><strong>s\u00e9rie Facile<\/strong><\/a> sera identique \u00e0 celle de l\u2019automne, mais les vid\u00e9oconf\u00e9rences auront lieu le <span style=\"color: #ff0000;\"><strong>mercredi \u00e0 partir de 19 h 30<\/strong><\/span>.<\/li>\n<li>Pour la <a href=\"https:\/\/cimbcc.org\/test2\/wp-content\/uploads\/calendrier_serie_decouverte.pdf\" target=\"_blank\" rel=\"noopener noreferrer\"><strong>s\u00e9rie D\u00e9couverte<\/strong><\/a>, les nouveaux sujets trait\u00e9s \u00e0 l\u2019automne seront repris cet hiver et les pr\u00e9sentations se d\u00e9rouleront le <span style=\"color: #ff0000;\"><strong>vendredi apr\u00e8s-midi \u00e0 compter de 13 h 30<\/strong><\/span>.<\/li>\n<\/ul>\n<p style=\"text-align: justify;\">En plus, des pr\u00e9sentations sur des trucs et des outils de <a href=\"https:\/\/fr.wikipedia.org\/wiki\/Voyage\" target=\"_blank\" rel=\"noopener noreferrer\">voyage<\/a>, des fonctions avanc\u00e9es de <a href=\"https:\/\/fr.wikipedia.org\/wiki\/Windows_10\" target=\"_blank\" rel=\"noopener noreferrer\">Windows 10<\/a>, le <a href=\"https:\/\/fr.wikipedia.org\/wiki\/G%C3%A9ocaching\" target=\"_blank\" rel=\"noopener noreferrer\">g\u00e9ocaching<\/a> et les <a href=\"https:\/\/fr.wikipedia.org\/wiki\/Global_Positioning_System\" target=\"_blank\" rel=\"noopener noreferrer\">GPS<\/a> sont planifi\u00e9es.<\/p>\n<h5 style=\"text-align: justify;\"><em><span style=\"text-decoration: underline;\"><mark>Nouvelle s\u00e9rie<\/mark><\/span> iOS et Android<\/em><\/h5>\n<ul>\n<li style=\"text-align: justify;\">Une nouvelle <a href=\"https:\/\/cimbcc.org\/test2\/wp-content\/uploads\/calendrier_serie_ios_android.pdf\" target=\"_blank\" rel=\"noopener noreferrer\"><strong>s\u00e9rie de six pr\u00e9sentations sera consacr\u00e9e aux appareils mobiles<\/strong><\/a>, t\u00e9l\u00e9phones intelligents et tablettes utilisant les <strong>syst\u00e8mes d\u2019exploitation <a href=\"https:\/\/fr.wikipedia.org\/wiki\/IOS\" target=\"_blank\" rel=\"noopener noreferrer\">iOS<\/a> ou <a href=\"https:\/\/fr.wikipedia.org\/wiki\/Android\" target=\"_blank\" rel=\"noopener noreferrer\">Android<\/a><\/strong>.<\/li>\n<li style=\"text-align: justify;\">Ces pr\u00e9sentations seront tenues les <span style=\"color: #ff0000;\"><strong>vendredis apr\u00e8s-midi<\/strong><\/span> et sont des premi\u00e8res au club, car la majorit\u00e9 des s\u00e9ances vise habituellement les outils informatiques utilis\u00e9s par des ordinateurs de table ou des portables.<\/li>\n<\/ul>\n<h5 style=\"text-align: justify;\"><em><span style=\"text-decoration: underline;\"><mark>S\u00e9rie sp\u00e9ciale<\/mark><\/span> &#8211; Histoire du num\u00e9rique<\/em><\/h5>\n<p style=\"text-align: justify;\">De plus, une s\u00e9rie sp\u00e9ciale sera offerte aux membres et au grand public les <span style=\"color: #ff0000;\"><strong>lundis apr\u00e8s-midi<\/strong><\/span> et elle portera sur le <strong>cheminement historique du <a href=\"https:\/\/fr.wikipedia.org\/wiki\/Num%C3%A9rique\" target=\"_blank\" rel=\"noopener noreferrer\">num\u00e9rique<\/a><\/strong>. Des informations plus pr\u00e9cises seront publi\u00e9es sur le site Web du club dans les prochaines semaines.<\/p>\n<h5 style=\"text-align: justify;\"><em>Programme de l&rsquo;hiver 2021<\/em><\/h5>\n<p style=\"text-align: justify;\">Le programme d\u00e9taill\u00e9 des trois s\u00e9ries se retrouve sur le site du club \u00e0 la <a href=\"https:\/\/cimbcc.org\/test2\/\" target=\"_blank\" rel=\"noopener noreferrer\">page d\u2019accueil<\/a> sous les liens <strong><a href=\"https:\/\/cimbcc.org\/test2\/wp-content\/uploads\/calendrier_serie_facile.pdf\" target=\"_blank\" rel=\"noopener noreferrer\">S\u00e9rie Facile<\/a><\/strong>, <a href=\"https:\/\/cimbcc.org\/test2\/wp-content\/uploads\/calendrier_serie_decouverte.pdf\" target=\"_blank\" rel=\"noopener noreferrer\"><strong>S\u00e9rie D\u00e9couverte<\/strong><\/a> ou <a href=\"https:\/\/cimbcc.org\/test2\/wp-content\/uploads\/calendrier_serie_ios_android.pdf\" target=\"_blank\" rel=\"noopener noreferrer\"><strong>S\u00e9rie iOS et Android<\/strong><\/a> de la rubrique <strong>Calendriers et notes de pr\u00e9sentations<\/strong>, \u00e0 la droite de votre \u00e9cran.<\/p>\n<hr \/>\n<h4>Merci aux pr\u00e9sentatrices et pr\u00e9sentateurs<\/h4>\n<p style=\"text-align: justify;\">Nous tenons \u00e0 remercier les pr\u00e9sentatrices et pr\u00e9sentateurs pour leur g\u00e9n\u00e9rosit\u00e9 \u00e0 assumer et \u00e0 adapter leurs sujets \u00e0 cette nouvelle fa\u00e7on de faire.<\/p>\n<p style=\"text-align: justify;\">De plus, nos remerciements s\u2019\u00e9tendent aux membres qui ont \u00e9t\u00e9 fid\u00e8les \u00e0 suivre nos s\u00e9ances et pour leur patience lorsque des ennuis techniques ont parfois perturb\u00e9 le d\u00e9roulement des pr\u00e9sentations.<\/p>\n<p style=\"text-align: justify;\">Un merci sp\u00e9cial \u00e0 C\u00e9line Dufresne pour la compilation des pr\u00e9sences et l\u2019\u00e9laboration des graphiques illustrant cet article.<\/p>\n<p style=\"text-align: justify;\">Au plaisir de vous revoir nombreux \u00e0 compter du <strong>13 janvier 2021<\/strong>.<\/p>\n<p style=\"text-align: justify;\">Guy B\u00e9langer, co-responsable des s\u00e9ances du mercredi et du vendredi au CIMBCC<\/p>\n<p>&nbsp;<\/p>\n","protected":false},"excerpt":{"rendered":"<p>Le 4 d\u00e9cembre a marqu\u00e9 la fin de la saison de l&rsquo;automne 2020 des pr\u00e9sentations du CIMBCC. Il va s\u2019en dire que cette p\u00e9riode a \u00e9t\u00e9 tr\u00e8s diff\u00e9rente des exp\u00e9riences pass\u00e9es au club. En effet, pour r\u00e9pondre aux exigences et contraintes impos\u00e9es par la pand\u00e9mie du COVID-19, l\u2019\u00e9quipe des pr\u00e9sentatrices et pr\u00e9sentateurs a d\u00fb s\u2019adapter &hellip; <a href=\"https:\/\/cimbcc.org\/test2\/bilan-des-presentations-du-mercredi-et-du-vendredi-de-lautomne-2020-et-programme-pour-lhiver-2021\/\" class=\"more-link\">Continuer la lecture de <span class=\"screen-reader-text\">Bilan des pr\u00e9sentations du mercredi et du vendredi de l&rsquo;automne 2020 et programme pour l&rsquo;hiver 2021<\/span>  <span class=\"meta-nav\">&rarr;<\/span><\/a><\/p>\n","protected":false},"author":43,"featured_media":0,"comment_status":"open","ping_status":"closed","sticky":false,"template":"","format":"standard","meta":{"footnotes":""},"categories":[402],"tags":[107,79,371,370,390,271,105,104,1277],"class_list":["post-32058","post","type-post","status-publish","format-standard","hentry","category-activites-du-club","tag-android","tag-bilan","tag-decouverte","tag-facile","tag-ios","tag-presentations","tag-tablette","tag-telephone-intelligent","tag-videoconference"],"_links":{"self":[{"href":"https:\/\/cimbcc.org\/test2\/wp-json\/wp\/v2\/posts\/32058","targetHints":{"allow":["GET"]}}],"collection":[{"href":"https:\/\/cimbcc.org\/test2\/wp-json\/wp\/v2\/posts"}],"about":[{"href":"https:\/\/cimbcc.org\/test2\/wp-json\/wp\/v2\/types\/post"}],"author":[{"embeddable":true,"href":"https:\/\/cimbcc.org\/test2\/wp-json\/wp\/v2\/users\/43"}],"replies":[{"embeddable":true,"href":"https:\/\/cimbcc.org\/test2\/wp-json\/wp\/v2\/comments?post=32058"}],"version-history":[{"count":22,"href":"https:\/\/cimbcc.org\/test2\/wp-json\/wp\/v2\/posts\/32058\/revisions"}],"predecessor-version":[{"id":32253,"href":"https:\/\/cimbcc.org\/test2\/wp-json\/wp\/v2\/posts\/32058\/revisions\/32253"}],"wp:attachment":[{"href":"https:\/\/cimbcc.org\/test2\/wp-json\/wp\/v2\/media?parent=32058"}],"wp:term":[{"taxonomy":"category","embeddable":true,"href":"https:\/\/cimbcc.org\/test2\/wp-json\/wp\/v2\/categories?post=32058"},{"taxonomy":"post_tag","embeddable":true,"href":"https:\/\/cimbcc.org\/test2\/wp-json\/wp\/v2\/tags?post=32058"}],"curies":[{"name":"wp","href":"https:\/\/api.w.org\/{rel}","templated":true}]}}