{"id":32148,"date":"2020-12-15T21:00:04","date_gmt":"2020-12-16T02:00:04","guid":{"rendered":"https:\/\/cimbcc.org\/test2\/?p=32148"},"modified":"2023-10-16T22:12:08","modified_gmt":"2023-10-17T02:12:08","slug":"la-decenie-2010-et-lannee-2020-vues-par-zapatou","status":"publish","type":"post","link":"https:\/\/cimbcc.org\/test2\/la-decenie-2010-et-lannee-2020-vues-par-zapatou\/","title":{"rendered":"La d\u00e9cennie 2010 et l&rsquo;ann\u00e9e 2020 vues par Zapatou"},"content":{"rendered":"<figure id=\"attachment_32271\" aria-describedby=\"caption-attachment-32271\" style=\"width: 175px\" class=\"wp-caption aligncenter\"><img loading=\"lazy\" decoding=\"async\" class=\"size-full wp-image-32271\" src=\"https:\/\/cimbcc.org\/test2\/wp-content\/uploads\/chip_2020_12_16_annees_2.jpg\" alt=\"\" width=\"175\" height=\"61\" \/><figcaption id=\"caption-attachment-32271\" class=\"wp-caption-text\"><span style=\"font-size: 10pt; color: #000000;\">&#8230; et vous pensiez que le bogue de l&rsquo;an 2000 avait \u00e9t\u00e9 p\u00e9nible!<\/span><\/figcaption><\/figure>\n<p style=\"text-align: justify;\">Les ann\u00e9es de 1920 \u00e0 1929 ont \u00e9t\u00e9 baptis\u00e9es <a href=\"https:\/\/fr.wikipedia.org\/wiki\/Ann%C3%A9es_folles\" target=\"_blank\" rel=\"noopener noreferrer\"><em>Les ann\u00e9es folles<\/em><\/a>. Quel regard portera l&rsquo;avenir sur les ann\u00e9es 2010 \u00e0 2020? Avec le manque de recul, il est encore trop t\u00f4t pour nommer cette p\u00e9riode.<\/p>\n<p style=\"text-align: justify;\">Cet article vous propose de plonger dans ce pass\u00e9 r\u00e9cent \u00e0 travers les images retenues par\u00a0le regard incisif du <strong>qu\u00e9b\u00e9cois Luc Bergeron, alias Zapatou<\/strong>.<\/p>\n<p><!--more--><\/p>\n<hr \/>\n<figure id=\"attachment_32155\" aria-describedby=\"caption-attachment-32155\" style=\"width: 640px\" class=\"wp-caption alignnone\"><a href=\"https:\/\/cimbcc.org\/test2\/wp-content\/uploads\/chip_2020_12_16_annees_1m.jpg\" target=\"_blank\" rel=\"noopener noreferrer\"><img loading=\"lazy\" decoding=\"async\" class=\"size-full wp-image-32155\" src=\"https:\/\/cimbcc.org\/test2\/wp-content\/uploads\/chip_2020_12_16_annees_1m.jpg\" alt=\"\" width=\"640\" height=\"427\" srcset=\"https:\/\/cimbcc.org\/test2\/wp-content\/uploads\/chip_2020_12_16_annees_1m.jpg 640w, https:\/\/cimbcc.org\/test2\/wp-content\/uploads\/chip_2020_12_16_annees_1m-300x200.jpg 300w, https:\/\/cimbcc.org\/test2\/wp-content\/uploads\/chip_2020_12_16_annees_1m-120x80.jpg 120w\" sizes=\"auto, (max-width: 640px) 100vw, 640px\" \/><\/a><figcaption id=\"caption-attachment-32155\" class=\"wp-caption-text\"><a href=\"https:\/\/commons.wikimedia.org\/wiki\/File:Covid-19_San_Salvatore_09.jpg\" target=\"_blank\" rel=\"noopener noreferrer\">Dr Annalisa Silvestri, anesth\u00e9siste \u00e0 l&rsquo;h\u00f4pital San Salvatore de Pesaro en Italie, le 19 mars 2020.<\/a><\/figcaption><\/figure>\n<p style=\"text-align: justify;\">Il s&rsquo;est quand m\u00eame pass\u00e9 beaucoup de choses depuis 2010. Il est \u00e9vident que la <a href=\"https:\/\/fr.wikipedia.org\/wiki\/Maladie_%C3%A0_coronavirus_2019\" target=\"_blank\" rel=\"noopener noreferrer\">COVID-19<\/a> va marquer l&rsquo;histoire, tout comme le <a href=\"https:\/\/fr.wikipedia.org\/wiki\/Mouvement_MeToo\" target=\"_blank\" rel=\"noopener noreferrer\">mouvement #MeToo<\/a>, l&rsquo;arriv\u00e9e de <a href=\"https:\/\/fr.wikipedia.org\/wiki\/Donald_Trump\" target=\"_blank\" rel=\"noopener noreferrer\">Donald Trump<\/a> \u00e0 la Maison-Blanche et le <a href=\"https:\/\/fr.wikipedia.org\/wiki\/S%C3%A9isme_de_2011_de_la_c%C3%B4te_Pacifique_du_T%C5%8Dhoku\" target=\"_blank\" rel=\"noopener noreferrer\">s\u00e9isme de 2011 au Japon<\/a> avec l&rsquo;accident subs\u00e9quent \u00e0 la centrale nucl\u00e9aire de <a href=\"https:\/\/fr.wikipedia.org\/wiki\/Centrale_nucl%C3%A9aire_de_Fukushima_Daiichi\" target=\"_blank\" rel=\"noopener noreferrer\">Fukushima Daiichi<\/a>.<\/p>\n<p style=\"text-align: justify;\">Il y a eu aussi la retour \u00e0 la sant\u00e9 de <a href=\"https:\/\/fr.wikipedia.org\/wiki\/Malala_Yousafzai\" target=\"_blank\" rel=\"noopener noreferrer\">Malala Yousafzai<\/a> apr\u00e8s l&rsquo;attentat sur sa vie en 2012, la fin de l&rsquo;<a href=\"https:\/\/fr.wikipedia.org\/wiki\/%C3%89pid%C3%A9mie_de_maladie_%C3%A0_virus_Ebola_en_Afrique_de_l%27Ouest\" target=\"_blank\" rel=\"noopener noreferrer\">\u00e9pid\u00e9mie de maladie \u00e0 virus Ebola<\/a> en 2015 et la confirmation de l&rsquo;existence des <a href=\"https:\/\/fr.wikipedia.org\/wiki\/Onde_gravitationnelle\" target=\"_blank\" rel=\"noopener noreferrer\">ondes gravitationnelles<\/a> en 2016. Ces derni\u00e8res avaient \u00e9t\u00e9 pr\u00e9dites par <a href=\"https:\/\/fr.wikipedia.org\/wiki\/Albert_Einstein\" target=\"_blank\" rel=\"noopener noreferrer\">Einstein<\/a> en 1916.<\/p>\n<p style=\"text-align: justify;\">Finalement, il ne faut pas oublier que nous venons de traverser une <a href=\"https:\/\/fr.wikipedia.org\/wiki\/Saison_cyclonique_2020_dans_l%27oc%C3%A9an_Atlantique_nord\" target=\"_blank\" rel=\"noopener noreferrer\">saison des ouragans<\/a> particuli\u00e8rement intense avec <a href=\"https:\/\/www.futura-sciences.com\/planete\/actualites\/ouragans-ouragans-saison-2020-tempetes-vient-achever-ete-particulierement-intense-84503\/\" target=\"_blank\" rel=\"noopener noreferrer\">30 temp\u00eates nomm\u00e9es<\/a>. Pendant ce temps, le <a href=\"https:\/\/www.journaldemontreal.com\/2020\/09\/14\/trump-balaie-les-inquietudes-sur-le-climat-ca-finira-par-se-refroidir\" target=\"_blank\" rel=\"noopener noreferrer\">pr\u00e9sident sortant Trump nie<\/a> le <a href=\"https:\/\/fr.wikipedia.org\/wiki\/R%C3%A9chauffement_climatique\" target=\"_blank\" rel=\"noopener noreferrer\">r\u00e9chauffement climatique<\/a>.<\/p>\n<hr \/>\n<p style=\"text-align: justify;\">Le travail de Zapatou comme monteur vid\u00e9o a \u00e9t\u00e9 soulign\u00e9 \u00e0 maintes reprises sur ce blogue avec les meilleures vid\u00e9os de <a href=\"https:\/\/cimbcc.org\/test2\/les-meilleurs-videos-de-2016-selon-luc-bergeron\" target=\"_blank\" rel=\"noopener noreferrer\">2016<\/a>, <a href=\"https:\/\/cimbcc.org\/test2\/les-meilleurs-videos-de-2017-selon-luc-bergeron\" target=\"_blank\" rel=\"noopener noreferrer\">2017<\/a>, <a href=\"https:\/\/cimbcc.org\/test2\/les-meilleurs-videos-de-2018-selon-luc-bergeron\" target=\"_blank\" rel=\"noopener noreferrer\">2018<\/a> et <a href=\"https:\/\/cimbcc.org\/test2\/les-meilleurs-videos-de-2019-selon-luc-bergeron\" target=\"_blank\" rel=\"noopener noreferrer\">2019<\/a>. Sa compilation 2020 devrait d&rsquo;ailleurs para\u00eetre tr\u00e8s bient\u00f4t. Ses montages ont \u00e9t\u00e9 vus des millions de fois sur sa <a href=\"https:\/\/www.youtube.com\/user\/zapatou\" target=\"_blank\" rel=\"noopener noreferrer\">cha\u00eene YouTube<\/a>.<\/p>\n<p style=\"text-align: justify;\">Dans les prochaines trois minutes et vingt-six secondes, je vous propose de voir ce que Zapatou a retenu des derni\u00e8res ann\u00e9es.<\/p>\n<p>Richard Gervais<br \/>\n\u00c9diteur du CHIP<\/p>\n<p><iframe loading=\"lazy\" title=\"The last decade and now (2010 - 2020)\" width=\"474\" height=\"356\" src=\"https:\/\/www.youtube.com\/embed\/F7SjQT7XjVM?feature=oembed\" frameborder=\"0\" allow=\"accelerometer; autoplay; clipboard-write; encrypted-media; gyroscope; picture-in-picture; web-share\" referrerpolicy=\"strict-origin-when-cross-origin\" allowfullscreen><\/iframe><\/p>\n","protected":false},"excerpt":{"rendered":"<p>Les ann\u00e9es de 1920 \u00e0 1929 ont \u00e9t\u00e9 baptis\u00e9es Les ann\u00e9es folles. Quel regard portera l&rsquo;avenir sur les ann\u00e9es 2010 \u00e0 2020? Avec le manque de recul, il est encore trop t\u00f4t pour nommer cette p\u00e9riode. Cet article vous propose de plonger dans ce pass\u00e9 r\u00e9cent \u00e0 travers les images retenues par\u00a0le regard incisif du &hellip; <a href=\"https:\/\/cimbcc.org\/test2\/la-decenie-2010-et-lannee-2020-vues-par-zapatou\/\" class=\"more-link\">Continuer la lecture de <span class=\"screen-reader-text\">La d\u00e9cennie 2010 et l&rsquo;ann\u00e9e 2020 vues par Zapatou<\/span>  <span class=\"meta-nav\">&rarr;<\/span><\/a><\/p>\n","protected":false},"author":43,"featured_media":0,"comment_status":"open","ping_status":"closed","sticky":false,"template":"","format":"standard","meta":{"footnotes":""},"categories":[12],"tags":[1363,348,116,115,349,893],"class_list":["post-32148","post","type-post","status-publish","format-standard","hentry","category-sites-coup-de-coeur","tag-1363","tag-compilation","tag-luc-bergeron","tag-video","tag-you-tube","tag-zapatou"],"_links":{"self":[{"href":"https:\/\/cimbcc.org\/test2\/wp-json\/wp\/v2\/posts\/32148","targetHints":{"allow":["GET"]}}],"collection":[{"href":"https:\/\/cimbcc.org\/test2\/wp-json\/wp\/v2\/posts"}],"about":[{"href":"https:\/\/cimbcc.org\/test2\/wp-json\/wp\/v2\/types\/post"}],"author":[{"embeddable":true,"href":"https:\/\/cimbcc.org\/test2\/wp-json\/wp\/v2\/users\/43"}],"replies":[{"embeddable":true,"href":"https:\/\/cimbcc.org\/test2\/wp-json\/wp\/v2\/comments?post=32148"}],"version-history":[{"count":30,"href":"https:\/\/cimbcc.org\/test2\/wp-json\/wp\/v2\/posts\/32148\/revisions"}],"predecessor-version":[{"id":34540,"href":"https:\/\/cimbcc.org\/test2\/wp-json\/wp\/v2\/posts\/32148\/revisions\/34540"}],"wp:attachment":[{"href":"https:\/\/cimbcc.org\/test2\/wp-json\/wp\/v2\/media?parent=32148"}],"wp:term":[{"taxonomy":"category","embeddable":true,"href":"https:\/\/cimbcc.org\/test2\/wp-json\/wp\/v2\/categories?post=32148"},{"taxonomy":"post_tag","embeddable":true,"href":"https:\/\/cimbcc.org\/test2\/wp-json\/wp\/v2\/tags?post=32148"}],"curies":[{"name":"wp","href":"https:\/\/api.w.org\/{rel}","templated":true}]}}