{"id":32230,"date":"2020-12-17T21:00:37","date_gmt":"2020-12-18T02:00:37","guid":{"rendered":"https:\/\/cimbcc.org\/test2\/?p=32230"},"modified":"2023-10-16T22:12:08","modified_gmt":"2023-10-17T02:12:08","slug":"vaccination-contre-la-covid-19-des-craintes-et-de-la-desinformation","status":"publish","type":"post","link":"https:\/\/cimbcc.org\/test2\/vaccination-contre-la-covid-19-des-craintes-et-de-la-desinformation\/","title":{"rendered":"Vaccination contre la COVID-19 : des craintes et de la d\u00e9sinformation"},"content":{"rendered":"<figure id=\"attachment_24082\" aria-describedby=\"caption-attachment-24082\" style=\"width: 125px\" class=\"wp-caption aligncenter\"><img loading=\"lazy\" decoding=\"async\" class=\"size-full wp-image-24082\" src=\"https:\/\/cimbcc.org\/test2\/wp-content\/uploads\/photo_couture_francine.jpg\" alt=\"\" width=\"125\" height=\"125\" \/><figcaption id=\"caption-attachment-24082\" class=\"wp-caption-text\"><span style=\"color: #ffffff;\">mim<\/span>Francine Couture<\/figcaption><\/figure>\n<p style=\"text-align: justify;\">\u00c0 deux reprises durant l\u2019ann\u00e9e 2020, le CHIP a parl\u00e9 de <a href=\"https:\/\/fr.wikipedia.org\/wiki\/D%C3%A9sinformation\" target=\"_blank\" rel=\"noopener noreferrer\">d\u00e9sinformation<\/a>\u00a0:<\/p>\n<ul style=\"text-align: justify;\">\n<li>7 avril 2020, <a href=\"https:\/\/cimbcc.org\/test2\/covid-19-et-desinformation\" target=\"_blank\" rel=\"noopener noreferrer\"><em>COVID-19 et d\u00e9sinformation<\/em><\/a>, par Michel Gagn\u00e9;<\/li>\n<li>8 juillet 2020, <em><a href=\"https:\/\/cimbcc.org\/test2\/epidemie-de-desinformation\" target=\"_blank\" rel=\"noopener noreferrer\">\u00c9pid\u00e9mie de d\u00e9sinformation<\/a><\/em>, par Richard Gervais.<\/li>\n<\/ul>\n<p style=\"text-align: justify;\">Malheureusement, cette d\u00e9sinformation continue surtout sur les r\u00e9seaux sociaux et cette fois, le vaccin contre la COVID-19 en fait les frais.<\/p>\n<p style=\"text-align: justify;\">Je vous r\u00e9sume ici un reportage de l\u2019\u00e9mission des <a href=\"https:\/\/ici.tou.tv\/decrypteurs\/S02E10?lectureauto=1\" target=\"_blank\" rel=\"noopener noreferrer\"><em>D\u00e9crypteurs<\/em><\/a> du 5\u00a0d\u00e9cembre intitul\u00e9<em> la vaccination contre la COVID-19\u00a0: des craintes et de la d\u00e9sinformation<\/em>.<\/p>\n<p><!--more--><\/p>\n<p style=\"text-align: justify;\">Un <a href=\"https:\/\/www.ipsos.com\/fr-ca\/la-majorite-64-des-canadiens-se-feraient-vacciner-contre-la-covid-19-mais-des-doutes-pointes\" target=\"_blank\" rel=\"noopener noreferrer\">sondage Ipsos<\/a> a \u00e9t\u00e9 fait entre le du 20 au 25 novembre 2020 pour Radio-Canada sur les intentions des Canadiens face \u00e0 la vaccination contre la COVID-19. Parmi tous les Canadiens qui souhaitent se faire vacciner, 38 % pr\u00e9f\u00e9reraient attendre un ou deux mois, 15 % en laisseraient passer plusieurs avant de prendre une d\u00e9cision et 11 % ne savent tout simplement pas \u00e0 quel moment ils se feront vacciner. Donc, h\u00e9sitation pour certains \u2026<\/p>\n<p style=\"text-align: justify;\">Plusieurs personnes ont des <strong>craintes \u00e0 cause de la rapidit\u00e9 avec laquelle le vaccin a \u00e9t\u00e9 d\u00e9velopp\u00e9<\/strong>. Certains craignent que les compagnies aient tourn\u00e9 les coins ronds dans la proc\u00e9dure du d\u00e9veloppement du vaccin. <strong>Il n\u2019en est rien.<\/strong><\/p>\n<p style=\"text-align: justify;\">Ce que le reportage nous apprend, c\u2019est que\u00a0:<\/p>\n<ul>\n<li style=\"text-align: justify;\">Il y a eu beaucoup d\u2019argent investi dans le projet \u00e0 cause de l\u2019ampleur de la maladie, ce qui fait que les r\u00e9sultats sont venus rapidement;<\/li>\n<li style=\"text-align: justify;\">Il y a eu beaucoup de collaboration et de partage d\u2019informations parmi les membres de la communaut\u00e9 scientifique;<\/li>\n<li style=\"text-align: justify;\">On connaissait tr\u00e8s peu le virus SRAS-CoV-2, le virus responsable de la COVID-19, mais on connaissait d\u00e9j\u00e0 deux de ses petits fr\u00e8res qui \u00e9taient responsables du S.R.A.S. (Syndrome Respiratoire Aigu S\u00e9v\u00e8re, en 2003) et du M.E.R.S. (Middle East Respiratory Syndrome, en 2012). On avait donc une longueur d\u2019avance dans la recherche.<\/li>\n<\/ul>\n<p style=\"text-align: justify;\">Contrairement \u00e0 des \u00e9nonc\u00e9s faits sur les r\u00e9seaux sociaux, aucune \u00e9tape dans la recherche n\u2019a \u00e9t\u00e9 escamot\u00e9e. Il ne faut pas avoir de craintes : <strong>toute la recherche scientifique sur le vaccin contre la COVID-19 a \u00e9t\u00e9 faite selon les r\u00e8gles de l\u2019art<\/strong>.<\/p>\n<p style=\"text-align: justify;\">Le m\u00eame sondage d\u00e9montre que \u00ab <strong>l\u2019opinion des Canadiens est fortement influenc\u00e9e par leurs sources d\u2019information<\/strong>. Ceux qui se tournent avant tout vers les m\u00e9dias sociaux sont plus susceptibles d\u2019adh\u00e9rer aux id\u00e9es oppos\u00e9es aux messages des autorit\u00e9s sanitaires que ceux qui s\u2019informent aupr\u00e8s des cha\u00eenes t\u00e9l\u00e9vis\u00e9es, des journaux et des m\u00e9dias en ligne. D\u00e9j\u00e0 tr\u00e8s pr\u00e9sent sur les m\u00e9dias sociaux, le mouvement anti-vaccin a de toute \u00e9vidence connu un nouvel essor dans la foul\u00e9e de la pand\u00e9mie. \u00bb<\/p>\n<p style=\"text-align: justify;\">De leur c\u00f4t\u00e9, les groupes scientifiques, m\u00e9dicaux et gouvernementaux diffusent leurs informations sur les cha\u00eenes de t\u00e9l\u00e9vision, les journaux et les m\u00e9dias en ligne. Comme le disait Michel Gagn\u00e9 dans son article du 7 avril :<\/p>\n<ul>\n<li style=\"text-align: justify;\"><strong>\u00ab Ne perdez pas votre temps \u00e0 lire les nouvelles que les gens <\/strong>(incluant vos amis)\u00a0<strong>partagent sur Facebook<\/strong>\u00a0ou sur les autres r\u00e9seaux sociaux. Une tr\u00e8s grande portion de ces informations est fausse.<\/li>\n<li style=\"text-align: justify;\">Si vous lisez tout de m\u00eame des nouvelles sur des r\u00e9seaux sociaux,\u00a0<strong>v\u00e9rifiez toujours, toujours, toujours, toujours, toujours les nouvelles<\/strong>. Oui, c\u2019est difficile et \u00e7a prend du temps; c\u2019est pourquoi les experts vous sugg\u00e8rent de ne m\u00eame pas perdre de temps \u00e0 lire ces nouvelles.<\/li>\n<li style=\"text-align: justify;\"><strong>Consacrez 30, 45 ou 60 minutes par jour \u00e0 lire ou \u00e9couter des nouvelles sur des sources fiables<\/strong> comme La Presse, Le Journal de Montr\u00e9al, Radio-Canada ou TVA, en vous branchant directement \u00e0 ces sources et non en lisant des messages qui pr\u00e9tendent provenir d\u2019une source fiable. \u00bb<\/li>\n<\/ul>\n<p style=\"text-align: justify;\">Comme cet article n\u2019est qu\u2019un bref r\u00e9sum\u00e9 du reportage des <em>D\u00e9crypteurs, <\/em>je vous encourage fortement \u00e0 aller le regarder. Vous n\u2019avez qu\u2019\u00e0 <a href=\"https:\/\/ici.tou.tv\/decrypteurs\/S02E10?lectureauto=1\" target=\"_blank\" rel=\"noopener noreferrer\">ouvrir ce lien<\/a> sur l\u2019\u00e9mission du 5 d\u00e9cembre\u00a0et aller au 2<sup>e<\/sup> reportage de l\u2019\u00e9mission \u00e0 la minute 9:10 ; le reportage dure un peu moins de 10 minutes.<\/p>\n<p style=\"text-align: justify;\">Si vous voulez aller plus loin, voici deux suggestions\u00a0:<\/p>\n<ul>\n<li><strong>Sur la d\u00e9sinformation en g\u00e9n\u00e9ral<\/strong><\/li>\n<\/ul>\n<p style=\"text-align: justify;\">L\u2019\u00e9mission des <em>D\u00e9crypteurs<\/em> est pr\u00e9sent\u00e9e \u00e0 la T\u00e9l\u00e9 de Radio-Canada le samedi \u00e0 11 h 30 et sur ICI RDI, en rediffusion le dimanche \u00e0 13\u00a0h\u00a000. Vous pouvez revoir toutes les \u00e9missions sur TOU.TV <a href=\"https:\/\/ici.tou.tv\/decrypteurs\" target=\"_blank\" rel=\"noopener noreferrer\">en cliquant ici<\/a> et sur la page Web des <em>D\u00e9crypteurs<\/em> <a href=\"https:\/\/ici.radio-canada.ca\/decrypteurs\" target=\"_blank\" rel=\"noopener noreferrer\">dans la section \u00ab \u00c0 voir \u00bb<\/a>, vers le bas de leur page.<\/p>\n<ul style=\"text-align: justify;\">\n<li><strong>Sur les vaccins en g\u00e9n\u00e9ral<\/strong><\/li>\n<\/ul>\n<figure id=\"attachment_32290\" aria-describedby=\"caption-attachment-32290\" style=\"width: 250px\" class=\"wp-caption aligncenter\"><img loading=\"lazy\" decoding=\"async\" class=\"size-full wp-image-32290\" src=\"https:\/\/cimbcc.org\/test2\/wp-content\/uploads\/chip_2020_12_18_dre_caroline_quach_m.jpg\" alt=\"\" width=\"250\" height=\"298\" \/><figcaption id=\"caption-attachment-32290\" class=\"wp-caption-text\">Dre Caroline Quach<\/figcaption><\/figure>\n<p style=\"text-align: justify;\">Dans le cadre des <a href=\"https:\/\/bellessoirees.umontreal.ca\/\" target=\"_blank\" rel=\"noopener noreferrer\">Belles Soir\u00e9es<\/a> de l\u2019Universit\u00e9 de Montr\u00e9al, <a href=\"https:\/\/fr.wikipedia.org\/wiki\/Caroline_Quach-Thanh\" target=\"_blank\" rel=\"noopener noreferrer\">Dre\u00a0Caroline Quach<\/a> fera une conf\u00e9rence dont le titre est <em>Les enjeux de la vaccination au XXI<sup> e <\/sup>si\u00e8cle.<\/em> Cette pr\u00e9sentation qui s\u2019adresse \u00e0 monsieur et madame tout le monde aura lieu chez vous par conf\u00e9rence Zoom, le <strong>lundi 11 janvier de 19 h 30 \u00e0 21 h 30<\/strong>. Vous pourrez poser vos questions. Le co\u00fbt d\u2019inscription est de <strong>15$<\/strong>. Eh oui, il faut parfois payer pour avoir de l\u2019information fiable. Vous pouvez <strong>vous inscrire<\/strong> d\u00e8s maintenant <a href=\"https:\/\/bellessoirees.umontreal.ca\/activites\/les-enjeux-de-la-vaccination-au-xxi-eme-siecle\/#product_options\" target=\"_blank\" rel=\"noopener noreferrer\"><strong>en cliquant ici<\/strong><\/a>.<\/p>\n<p>Francine Couture<\/p>\n","protected":false},"excerpt":{"rendered":"<p>\u00c0 deux reprises durant l\u2019ann\u00e9e 2020, le CHIP a parl\u00e9 de d\u00e9sinformation\u00a0: 7 avril 2020, COVID-19 et d\u00e9sinformation, par Michel Gagn\u00e9; 8 juillet 2020, \u00c9pid\u00e9mie de d\u00e9sinformation, par Richard Gervais. Malheureusement, cette d\u00e9sinformation continue surtout sur les r\u00e9seaux sociaux et cette fois, le vaccin contre la COVID-19 en fait les frais. Je vous r\u00e9sume ici &hellip; <a href=\"https:\/\/cimbcc.org\/test2\/vaccination-contre-la-covid-19-des-craintes-et-de-la-desinformation\/\" class=\"more-link\">Continuer la lecture de <span class=\"screen-reader-text\">Vaccination contre la COVID-19 : des craintes et de la d\u00e9sinformation<\/span>  <span class=\"meta-nav\">&rarr;<\/span><\/a><\/p>\n","protected":false},"author":43,"featured_media":0,"comment_status":"open","ping_status":"closed","sticky":false,"template":"","format":"standard","meta":{"footnotes":""},"categories":[24],"tags":[1182,1086,847,113,1359],"class_list":["post-32230","post","type-post","status-publish","format-standard","hentry","category-conseils-pratiques","tag-covid-19","tag-desinformation","tag-fake-news","tag-sante","tag-vaccins"],"_links":{"self":[{"href":"https:\/\/cimbcc.org\/test2\/wp-json\/wp\/v2\/posts\/32230","targetHints":{"allow":["GET"]}}],"collection":[{"href":"https:\/\/cimbcc.org\/test2\/wp-json\/wp\/v2\/posts"}],"about":[{"href":"https:\/\/cimbcc.org\/test2\/wp-json\/wp\/v2\/types\/post"}],"author":[{"embeddable":true,"href":"https:\/\/cimbcc.org\/test2\/wp-json\/wp\/v2\/users\/43"}],"replies":[{"embeddable":true,"href":"https:\/\/cimbcc.org\/test2\/wp-json\/wp\/v2\/comments?post=32230"}],"version-history":[{"count":23,"href":"https:\/\/cimbcc.org\/test2\/wp-json\/wp\/v2\/posts\/32230\/revisions"}],"predecessor-version":[{"id":32291,"href":"https:\/\/cimbcc.org\/test2\/wp-json\/wp\/v2\/posts\/32230\/revisions\/32291"}],"wp:attachment":[{"href":"https:\/\/cimbcc.org\/test2\/wp-json\/wp\/v2\/media?parent=32230"}],"wp:term":[{"taxonomy":"category","embeddable":true,"href":"https:\/\/cimbcc.org\/test2\/wp-json\/wp\/v2\/categories?post=32230"},{"taxonomy":"post_tag","embeddable":true,"href":"https:\/\/cimbcc.org\/test2\/wp-json\/wp\/v2\/tags?post=32230"}],"curies":[{"name":"wp","href":"https:\/\/api.w.org\/{rel}","templated":true}]}}