{"id":32494,"date":"2020-12-29T21:00:28","date_gmt":"2020-12-30T02:00:28","guid":{"rendered":"https:\/\/cimbcc.org\/test2\/?p=32494"},"modified":"2023-10-16T22:12:08","modified_gmt":"2023-10-17T02:12:08","slug":"la-couleur-de-lannee-2020","status":"publish","type":"post","link":"https:\/\/cimbcc.org\/test2\/la-couleur-de-lannee-2020\/","title":{"rendered":"La couleur de l&rsquo;ann\u00e9e 2020"},"content":{"rendered":"<figure id=\"attachment_32495\" aria-describedby=\"caption-attachment-32495\" style=\"width: 160px\" class=\"wp-caption aligncenter\"><a href=\"https:\/\/cimbcc.org\/test2\/wp-content\/uploads\/chip_2020_12_30_couleur_5.jpg\" target=\"_blank\" rel=\"noopener noreferrer\"><img loading=\"lazy\" decoding=\"async\" class=\"size-full wp-image-32495\" src=\"https:\/\/cimbcc.org\/test2\/wp-content\/uploads\/chip_2020_12_30_couleur_1.jpg\" alt=\"\" width=\"160\" height=\"240\" \/><\/a><figcaption id=\"caption-attachment-32495\" class=\"wp-caption-text\"><a href=\"https:\/\/commons.wikimedia.org\/wiki\/File:Covid-19_San_Salvatore_08.jpg\" target=\"_blank\" rel=\"noopener noreferrer\">Francesca Palumbo, infirmi\u00e8re des\u00a0 soins intensifs \u00e0 l&rsquo;h\u00f4pital San Salvatore de Pesaro en Italie, 18 mars 2020 &#8211; Cliquez sur l&rsquo;image pour l&rsquo;agrandir<\/a><\/figcaption><\/figure>\n<p style=\"text-align: justify;\">L&rsquo;internet abolit les fronti\u00e8res et nous permet de d\u00e9couvrir ce qui semblait loin de nos vies il y a quelques ann\u00e9es :<\/p>\n<ul>\n<li style=\"text-align: justify;\">dans un premier temps, l&rsquo;Agence France-Presse nous montre le prix que paient les travailleurs de la sant\u00e9 lorsque le virus de la COVID-19 devient hors de contr\u00f4le ;<\/li>\n<li style=\"text-align: justify;\">dans un deuxi\u00e8me temps, je vous invite \u00e0 d\u00e9couvrir les faiseurs d&rsquo;images qui dictent les couleurs de la mode ;<\/li>\n<li style=\"text-align: justify;\">finalement, je vous convie \u00e0 voir en images un r\u00e9sum\u00e9 de l&rsquo;ann\u00e9e 2020.<\/li>\n<\/ul>\n<p><!--more--><\/p>\n<hr \/>\n<h4>Un grand merci aux professionnels de la sant\u00e9<\/h4>\n<p style=\"text-align: justify;\">L&rsquo;ann\u00e9e 2020 laissera sa trace dans l&rsquo;histoire humaine et nos m\u00e9moires collectives avec la pand\u00e9mie de COVID-19. \u00c0 l&rsquo;\u00e9chelle plan\u00e9taire, <strong>il est important de souligner le travail exceptionnel du personnel m\u00e9dical<\/strong> durant cette p\u00e9riode extr\u00eamement difficile.<\/p>\n<p style=\"text-align: justify;\">Dans la photo au d\u00e9but cet article, il est possible de constater les marques de fatigue sur le visage d&rsquo;une infirmi\u00e8re apr\u00e8s son quart de travail dans un h\u00f4pital italien en mars 2020. Vous pouvez agrandir l&rsquo;image en cliquant dessus.<\/p>\n<p style=\"text-align: justify;\">L&rsquo;Italie \u00e9tait alors aux prises avec un taux de mortalit\u00e9 extr\u00eamement \u00e9lev\u00e9, que ce soit pour les patients ou pour le personnel soignant. Il y avait d\u00e9j\u00e0 151 m\u00e9decins italiens d\u00e9c\u00e9d\u00e9s de la COVID-19 entre le 11\u00a0mars et le 26 avril 2020, comme l&rsquo;indique <a href=\"https:\/\/www.latribune.ca\/covid-19\/plus-de-150-medecins-morts-du-coronavirus-en-italie-f7af9de43ddddbdc16143413bfbaa11d\" target=\"_blank\" rel=\"noopener noreferrer\">ce communiqu\u00e9<\/a> de l&rsquo;Agence France-Presse repris par des journaux qu\u00e9b\u00e9cois.<\/p>\n<hr \/>\n<h4>La psychologie des couleurs<\/h4>\n<p style=\"text-align: justify;\">L&rsquo;entreprise am\u00e9ricaine <a href=\"https:\/\/fr.wikipedia.org\/wiki\/Pantone_(entreprise)\" target=\"_blank\" rel=\"noopener noreferrer\">Pantone<\/a> a \u00e9t\u00e9 fond\u00e9e en 1866 et elle offre un syst\u00e8me de normalisation des couleurs utilis\u00e9es en imprimerie. Cette firme propose \u00e0 l&rsquo;automne la couleur qui deviendra probablement \u00e0 la mode l&rsquo;ann\u00e9e suivante. Les coloris ont une influence sur le comportement des personnes, champ d&rsquo;\u00e9tudes pour la <a href=\"https:\/\/fr.wikipedia.org\/wiki\/Psychologie_des_couleurs\" target=\"_blank\" rel=\"noopener noreferrer\">psychologie des couleurs<\/a>.<\/p>\n<p style=\"text-align: justify;\"><img loading=\"lazy\" decoding=\"async\" class=\"size-full wp-image-32499 alignright\" src=\"https:\/\/cimbcc.org\/test2\/wp-content\/uploads\/chip_2020_12_30_couleur_2-e1608954366512.jpg\" alt=\"\" width=\"64\" height=\"64\" \/>La <a href=\"https:\/\/www.pantone.com\/eu\/fr\/articles\/color-of-the-year\/color-of-the-year-2020\" target=\"_blank\" rel=\"noopener noreferrer\">couleur de 2020<\/a> \u00e9tait le bleu classique, identifi\u00e9 par la teinte Pantone <a href=\"https:\/\/www.pantone.com\/hk\/en\/color-finder\/19-4042-TCX\" target=\"_blank\" rel=\"noopener noreferrer\">19-4042<\/a> et d\u00e9crit ainsi : <em>\u00ab Inspirant la s\u00e9r\u00e9nit\u00e9, la confiance et le partage, cette teinte de bleu immuable souligne notre d\u00e9sir de bases fiables et stables sur lesquelles b\u00e2tir au seuil d\u2019une nouvelle \u00e8re. \u00bb<\/em><\/p>\n<p style=\"text-align: justify;\">Pour la s\u00e9r\u00e9nit\u00e9, la confiance et le partage, cela peut toujours aller, mais les bases fiables et stables de la nouvelle \u00e8re ont \u00e9t\u00e9 s\u00e9rieusement \u00e9branl\u00e9es par le virus <a href=\"https:\/\/fr.wikipedia.org\/wiki\/SARS-CoV-2\" target=\"_blank\" rel=\"noopener noreferrer\">SARS-CoV-2<\/a> qui a d\u00e9ferl\u00e9 sur notre soci\u00e9t\u00e9. Il semble donc que le discours du marketing s&rsquo;apparente parfois aux pr\u00e9visions des horoscopes.<\/p>\n<p style=\"text-align: justify;\">\u00c0 titre de curiosit\u00e9, voici la paire de <a href=\"https:\/\/www.pantone.com\/eu\/fr\/color-of-the-year-2021\" target=\"_blank\" rel=\"noopener noreferrer\">couleurs annonc\u00e9es par Pantone pour 2021<\/a> :<\/p>\n<p><img loading=\"lazy\" decoding=\"async\" class=\"size-full wp-image-32510 aligncenter\" src=\"https:\/\/cimbcc.org\/test2\/wp-content\/uploads\/chip_2020_12_30_couleur_3.jpg\" alt=\"\" width=\"64\" height=\"64\" \/> <img loading=\"lazy\" decoding=\"async\" class=\"aligncenter size-full wp-image-32511\" src=\"https:\/\/cimbcc.org\/test2\/wp-content\/uploads\/chip_2020_12_30_couleur_4.jpg\" alt=\"\" width=\"64\" height=\"64\" \/><\/p>\n<p style=\"text-align: justify;\">Le jaune est peut-\u00eatre synonyme d&rsquo;espoir, mais j&rsquo;avoue que le gris m&rsquo;inqui\u00e8te un peu, m\u00eame si Pantone dit que cela <em>\u00ab repr\u00e9sente les \u00e9l\u00e9ments fiables et in\u00e9branlables, \u00e9ternels, qui assurent une base solide. \u00bb <\/em><\/p>\n<p style=\"text-align: justify;\">Ouais, aussi passionnant qu&rsquo;admirer le solage de sa maison ou surveiller de la peinture qui s\u00e8che &#8230; Esp\u00e9rons que l&rsquo;ann\u00e9e 2021 sera un peu plus int\u00e9ressante que \u00e7a.<\/p>\n<hr \/>\n<h4>Revue de l&rsquo;ann\u00e9e 2020<\/h4>\n<p style=\"text-align: justify;\">Avant de faire un retour sur l&rsquo;ann\u00e9e 2020,<strong> je souhaite \u00e0 tous sant\u00e9, paix et bonheur pour 2021.<\/strong> Pour y arriver, il faudra toutefois continuer de porter le masque, garder nos distances, se laver les mains fr\u00e9quemment et recevoir le vaccin contre la COVID-19.<\/p>\n<p style=\"text-align: justify;\">En cette fin de d\u00e9cembre, je vous propose donc un <strong>regard aigre-doux sur l&rsquo;ann\u00e9e 2020<\/strong>. N&rsquo;oubliez pas que vous pouvez ralentir la vitesse de lecture en cliquant sur l&rsquo;ic\u00f4ne<img loading=\"lazy\" decoding=\"async\" class=\"alignnone size-full wp-image-32484\" src=\"https:\/\/cimbcc.org\/test2\/wp-content\/uploads\/chip_2021_01_02_president_2.jpg\" alt=\"\" width=\"24\" height=\"19\" \/>qui appara\u00eet au bas de la fen\u00eatre lorsque vous passez le pointeur de la souris au-dessus du vid\u00e9o en mode de lecture.<\/p>\n<p style=\"text-align: justify;\">Richard Gervais<\/p>\n<hr \/>\n<h5><em>Note importante<\/em><\/h5>\n<p style=\"text-align: justify;\"><em>Selon les d\u00e9cisions de YouTube, la vid\u00e9o suivante peut \u00eatre soumise \u00e0 une limite d&rsquo;\u00e2ge minimum \u00e0 cause de la charge \u00e9motive de son contenu. Certaines images li\u00e9es, par exemple, \u00e0 l&rsquo;explosion de Beyrouth, aux feux de for\u00eat d&rsquo;Australie ou aux d\u00e9c\u00e8s caus\u00e9s par la COVID-19 peuvent \u00eatre difficiles \u00e0 regarder pour certaines personnes.<\/em><\/p>\n<p style=\"text-align: justify;\"><em>Comme Sylvain Garneau nous l&rsquo;a expliqu\u00e9 lors de sa pr\u00e9sentation sur YouTube, vous devez \u00eatre connect\u00e9 \u00e0 YouTube pour visionner les vid\u00e9os soumises \u00e0 des restrictions. Si vous avez manqu\u00e9 la <a href=\"https:\/\/cimbcc.org\/test2\/wp-content\/uploads\/calendrier_serie_decouverte.pdf\" target=\"_blank\" rel=\"noopener noreferrer\">pr\u00e9sentation de Sylvain<\/a> au cours de l&rsquo;automne, ne manquez pas la reprise de la pr\u00e9sentation le vendredi 12 mars \u00e0 13 h 30.<\/em><\/p>\n<p><iframe loading=\"lazy\" title=\"2020 Remixed ! (Year review by Cee-Roo)\" width=\"474\" height=\"267\" src=\"https:\/\/www.youtube.com\/embed\/eMOUTgWQM74?feature=oembed\" frameborder=\"0\" allow=\"accelerometer; autoplay; clipboard-write; encrypted-media; gyroscope; picture-in-picture; web-share\" referrerpolicy=\"strict-origin-when-cross-origin\" allowfullscreen><\/iframe><\/p>\n","protected":false},"excerpt":{"rendered":"<p>L&rsquo;internet abolit les fronti\u00e8res et nous permet de d\u00e9couvrir ce qui semblait loin de nos vies il y a quelques ann\u00e9es : dans un premier temps, l&rsquo;Agence France-Presse nous montre le prix que paient les travailleurs de la sant\u00e9 lorsque le virus de la COVID-19 devient hors de contr\u00f4le ; dans un deuxi\u00e8me temps, je &hellip; <a href=\"https:\/\/cimbcc.org\/test2\/la-couleur-de-lannee-2020\/\" class=\"more-link\">Continuer la lecture de <span class=\"screen-reader-text\">La couleur de l&rsquo;ann\u00e9e 2020<\/span>  <span class=\"meta-nav\">&rarr;<\/span><\/a><\/p>\n","protected":false},"author":43,"featured_media":0,"comment_status":"open","ping_status":"closed","sticky":false,"template":"","format":"standard","meta":{"footnotes":""},"categories":[12],"tags":[1363,1364,348,1367,1182,1365,333,115,349],"class_list":["post-32494","post","type-post","status-publish","format-standard","hentry","category-sites-coup-de-coeur","tag-1363","tag-1364","tag-compilation","tag-couleurs","tag-covid-19","tag-pantone","tag-psychologie","tag-video","tag-you-tube"],"_links":{"self":[{"href":"https:\/\/cimbcc.org\/test2\/wp-json\/wp\/v2\/posts\/32494","targetHints":{"allow":["GET"]}}],"collection":[{"href":"https:\/\/cimbcc.org\/test2\/wp-json\/wp\/v2\/posts"}],"about":[{"href":"https:\/\/cimbcc.org\/test2\/wp-json\/wp\/v2\/types\/post"}],"author":[{"embeddable":true,"href":"https:\/\/cimbcc.org\/test2\/wp-json\/wp\/v2\/users\/43"}],"replies":[{"embeddable":true,"href":"https:\/\/cimbcc.org\/test2\/wp-json\/wp\/v2\/comments?post=32494"}],"version-history":[{"count":39,"href":"https:\/\/cimbcc.org\/test2\/wp-json\/wp\/v2\/posts\/32494\/revisions"}],"predecessor-version":[{"id":32497,"href":"https:\/\/cimbcc.org\/test2\/wp-json\/wp\/v2\/posts\/32494\/revisions\/32497"}],"wp:attachment":[{"href":"https:\/\/cimbcc.org\/test2\/wp-json\/wp\/v2\/media?parent=32494"}],"wp:term":[{"taxonomy":"category","embeddable":true,"href":"https:\/\/cimbcc.org\/test2\/wp-json\/wp\/v2\/categories?post=32494"},{"taxonomy":"post_tag","embeddable":true,"href":"https:\/\/cimbcc.org\/test2\/wp-json\/wp\/v2\/tags?post=32494"}],"curies":[{"name":"wp","href":"https:\/\/api.w.org\/{rel}","templated":true}]}}