{"id":32825,"date":"2021-01-19T21:00:43","date_gmt":"2021-01-20T02:00:43","guid":{"rendered":"https:\/\/cimbcc.org\/test2\/?p=32825"},"modified":"2023-10-16T22:12:07","modified_gmt":"2023-10-17T02:12:07","slug":"les-moments-charnieres-de-lhistoire","status":"publish","type":"post","link":"https:\/\/cimbcc.org\/test2\/les-moments-charnieres-de-lhistoire\/","title":{"rendered":"Les moments charni\u00e8res de l\u2019Histoire"},"content":{"rendered":"<figure id=\"attachment_24158\" aria-describedby=\"caption-attachment-24158\" style=\"width: 125px\" class=\"wp-caption aligncenter\"><img loading=\"lazy\" decoding=\"async\" class=\"size-full wp-image-24158\" src=\"https:\/\/cimbcc.org\/test2\/wp-content\/uploads\/photo_gervais_richard.jpg\" alt=\"\" width=\"125\" height=\"125\" \/><figcaption id=\"caption-attachment-24158\" class=\"wp-caption-text\"><span style=\"color: #ffffff;\">mmn<\/span>Richard Gervais<\/figcaption><\/figure>\n<p style=\"text-align: justify;\">Il va sans dire que nous traversons une \u00e9poque remarquable depuis maintenant pr\u00e8s d\u2019un an. Les mesures sanitaires li\u00e9es \u00e0 la pand\u00e9mie continuent d\u2019imposer des interdictions ou des restrictions \u00e0 nos rencontres sociales. Le t\u00e9l\u00e9travail et les vid\u00e9oconf\u00e9rences dominent dans la plupart des entreprises de service, incluant votre club informatique. En cons\u00e9quence, les ventes d\u2019ordinateurs portables ont <a href=\"https:\/\/www.zdnet.fr\/actualites\/chiffres-cles-le-marche-des-pc-39380521.htm#:~:text=Ventes%20de%20PC%20dans%20le,troisi%C3%A8me%20trimestre%202019%20selon%20Gartner.\" target=\"_blank\" rel=\"noopener noreferrer\">fortement augment\u00e9 en 2020<\/a>. Au printemps dernier, nos fournisseurs d\u2019acc\u00e8s Internet comme Bell et Vid\u00e9otron nous ont m\u00eame momentan\u00e9ment fait cadeau d\u2019un volume illimit\u00e9 d\u2019octets sur Internet, ce qui n&rsquo;est plus le cas maintenant.<\/p>\n<p style=\"text-align: justify;\">C\u2019est une chose de poss\u00e9der un ordinateur et d\u2019avoir acc\u00e8s \u00e0 Internet, mais c\u2019est plus difficile de trouver du contenu m\u00e9ritant un d\u00e9tour sp\u00e9cial. Les <a href=\"https:\/\/fr.wikipedia.org\/wiki\/Algorithme\" target=\"_blank\" rel=\"noopener noreferrer\">algorithmes<\/a> utilis\u00e9s par Google sur YouTube ont tendance \u00e0 toujours nous proposer des vid\u00e9os semblables \u00e0 ce que nous avons d\u00e9j\u00e0 vu auparavant. Il peut parfois \u00eatre int\u00e9ressant de sortir des sentiers battus.<\/p>\n<p style=\"text-align: justify;\">Cet article vous parlera d\u2019Histoire, d&rsquo;une cha\u00eene YouTube et de romans historiques de Ken Follet.<\/p>\n<p><!--more--><\/p>\n<hr \/>\n<h4 style=\"text-align: justify;\"><strong>La n\u00e9cessit\u00e9 du recul historique<\/strong><\/h4>\n<p style=\"text-align: justify;\">Nos voisins am\u00e9ricains ont finalement r\u00e9ussi \u00e0 voter en suffisamment grand nombre <strong>contre<\/strong> <a href=\"https:\/\/fr.wikipedia.org\/wiki\/Donald_Trump\" target=\"_blank\" rel=\"noopener noreferrer\">Donald Trump<\/a> pour lui montrer la porte le 3 novembre dernier. Le spectacle d\u00e9solant offert par cet \u00eatre <a href=\"https:\/\/www.lapresse.ca\/international\/etats-unis\/2020-09-01\/un-documentaire-americain-decrit-trump-comme-un-narcissique-malfaisant.php\" target=\"_blank\" rel=\"noopener noreferrer\">narcissique<\/a>, <a href=\"https:\/\/www.journaldemontreal.com\/2020\/11\/10\/le-president-le-plus-amoral\" target=\"_blank\" rel=\"noopener noreferrer\">amoral et immoral<\/a> a pollu\u00e9 la <a href=\"https:\/\/fr.wikipedia.org\/wiki\/Conscience_collective\" target=\"_blank\" rel=\"noopener noreferrer\">conscience collective<\/a> depuis cinq ans. Il a d\u00e9montr\u00e9 des points communs avec des dirigeants autoritaires comme <a href=\"https:\/\/fr.wikipedia.org\/wiki\/Vladimir_Poutine\" target=\"_blank\" rel=\"noopener noreferrer\">Poutine<\/a> (Russie), <a href=\"https:\/\/fr.wikipedia.org\/wiki\/Rodrigo_Duterte\" target=\"_blank\" rel=\"noopener noreferrer\">Duterte<\/a> (Philippines), <a href=\"https:\/\/fr.wikipedia.org\/wiki\/Recep_Tayyip_Erdo%C4%9Fan\" target=\"_blank\" rel=\"noopener noreferrer\">Erdogan<\/a> (Turquie), <a href=\"https:\/\/fr.wikipedia.org\/wiki\/Narendra_Modi\" target=\"_blank\" rel=\"noopener noreferrer\">Modi<\/a> (Inde) et <a href=\"https:\/\/fr.wikipedia.org\/wiki\/Kim_Jong-un\" target=\"_blank\" rel=\"noopener noreferrer\">Kim Jong-Un<\/a> (Cor\u00e9e du Nord).<\/p>\n<p style=\"text-align: justify;\">Le dictionnaire Robert d\u00e9finit la <a href=\"https:\/\/fr.wikipedia.org\/wiki\/D%C3%A9mocratie\" target=\"_blank\" rel=\"noopener noreferrer\">d\u00e9mocratie<\/a> comme une \u00ab\u00a0<em>forme de gouvernement dans laquelle la souverainet\u00e9 appartient au peuple\u00a0<\/em>\u00bb. Le jeu d\u00e9mocratique implique toutefois des \u00e9lections o\u00f9 les politiciens respectent le choix des urnes. Durant sa campagne, Trump n\u2019a cess\u00e9 de pr\u00e9parer sa d\u00e9faite en d\u00e9nigrant la validit\u00e9 du processus \u00e9lectoral am\u00e9ricain. Son attitude de mauvais perdant atteint des sommets disgracieux qui seraient intol\u00e9rables m\u00eame chez un enfant en bas \u00e2ge.<\/p>\n<p style=\"text-align: justify;\">En plus d\u2019\u00eatre un mauvais joueur, ce <a href=\"https:\/\/quid.ma\/international\/un-million-de-livres-de-la-niece-de-trump,-menteur-pathologique-et-personnage-na\" target=\"_blank\" rel=\"noopener noreferrer\">menteur pathologique<\/a> a r\u00e9gurgit\u00e9 des fausset\u00e9s aval\u00e9es par les adeptes de son <a href=\"https:\/\/fr.wikipedia.org\/wiki\/Culte_de_la_personnalit%C3%A9\" target=\"_blank\" rel=\"noopener noreferrer\">culte de la personnalit\u00e9<\/a>. Sa rh\u00e9torique incendiaire a lanc\u00e9 une meute arm\u00e9e contre le <a href=\"https:\/\/fr.wikipedia.org\/wiki\/Capitole_des_%C3%89tats-Unis\" target=\"_blank\" rel=\"noopener noreferrer\">Capitole des \u00c9tats-Unis<\/a> le <a href=\"https:\/\/fr.wikipedia.org\/wiki\/Assaut_du_Capitole_des_%C3%89tats-Unis_par_des_partisans_de_Donald_Trump\" target=\"_blank\" rel=\"noopener noreferrer\">6 janvier dernier<\/a>. Cet assaut mont\u00e9 par ses fid\u00e8les nous a illustr\u00e9 une tendance antid\u00e9mocratique tr\u00e8s dangereuse.<\/p>\n<p style=\"text-align: justify;\">Apr\u00e8s le soul\u00e8vement rat\u00e9 contre le Capitole, Trump a \u00e9t\u00e9 <a href=\"https:\/\/ici.radio-canada.ca\/nouvelle\/1762295\/reseaux-sociaux-trump-banni-twitter-facebook-instagram-twitch-snapchat\" target=\"_blank\" rel=\"noopener noreferrer\">bloqu\u00e9 dans les m\u00e9dias sociaux<\/a>, notamment Facebook et Twitter o\u00f9 il s\u00e9vissait sans filtre depuis plusieurs ann\u00e9es. Le dessinateur <a href=\"https:\/\/fr.wikipedia.org\/wiki\/Fr%C3%A9d%C3%A9ric_Deligne\" target=\"_blank\" rel=\"noopener noreferrer\">Fr\u00e9d\u00e9ric Deligne<\/a> a bien r\u00e9sum\u00e9 son retrait forc\u00e9 des plateformes num\u00e9riques dans la caricature suivante.<\/p>\n<figure id=\"attachment_32858\" aria-describedby=\"caption-attachment-32858\" style=\"width: 1231px\" class=\"wp-caption aligncenter\"><img loading=\"lazy\" decoding=\"async\" class=\"size-full wp-image-32858\" src=\"https:\/\/cimbcc.org\/test2\/wp-content\/uploads\/chip_2021_01_20_histoire_2.jpg\" alt=\"\" width=\"1231\" height=\"1516\" srcset=\"https:\/\/cimbcc.org\/test2\/wp-content\/uploads\/chip_2021_01_20_histoire_2.jpg 1231w, https:\/\/cimbcc.org\/test2\/wp-content\/uploads\/chip_2021_01_20_histoire_2-244x300.jpg 244w, https:\/\/cimbcc.org\/test2\/wp-content\/uploads\/chip_2021_01_20_histoire_2-831x1024.jpg 831w, https:\/\/cimbcc.org\/test2\/wp-content\/uploads\/chip_2021_01_20_histoire_2-768x946.jpg 768w\" sizes=\"auto, (max-width: 1231px) 100vw, 1231px\" \/><figcaption id=\"caption-attachment-32858\" class=\"wp-caption-text\"><a href=\"https:\/\/fr-fr.facebook.com\/fredericDeligne\/photos\/a.220167874714621\/3905675406163831\/?type=3&amp;theater\" target=\"_blank\" rel=\"noopener noreferrer\">Caricature de Deligne publi\u00e9e le 11 janvier 2021<\/a><\/figcaption><\/figure>\n<p style=\"text-align: justify;\">Il reste maintenant \u00e0 savoir quel sera l\u2019impact v\u00e9ritable de Trump dans l\u2019Histoire des \u00c9tats-Unis. Pour cela, nous manquons encore de recul historique pour bien juger son <a href=\"https:\/\/www.lemonde.fr\/idees\/article\/2020\/11\/24\/etats-unis-apres-donald-trump-le-deluge_6060915_3232.html\" target=\"_blank\" rel=\"noopener noreferrer\">legs politique<\/a>.<\/p>\n<p style=\"text-align: justify;\">Toutefois, avec <a href=\"https:\/\/www.worldometers.info\/coronavirus\/country\/us\/\" target=\"_blank\" rel=\"noopener noreferrer\">plus de 400 000 morts<\/a> au moment de la parution de cet article, sa <a href=\"https:\/\/www.futura-sciences.com\/sante\/actualites\/pandemie-gestion-covid-19-journaux-scientifiques-melent-elections-presidentielles-83481\/\" target=\"_blank\" rel=\"noopener noreferrer\">gestion catastrophique<\/a> de la pand\u00e9mie s\u2019inscrira certainement dans l&rsquo;histoire m\u00e9dicale comme l\u2019exemple \u00e0 ne pas suivre. Cette autre caricature de Trump illustrant son manque de leadership et de vision avait d\u00e9j\u00e0 \u00e9t\u00e9 publi\u00e9e dans un <a href=\"https:\/\/cimbcc.org\/test2\/informations-supplementaires-au-sujet-du-coronavirus-covid-19\" target=\"_blank\" rel=\"noopener noreferrer\">article du CHIP du 14 mars 2020<\/a>.<\/p>\n<figure id=\"attachment_29287\" aria-describedby=\"caption-attachment-29287\" style=\"width: 700px\" class=\"wp-caption aligncenter\"><img loading=\"lazy\" decoding=\"async\" class=\"size-full wp-image-29287\" src=\"https:\/\/cimbcc.org\/test2\/wp-content\/uploads\/chip_2020_03_14_trump_n95.jpg\" alt=\"\" width=\"700\" height=\"953\" srcset=\"https:\/\/cimbcc.org\/test2\/wp-content\/uploads\/chip_2020_03_14_trump_n95.jpg 700w, https:\/\/cimbcc.org\/test2\/wp-content\/uploads\/chip_2020_03_14_trump_n95-220x300.jpg 220w\" sizes=\"auto, (max-width: 700px) 100vw, 700px\" \/><figcaption id=\"caption-attachment-29287\" class=\"wp-caption-text\">Donald J. Trump, selon la couverture du New Yorker du 9 mars 2020<\/figcaption><\/figure>\n<hr \/>\n<h4 style=\"text-align: justify;\"><strong>Les moments charni\u00e8res<\/strong><\/h4>\n<p style=\"text-align: justify;\">Le <a href=\"https:\/\/fr.wikipedia.org\/wiki\/Wiktionnaire\" target=\"_blank\" rel=\"noopener noreferrer\">Wiktionnaire<\/a> d\u00e9finit un <a href=\"https:\/\/fr.wiktionary.org\/wiki\/moment_charni%C3%A8re\" target=\"_blank\" rel=\"noopener noreferrer\">moment charni\u00e8re<\/a> comme \u00ab <em>un moment dans le temps ou l\u2019histoire lors duquel des changements importants s\u2019op\u00e8rent<\/em>\u00a0\u00bb. Il est parfois impossible de prendre conscience de ces instants en m\u00eame temps qu\u2019ils se produisent. Cela prend du recul pour les identifier.<\/p>\n<p style=\"text-align: justify;\">Il y a quelques ann\u00e9es, c\u2019\u00e9tait le centenaire de la <a href=\"https:\/\/fr.wikipedia.org\/wiki\/Premi%C3%A8re_Guerre_mondiale\" target=\"_blank\" rel=\"noopener noreferrer\">Premi\u00e8re Guerre mondiale<\/a> (1914-1918). J\u2019ai alors d\u00e9cid\u00e9 d\u2019am\u00e9liorer ma compr\u00e9hension de ce conflit ayant caus\u00e9 la mort de 9,7 millions de militaires et de 8,9 millions de civils. Ce n\u2019est pas n\u00e9cessairement une t\u00e2che facile en raison du si\u00e8cle d&rsquo;\u00e9cart nous s\u00e9parant de ces \u00e9v\u00e9nements et la disparition de nombreux protagonistes comme les empires <a href=\"https:\/\/fr.wikipedia.org\/wiki\/Empire_allemand\" target=\"_blank\" rel=\"noopener noreferrer\">allemand<\/a>, <a href=\"https:\/\/fr.wikipedia.org\/wiki\/Empire_russe\" target=\"_blank\" rel=\"noopener noreferrer\">russe<\/a>, <a href=\"https:\/\/fr.wikipedia.org\/wiki\/Autriche-Hongrie\" target=\"_blank\" rel=\"noopener noreferrer\">austro-hongrois<\/a> et <a href=\"https:\/\/fr.wikipedia.org\/wiki\/Empire_ottoman\" target=\"_blank\" rel=\"noopener noreferrer\">ottoman<\/a>. Il devient difficile de suivre les p\u00e9rip\u00e9ties de ces combats lorsque les noms de villes et de pays changent au fil des guerres et des r\u00e9volutions.<\/p>\n<figure id=\"attachment_32843\" aria-describedby=\"caption-attachment-32843\" style=\"width: 785px\" class=\"wp-caption aligncenter\"><img loading=\"lazy\" decoding=\"async\" class=\"size-full wp-image-32843\" src=\"https:\/\/cimbcc.org\/test2\/wp-content\/uploads\/chip_2021_01_20_histoire_1.jpg\" alt=\"\" width=\"785\" height=\"599\" srcset=\"https:\/\/cimbcc.org\/test2\/wp-content\/uploads\/chip_2021_01_20_histoire_1.jpg 785w, https:\/\/cimbcc.org\/test2\/wp-content\/uploads\/chip_2021_01_20_histoire_1-300x229.jpg 300w, https:\/\/cimbcc.org\/test2\/wp-content\/uploads\/chip_2021_01_20_histoire_1-768x586.jpg 768w\" sizes=\"auto, (max-width: 785px) 100vw, 785px\" \/><figcaption id=\"caption-attachment-32843\" class=\"wp-caption-text\"><a href=\"https:\/\/commons.wikimedia.org\/wiki\/File:Cheshire_Regiment_trench_Somme_1916.jpg\" target=\"_blank\" rel=\"noopener noreferrer\">Soldats britanniques occupant une tranch\u00e9e prise aux Allemands pendant la bataille de la Somme en juillet 1916<\/a><\/figcaption><\/figure>\n<p style=\"text-align: justify;\">Pour ce qui est de la Premi\u00e8re Guerre mondiale, j\u2019ai beaucoup aim\u00e9 <a href=\"https:\/\/www.youtube.com\/watch?v=vVUI9oPWat8\" target=\"_blank\" rel=\"noopener noreferrer\"><strong>cet expos\u00e9<\/strong><\/a> de la cha\u00eene YouTube <em><strong>Histoire G\u00e9o<\/strong>.<\/em> Cela dure seulement une quinzaine de minutes, mais il y a \u00e9norm\u00e9ment d&rsquo;informations \u00e0 apprendre en l&rsquo;\u00e9coutant. Cet affreux conflit arm\u00e9 s\u2019est termin\u00e9 par le <a href=\"https:\/\/fr.wikipedia.org\/wiki\/Trait%C3%A9_de_Versailles\" target=\"_blank\" rel=\"noopener noreferrer\">trait\u00e9 de Versailles<\/a>.<\/p>\n<p style=\"text-align: justify;\">Tout comme il y a de mauvais perdants comme Trump, il existe aussi de mauvais gagnants. L\u2019Angleterre et surtout la France impos\u00e8rent des conditions tellement oppressantes \u00e0 l\u2019Allemagne que la Seconde Guerre mondiale \u00e9tait presque d\u00e9j\u00e0 inscrite dans l\u2019encre du trait\u00e9 de Versailles. Ce document dat\u00e9 de 1919 constitue donc un <strong>moment charni\u00e8re<\/strong> du XXe si\u00e8cle. Une p\u00e9riode de 20 ans a \u00e9t\u00e9 n\u00e9cessaire pour aboutir \u00e0 sa suite logique, soit le conflit d\u00e9clench\u00e9 par <a href=\"https:\/\/fr.wikipedia.org\/wiki\/Hitler\" target=\"_blank\" rel=\"noopener noreferrer\">Hitler<\/a> en 1939, la <a href=\"https:\/\/fr.wikipedia.org\/wiki\/Seconde_Guerre_mondiale\" target=\"_blank\" rel=\"noopener noreferrer\">Seconde Guerre mondiale<\/a> avec ses 62 millions de morts.<\/p>\n<p style=\"text-align: justify;\">Tant qu\u2019\u00e0 visiter la cha\u00eene <strong><em>Histoire G\u00e9o<\/em><\/strong>, je vous recommande d\u2019\u00e9couter aussi cet <a href=\"https:\/\/www.youtube.com\/watch?v=GXP_K03vWFM\" target=\"_blank\" rel=\"noopener noreferrer\"><strong>expos\u00e9<\/strong><\/a> sur la guerre de Sept Ans. Le <a href=\"https:\/\/fr.wikipedia.org\/wiki\/Trait%C3%A9_de_Paris_(1763)\" target=\"_blank\" rel=\"noopener noreferrer\">trait\u00e9 de Paris de 1763<\/a> a scell\u00e9 la fin de la pr\u00e9sence de la m\u00e9tropole fran\u00e7aise en Am\u00e9rique du Nord. L\u2019histoire du Qu\u00e9bec ne constitue toutefois qu\u2019une petite note de bas de page de cette <a href=\"https:\/\/fr.wikipedia.org\/wiki\/Guerre_de_Sept_Ans\" target=\"_blank\" rel=\"noopener noreferrer\">guerre de Sept Ans<\/a>.<\/p>\n<hr \/>\n<h4><strong>Pour les adeptes de romans historiques<\/strong><\/h4>\n<p style=\"text-align: justify;\">Si vous avez le go\u00fbt de mieux comprendre les causes et les cons\u00e9quences des guerres du vingti\u00e8me si\u00e8cle tout en vous divertissant, je vous sugg\u00e8re la lecture de la trilogie de <a href=\"https:\/\/fr.wikipedia.org\/wiki\/Ken_Follett\" target=\"_blank\" rel=\"noopener noreferrer\">Ken Follet<\/a> sur le vingti\u00e8me si\u00e8cle.<\/p>\n<p style=\"text-align: justify;\">Ces trois romans d\u00e9crivent les joies et les malheurs des membres de familles am\u00e9ricaines, anglaises, allemandes et russes \u00e0 travers la <a href=\"https:\/\/fr.wikipedia.org\/wiki\/Premi%C3%A8re_Guerre_mondiale\" target=\"_blank\" rel=\"noopener noreferrer\">Premi\u00e8re Guerre mondiale<\/a>, la <a href=\"https:\/\/fr.wikipedia.org\/wiki\/Seconde_Guerre_mondiale\" target=\"_blank\" rel=\"noopener noreferrer\">Seconde Guerre mondiale<\/a> et la <a href=\"https:\/\/fr.wikipedia.org\/wiki\/Guerre_froide\" target=\"_blank\" rel=\"noopener noreferrer\">Guerre froide<\/a>, tout en expliquant les causes et les s\u00e9quelles des trois guerres. Les livres expliquent les raisons qui ont pouss\u00e9 les pays \u00e0 entrer en guerre, tout en nous montrant les retomb\u00e9es de ces d\u00e9cisions sur monsieur et madame tout le monde.<\/p>\n<p style=\"text-align: justify;\">Les titres des trois livres sont :<\/p>\n<ul style=\"text-align: justify;\">\n<li style=\"list-style-type: none;\">\n<ul>\n<li><a href=\"https:\/\/fr.wikipedia.org\/wiki\/La_Chute_des_g%C3%A9ants\" target=\"_blank\" rel=\"noopener noreferrer\">La Chute des g\u00e9ants<\/a>;<\/li>\n<li><a href=\"https:\/\/fr.wikipedia.org\/wiki\/L%27Hiver_du_monde\" target=\"_blank\" rel=\"noopener noreferrer\">L&rsquo;Hiver du monde<\/a>;<\/li>\n<li><a href=\"https:\/\/fr.wikipedia.org\/wiki\/Aux_portes_de_l%27%C3%A9ternit%C3%A9\" target=\"_blank\" rel=\"noopener noreferrer\">Aux portes de l&rsquo;\u00e9ternit\u00e9<\/a>.<\/li>\n<\/ul>\n<\/li>\n<\/ul>\n<p style=\"text-align: justify;\">Pourquoi ne pas profiter du confinement pour s&rsquo;informer tout en se divertissant? Les livres sont d&rsquo;autant plus int\u00e9ressants qu&rsquo;on y d\u00e9couvre des parall\u00e8les troublants entre les perturbations de notre \u00e9poque et les causes ainsi que les r\u00e9percussions des trois guerres du vingti\u00e8me si\u00e8cle.<\/p>\n<hr \/>\n<p style=\"text-align: justify;\">Je tiens \u00e0 remercier Michel Gagn\u00e9 qui m&rsquo;a fourni le texte de la section pr\u00e9c\u00e9dente en lien avec les romans historiques de Ken Follet.<\/p>\n<p style=\"text-align: justify;\">Je vous souhaite des d\u00e9couvertes int\u00e9ressantes au cours des prochaines semaines alors que les activit\u00e9s de votre Club informatique reprennent pour la session d\u2019hiver.<\/p>\n<p style=\"text-align: justify;\">Richard Gervais<\/p>\n<hr \/>\n<h4>Note de l&rsquo;\u00e9diteur<\/h4>\n<p style=\"text-align: justify;\">Sous l&rsquo;onglet \u00ab <a href=\"https:\/\/cimbcc.org\/test2\/le-club-2\" target=\"_blank\" rel=\"noopener noreferrer\">\u00c0 propos<\/a> \u00bb sur la page d&rsquo;accueil du site Web du CIMBCC, vous pouvez trouver \u00ab <a href=\"https:\/\/cimbcc.org\/test2\/le-club-2\/la-mission-et-la-politique\" target=\"_blank\" rel=\"noopener noreferrer\">Notre mission et notre politique<\/a> \u00bb. Il y est dit que \u00ab <em>Le Club informatique Mont-Bruno observe une neutralit\u00e9 politique et religieuse ainsi qu\u2019une neutralit\u00e9 commerciale dans les domaines de l\u2019informatique et des communications<\/em> \u00bb.<\/p>\n<p style=\"text-align: justify;\">En tant qu&rsquo;\u00e9diteur du blogue et auteur de l&rsquo;article que vous venez de lire, je dois vous assurer que les termes qualifiant l&rsquo;ancien pr\u00e9sident Trump sont bas\u00e9s sur des sources cr\u00e9dibles. Il ne s&rsquo;agit pas seulement de mes opinions comme le d\u00e9montrent, entre autres, les r\u00e9f\u00e9rences suivantes :<\/p>\n<ul>\n<li style=\"text-align: justify;\"><strong>narcissique<\/strong> &#8211; l&rsquo;<em>Agence France-Presse (AFP)<\/em> est cit\u00e9e dans <a href=\"https:\/\/www.lapresse.ca\/international\/etats-unis\/2020-09-01\/un-documentaire-americain-decrit-trump-comme-un-narcissique-malfaisant.php\" target=\"_blank\" rel=\"noopener noreferrer\"><em>La Presse<\/em> du 1er septembre 2020<\/a>;<\/li>\n<li style=\"text-align: justify;\"><strong>amoral et immoral<\/strong> &#8211; Denise Bombardier dans un <a href=\"https:\/\/www.journaldemontreal.com\/2020\/11\/10\/le-president-le-plus-amoral\" target=\"_blank\" rel=\"noopener noreferrer\">article du Journal de Montr\u00e9al du 10 novembre 2020<\/a>;<\/li>\n<li style=\"text-align: justify;\"><strong>menteur pathologique<\/strong> &#8211; Mary L. Trump dans son livre <a href=\"https:\/\/fr.wikipedia.org\/wiki\/Trop_et_jamais_assez\" target=\"_blank\" rel=\"noopener noreferrer\"><em>Trop et jamais assez<\/em><\/a> dans un <a href=\"https:\/\/quid.ma\/international\/un-million-de-livres-de-la-niece-de-trump,-menteur-pathologique-et-personnage-na\" target=\"_blank\" rel=\"noopener noreferrer\">article du site Web Quid du 17 juillet 2020<\/a>;<\/li>\n<li style=\"text-align: justify;\"><strong>gestionnaire catastrophique de la COVID-19<\/strong> &#8211; \u00e9ditoriaux de <em>Nature<\/em>, du <em>British Medical Journal <\/em>et du <em>New England Journal of Medecine<\/em>\u00a0cit\u00e9s par le <a href=\"https:\/\/www.futura-sciences.com\/sante\/actualites\/pandemie-gestion-covid-19-journaux-scientifiques-melent-elections-presidentielles-83481\/\" target=\"_blank\" rel=\"noopener noreferrer\">site Web de Futura-Sciences<\/a>;<\/li>\n<li style=\"text-align: justify;\"><strong>banni des r\u00e9seaux sociaux<\/strong> &#8211; une autre <a href=\"https:\/\/ici.radio-canada.ca\/nouvelle\/1762295\/reseaux-sociaux-trump-banni-twitter-facebook-instagram-twitch-snapchat\" target=\"_blank\" rel=\"noopener noreferrer\">citation de l&rsquo;<em>AFP<\/em> par <em>La Presse<\/em> du 11 janvier 2021<\/a>.<\/li>\n<\/ul>\n<p style=\"text-align: justify;\">Il est important de d\u00e9noncer la <a href=\"https:\/\/fr.wikipedia.org\/wiki\/D%C3%A9sinformation\" target=\"_blank\" rel=\"noopener noreferrer\">d\u00e9sinformation<\/a> dont nous avons \u00e9t\u00e9 victimes depuis quelques ann\u00e9es. Trump n&rsquo;a pas cess\u00e9 de colporter des <a href=\"https:\/\/fr.wikipedia.org\/wiki\/Fake_news\" target=\"_blank\" rel=\"noopener noreferrer\"><em>Fake News<\/em><\/a> m\u00eame lorsque la vie de ses concitoyens \u00e9tait en jeu. Le Qu\u00e9bec a aussi souffert de ce genre de fausses nouvelles <a href=\"https:\/\/fr.wikipedia.org\/wiki\/D%C3%A9sinformation_sur_la_pand%C3%A9mie_de_Covid-19\" target=\"_blank\" rel=\"noopener noreferrer\">en lien avec la COVID-19<\/a>.<\/p>\n<p style=\"text-align: justify;\">La mission du CIMBCC est d&rsquo;offrir \u00ab <em>un cadre pour le partage de connaissances et l\u2019entraide en informatique<\/em> \u00bb et non d&rsquo;\u00e9mettre des opinions politiques. Malgr\u00e9 cette r\u00e9serve, la fin de la pr\u00e9sidence Trump s&rsquo;inscrira probablement comme un moment charni\u00e8re du si\u00e8cle actuel avec la mention d&rsquo;un bon d\u00e9barras. Cet article n&rsquo;a que relat\u00e9 des faits que nous avons pu observer depuis trop longtemps sur nos \u00e9crans de t\u00e9l\u00e9vision et d&rsquo;ordinateur.<\/p>\n<p>R. G.<\/p>\n","protected":false},"excerpt":{"rendered":"<p>Il va sans dire que nous traversons une \u00e9poque remarquable depuis maintenant pr\u00e8s d\u2019un an. Les mesures sanitaires li\u00e9es \u00e0 la pand\u00e9mie continuent d\u2019imposer des interdictions ou des restrictions \u00e0 nos rencontres sociales. Le t\u00e9l\u00e9travail et les vid\u00e9oconf\u00e9rences dominent dans la plupart des entreprises de service, incluant votre club informatique. En cons\u00e9quence, les ventes d\u2019ordinateurs &hellip; <a href=\"https:\/\/cimbcc.org\/test2\/les-moments-charnieres-de-lhistoire\/\" class=\"more-link\">Continuer la lecture de <span class=\"screen-reader-text\">Les moments charni\u00e8res de l\u2019Histoire<\/span>  <span class=\"meta-nav\">&rarr;<\/span><\/a><\/p>\n","protected":false},"author":43,"featured_media":0,"comment_status":"open","ping_status":"closed","sticky":false,"template":"","format":"standard","meta":{"footnotes":""},"categories":[12],"tags":[1388,1086,847,1391,144,1384,1386,1383,1385,1382,1387,349],"class_list":["post-32825","post","type-post","status-publish","format-standard","hentry","category-sites-coup-de-coeur","tag-chaines","tag-desinformation","tag-fake-news","tag-guerres","tag-histoire","tag-histoire-geo","tag-ken-follet","tag-moments-charnieres","tag-romans","tag-trump","tag-vingtieme-siecle","tag-you-tube"],"_links":{"self":[{"href":"https:\/\/cimbcc.org\/test2\/wp-json\/wp\/v2\/posts\/32825","targetHints":{"allow":["GET"]}}],"collection":[{"href":"https:\/\/cimbcc.org\/test2\/wp-json\/wp\/v2\/posts"}],"about":[{"href":"https:\/\/cimbcc.org\/test2\/wp-json\/wp\/v2\/types\/post"}],"author":[{"embeddable":true,"href":"https:\/\/cimbcc.org\/test2\/wp-json\/wp\/v2\/users\/43"}],"replies":[{"embeddable":true,"href":"https:\/\/cimbcc.org\/test2\/wp-json\/wp\/v2\/comments?post=32825"}],"version-history":[{"count":67,"href":"https:\/\/cimbcc.org\/test2\/wp-json\/wp\/v2\/posts\/32825\/revisions"}],"predecessor-version":[{"id":32917,"href":"https:\/\/cimbcc.org\/test2\/wp-json\/wp\/v2\/posts\/32825\/revisions\/32917"}],"wp:attachment":[{"href":"https:\/\/cimbcc.org\/test2\/wp-json\/wp\/v2\/media?parent=32825"}],"wp:term":[{"taxonomy":"category","embeddable":true,"href":"https:\/\/cimbcc.org\/test2\/wp-json\/wp\/v2\/categories?post=32825"},{"taxonomy":"post_tag","embeddable":true,"href":"https:\/\/cimbcc.org\/test2\/wp-json\/wp\/v2\/tags?post=32825"}],"curies":[{"name":"wp","href":"https:\/\/api.w.org\/{rel}","templated":true}]}}