{"id":32955,"date":"2021-01-26T20:00:21","date_gmt":"2021-01-27T01:00:21","guid":{"rendered":"https:\/\/cimbcc.org\/test2\/?p=32955"},"modified":"2023-10-16T22:12:07","modified_gmt":"2023-10-17T02:12:07","slug":"reseaux-sociaux-et-sante-mentale","status":"publish","type":"post","link":"https:\/\/cimbcc.org\/test2\/reseaux-sociaux-et-sante-mentale\/","title":{"rendered":"R\u00e9seaux sociaux et sant\u00e9 mentale"},"content":{"rendered":"<figure id=\"attachment_24082\" aria-describedby=\"caption-attachment-24082\" style=\"width: 125px\" class=\"wp-caption aligncenter\"><img loading=\"lazy\" decoding=\"async\" class=\"size-full wp-image-24082\" src=\"https:\/\/cimbcc.org\/test2\/wp-content\/uploads\/photo_couture_francine.jpg\" alt=\"\" width=\"125\" height=\"125\" \/><figcaption id=\"caption-attachment-24082\" class=\"wp-caption-text\"><span style=\"color: #ffffff;\">mim<\/span>Francine Couture<\/figcaption><\/figure>\n<p style=\"text-align: justify;\">Titre \u00e9tonnant, pourtant, depuis 2010, Bell interpelle les internautes pour parler de sant\u00e9 mentale et financer des projets en lien avec la sant\u00e9 mentale. <strong>La Journ\u00e9e Bell cause pour la cause qui aura lieu le <span style=\"color: #ff0000;\">28\u00a0janvier<\/span> fait appel \u00e0 nous.<\/strong><\/p>\n<p><!--more--><\/p>\n<p style=\"text-align: justify;\"><em>\u00ab En septembre 2010, <a href=\"https:\/\/cause.bell.ca\/fr\/\" target=\"_blank\" rel=\"noopener noreferrer\"><strong>Bell Cause pour la cause<\/strong><\/a> a amorc\u00e9 une nouvelle conversation sur la sant\u00e9 mentale au Canada. Misant sur une d\u00e9cennie de sensibilisation et d\u2019acceptation accrues de la sant\u00e9 mentale, Bell Cause pour la cause encourage les Canadiens \u00e0 poser des gestes pour cr\u00e9er un changement positif en mati\u00e8re de sant\u00e9 mentale.<\/em><\/p>\n<p style=\"text-align: justify;\"><em>Au mois de mars 2020, Bell a annonc\u00e9 la prolongation de l\u2019initiative Bell Cause pour la cause pour une nouvelle p\u00e9riode de 5 ans et une augmentation de l\u2019engagement financier total de Bell pour la sant\u00e9 mentale au Canada \u00e0 155 millions de dollars. \u00bb (<a href=\"https:\/\/cause.bell.ca\/fr\/nos-initiatives\/#:~:text=Au%20mois%20de%20mars%202020,%C3%A0%20155%20millions%20de%20dollars.\" target=\"_blank\" rel=\"noopener noreferrer\">R\u00e9f\u00e9rence<\/a>)<\/em><\/p>\n<p>La <strong>Journ\u00e9e <a href=\"https:\/\/cause.bell.ca\/fr\/\" target=\"_blank\" rel=\"noopener noreferrer\">Bell cause pour la cause<\/a><\/strong> fait partie de ces initiatives.<\/p>\n<hr \/>\n<h4><strong>Durant la Journ\u00e9e <a href=\"https:\/\/cause.bell.ca\/fr\/\" target=\"_blank\" rel=\"noopener noreferrer\">Bell Cause pour la cause<\/a>, faisons en sorte que chacun de ces gestes compte<\/strong><\/h4>\n<ul>\n<li style=\"text-align: justify;\"><strong><a href=\"https:\/\/twitter.com\/?lang=fr\" target=\"_blank\" rel=\"noopener noreferrer\">Twitter<\/a><\/strong><\/li>\n<\/ul>\n<p style=\"text-align: justify;\">Chaque fois que vous regardez notre <strong>vid\u00e9o officielle<\/strong> ou tweetez et retweetez en utilisant le mot-clic <strong>#BellCause<\/strong>, Bell versera 5\u00a0cents de plus pour des initiatives en sant\u00e9 mentale.<\/p>\n<ul style=\"text-align: justify;\">\n<li><a href=\"https:\/\/fr-ca.facebook.com\/\" target=\"_blank\" rel=\"noopener noreferrer\"><strong>Facebook<\/strong><\/a><\/li>\n<\/ul>\n<p style=\"text-align: justify;\">Chaque fois que vous regardez notre <strong>vid\u00e9o officielle<\/strong> ou utilisez le <strong>cadre Facebook Bell Cause pour la cause<\/strong>, Bell versera 5\u00a0cents de plus pour des initiatives en sant\u00e9 mentale.<\/p>\n<ul style=\"text-align: justify;\">\n<li><a href=\"https:\/\/www.instagram.com\/?hl=fr\" target=\"_blank\" rel=\"noopener noreferrer\"><strong>Instagram<\/strong><\/a><\/li>\n<\/ul>\n<p style=\"text-align: justify;\">Chaque fois que vous regardez notre <strong>vid\u00e9o officielle<\/strong> sur Instagram, Bell versera 5\u00a0cents de plus pour des initiatives en sant\u00e9 mentale.<\/p>\n<ul style=\"text-align: justify;\">\n<li><a href=\"https:\/\/accounts.snapchat.com\/accounts\/login?continue=https%3A%2F%2Faccounts.snapchat.com%2Faccounts%2Fwelcome\" target=\"_blank\" rel=\"noopener noreferrer\"><strong>Snapchat<\/strong><\/a><\/li>\n<\/ul>\n<p style=\"text-align: justify;\">Chaque fois que vous regardez notre <strong>vid\u00e9o officielle<\/strong> ou utilisez le <strong>filtre Snapchat Bell Cause pour la cause<\/strong>, Bell versera 5\u00a0cents de plus pour des initiatives en sant\u00e9 mentale.<\/p>\n<ul style=\"text-align: justify;\">\n<li><a href=\"https:\/\/www.youtube.com\/\" target=\"_blank\" rel=\"noopener noreferrer\"><strong>YouTube<\/strong><\/a><\/li>\n<\/ul>\n<p style=\"text-align: justify;\">Chaque fois que vous regardez notre <strong>vid\u00e9o officielle<\/strong> sur YouTube, Bell versera 5\u00a0cents de plus pour des initiatives en sant\u00e9 mentale.<\/p>\n<ul style=\"text-align: justify;\">\n<li><a href=\"https:\/\/www.tiktok.com\/fr\/\" target=\"_blank\" rel=\"noopener noreferrer\"><strong>TikTok<\/strong><\/a><\/li>\n<\/ul>\n<p style=\"text-align: justify;\">Chaque fois que vous <strong>t\u00e9l\u00e9chargez une vid\u00e9o en utilisant le mot-clic #BellCause<\/strong> ou que vous regardez notre <strong>vid\u00e9o officielle<\/strong> sur TikTok, Bell versera 5\u00a0cents de plus pour des initiatives en sant\u00e9 mentale.<\/p>\n<ul style=\"text-align: justify;\">\n<li><a href=\"https:\/\/www.pinterest.com\/\" target=\"_blank\" rel=\"noopener noreferrer\"><strong>Pinterest<\/strong><\/a><\/li>\n<\/ul>\n<p style=\"text-align: justify;\">Chaque fois que vous regardez notre <strong>vid\u00e9o officielle<\/strong> sur Pinterest, Bell versera 5\u00a0cents de plus pour des initiatives en sant\u00e9 mentale.<\/p>\n<ul style=\"text-align: justify;\">\n<li><strong>Messages texte<\/strong><\/li>\n<\/ul>\n<p style=\"text-align: justify;\">Pour <strong>chaque message texte envoy\u00e9<\/strong> par les clients des services sans fil de Bell, Bell versera 5\u00a0cents de plus pour des initiatives en sant\u00e9 mentale.<\/p>\n<ul style=\"text-align: justify;\">\n<li><strong>Appels<\/strong><\/li>\n<\/ul>\n<p style=\"text-align: justify;\">Pour <strong>chaque appel fait<\/strong> par des clients des services sans fil et de t\u00e9l\u00e9phonie r\u00e9sidentielle de Bell, Bell versera 5\u00a0cents de plus pour des initiatives en sant\u00e9 mentale.<\/p>\n<hr \/>\n<h4><strong>Et le reste de l\u2019ann\u00e9e\u2026<\/strong><\/h4>\n<p>Plusieurs gestes peuvent contribuer \u00e0 soutenir la <a href=\"https:\/\/www.who.int\/topics\/mental_health\/fr\/#:~:text=La%20sant%C3%A9%20mentale%20englobe%20la,personnes%20atteintes%20de%20ces%20troubles.\" target=\"_blank\" rel=\"noopener noreferrer\">sant\u00e9 mentale<\/a> et \u00e0 renforcer nos collectivit\u00e9s pendant cette p\u00e9riode \u00e9prouvante. Parmi ces gestes, citons\u00a0:<\/p>\n<ul>\n<li>Reconna\u00eetre les signes de stress<\/li>\n<li>Prendre soin de soi<\/li>\n<li>Prendre soin des autres<\/li>\n<li>Restez en contact<\/li>\n<\/ul>\n<p>Pour plus de d\u00e9tails, veuillez <a href=\"https:\/\/cause.bell.ca\/fr\/facon-aider\" target=\"_blank\" rel=\"noopener noreferrer\">cliquer ici<\/a>.<\/p>\n<hr \/>\n<h4><strong>Pourquoi cette ann\u00e9e plus que d\u2019habitude?<\/strong><\/h4>\n<p style=\"text-align: justify;\">Alors qu\u2019en 2013-2014, <strong>2\u00a0%<\/strong> des adultes qu\u00e9b\u00e9cois vivaient une d\u00e9tresse psychologique probl\u00e9matique, <em>\u00ab au 31 mai 2020, 12 % des r\u00e9pondants (\u00e0 des sondages Web) pr\u00e9sentaient une <a href=\"https:\/\/www.journaldemontreal.com\/2020\/11\/07\/detresse-psychologique-lautre-pandemie\" target=\"_blank\" rel=\"noopener noreferrer\">d\u00e9tresse psychologique<\/a> probl\u00e9matique et 13 % avaient une perception n\u00e9gative de leur sant\u00e9 mentale. Plus du tiers disaient se sentir davantage <a href=\"https:\/\/www.quebec.ca\/sante\/problemes-de-sante\/a-z\/coronavirus-2019\/stress-anxiete-et-deprime-associes-a-la-maladie-a-coronavirus-covid-19\/\" target=\"_blank\" rel=\"noopener noreferrer\">anxieux<\/a>. \u00bb (<a href=\"https:\/\/www.inspq.qc.ca\/covid-19\/sondages-attitudes-comportements-quebecois\/sante-mentale-juillet-2020\" target=\"_blank\" rel=\"noopener noreferrer\">R\u00e9f\u00e9rence<\/a>)<\/em><\/p>\n<p style=\"text-align: justify;\">Alors, en tant que personnes int\u00e9ress\u00e9es \u00e0 l\u2019informatique, profitons de nos moments sur les r\u00e9seaux sociaux ce <span style=\"color: #ff0000;\"><strong>28\u00a0janvier<\/strong><\/span>, pour augmenter la contribution de Bell dans ses initiatives en sant\u00e9 mentale. Et si vous vous en sentez capables, soyez \u00e0 l\u2019aff\u00fbt des probl\u00e8mes de sant\u00e9 mentale dans votre entourage.<\/p>\n<p>Francine Couture, b\u00e9n\u00e9vole ayant d\u00e9j\u00e0 fait une d\u00e9pression<\/p>\n<hr \/>\n<h4>Note de l&rsquo;\u00e9diteur<\/h4>\n<p style=\"text-align: justify;\">Une <a href=\"https:\/\/www.lapresse.ca\/promotion\/2021-01-20\/rencontre-numerique\/mieux-affronter-le-stress-avec-les-conseils-de-sonia-lupien.php\" target=\"_blank\" rel=\"noopener noreferrer\">rencontre num\u00e9rique a \u00e9t\u00e9 organis\u00e9e par <em>La Presse<\/em><\/a> pour jeudi <span style=\"color: #ff0000;\"><strong>28 janvier \u00e0 20 h<\/strong><span style=\"color: #000000;\"> sur la\u00a0<a href=\"https:\/\/www.facebook.com\/LaPresseFB\/\" target=\"_blank\" rel=\"noopener noreferrer\">page Facebook de\u00a0<em>La Presse<\/em><\/a><\/span><\/span>.\u00a0Le titre est <em>\u00ab\u00a0<strong>Mieux affronter le stress avec les conseils de <\/strong><a href=\"https:\/\/sonialupien.com\/sonia-lupien-conferenciere-demystifier-le-stress\/\" target=\"_blank\" rel=\"noopener noreferrer\"><strong>Sonia Lupien<\/strong>\u00a0<\/a>\u00bb<\/em>.<\/p>\n<p style=\"text-align: justify;\">Cette derni\u00e8re est directrice du <em>Centre d\u2019\u00e9tudes sur le stress humain de l\u2019Institut universitaire en sant\u00e9 mentale<\/em> de Montr\u00e9al et professeure titulaire au D\u00e9partement de psychiatrie de l\u2019Universit\u00e9 de Montr\u00e9al.<\/p>\n","protected":false},"excerpt":{"rendered":"<p>Titre \u00e9tonnant, pourtant, depuis 2010, Bell interpelle les internautes pour parler de sant\u00e9 mentale et financer des projets en lien avec la sant\u00e9 mentale. La Journ\u00e9e Bell cause pour la cause qui aura lieu le 28\u00a0janvier fait appel \u00e0 nous.<\/p>\n","protected":false},"author":43,"featured_media":0,"comment_status":"open","ping_status":"closed","sticky":false,"template":"","format":"standard","meta":{"footnotes":""},"categories":[24],"tags":[925,926,562,927],"class_list":["post-32955","post","type-post","status-publish","format-standard","hentry","category-conseils-pratiques","tag-bell","tag-bell-cause-pour-la-cause","tag-reseaux-sociaux","tag-sante-mentale"],"_links":{"self":[{"href":"https:\/\/cimbcc.org\/test2\/wp-json\/wp\/v2\/posts\/32955","targetHints":{"allow":["GET"]}}],"collection":[{"href":"https:\/\/cimbcc.org\/test2\/wp-json\/wp\/v2\/posts"}],"about":[{"href":"https:\/\/cimbcc.org\/test2\/wp-json\/wp\/v2\/types\/post"}],"author":[{"embeddable":true,"href":"https:\/\/cimbcc.org\/test2\/wp-json\/wp\/v2\/users\/43"}],"replies":[{"embeddable":true,"href":"https:\/\/cimbcc.org\/test2\/wp-json\/wp\/v2\/comments?post=32955"}],"version-history":[{"count":10,"href":"https:\/\/cimbcc.org\/test2\/wp-json\/wp\/v2\/posts\/32955\/revisions"}],"predecessor-version":[{"id":33013,"href":"https:\/\/cimbcc.org\/test2\/wp-json\/wp\/v2\/posts\/32955\/revisions\/33013"}],"wp:attachment":[{"href":"https:\/\/cimbcc.org\/test2\/wp-json\/wp\/v2\/media?parent=32955"}],"wp:term":[{"taxonomy":"category","embeddable":true,"href":"https:\/\/cimbcc.org\/test2\/wp-json\/wp\/v2\/categories?post=32955"},{"taxonomy":"post_tag","embeddable":true,"href":"https:\/\/cimbcc.org\/test2\/wp-json\/wp\/v2\/tags?post=32955"}],"curies":[{"name":"wp","href":"https:\/\/api.w.org\/{rel}","templated":true}]}}