{"id":3365,"date":"2012-11-07T18:24:52","date_gmt":"2012-11-07T23:24:52","guid":{"rendered":"https:\/\/cimbcc.org\/test2\/?p=3365"},"modified":"2023-10-16T22:17:13","modified_gmt":"2023-10-17T02:17:13","slug":"editorial-novembre-2012-2","status":"publish","type":"post","link":"https:\/\/cimbcc.org\/test2\/editorial-novembre-2012-2\/","title":{"rendered":"\u00c9ditorial &#8211; novembre 2012"},"content":{"rendered":"<p style=\"text-align: center;\" align=\"center\"><a href=\"https:\/\/cimbcc.org\/test2\/editorial-fevrier-2013\/photo-andre-charest-editorial-2\" rel=\"attachment wp-att-5376\"><img loading=\"lazy\" decoding=\"async\" class=\"aligncenter size-full wp-image-5376\" src=\"https:\/\/cimbcc.org\/test2\/wp-content\/uploads\/Photo-Andre-Charest-Editorial1.jpg\" alt=\"Photo-Andre-Charest-Editorial\" width=\"300\" height=\"82\" \/><\/a><\/p>\n<h4 style=\"text-align: left;\" align=\"center\">Pour jeunes de 14 \u00e0 94\u00a0ans et plus<\/h4>\n<p style=\"text-align: left;\" align=\"center\"><span style=\"text-align: justify;\">Notre membre le plus \u00e2g\u00e9 a 94\u00a0ans.\u00a0<\/span><\/p>\n<p style=\"text-align: justify;\" align=\"center\">Cette ann\u00e9e nous avons deux\u00a0jeunes d\u2019\u00e2ge du secondaire. C\u2019est nouveau. Je ne me souviens pas qu\u2019on ait d\u00e9j\u00e0 pens\u00e9 \u00e0 attirer au club des jeunes du secondaire ou du coll\u00e9gial. Et pourtant, nos deux\u00a0jeunes sont l\u00e0.<\/p>\n<p style=\"text-align: justify;\" align=\"center\"><!--more--><\/p>\n<p style=\"text-align: justify;\">J\u2019ai eu l\u2019occasion de parler \u00e0 l\u2019un d\u2019eux. C\u2019est dans le Programme Loisir et culture de la Ville de Saint-Bruno qu\u2019il a appris l\u2019existence du club. Il s\u2019est inscrit. Personne ne l\u2019en a emp\u00each\u00e9.<\/p>\n<p style=\"text-align: justify;\">L\u2019arriv\u00e9e de ces deux\u00a0jeunes est une r\u00e9v\u00e9lation. Qu\u2019arriverait-il si le club se faisait un peu mieux conna\u00eetre aupr\u00e8s des jeunes du secondaire et du coll\u00e9gial? Si au lieu de deux, on avait 20, 30 ou 40\u00a0jeunes ou plus encore au club? Pourquoi pas?<\/p>\n<p style=\"text-align: justify;\">L\u2019effectif du club apr\u00e8s avoir augment\u00e9 d\u2019au moins 150\u00a0% de 2005 \u00e0 2010 semble stagner. Avec l\u2019arriv\u00e9e de jeunes, la courbe de croissance de notre effectif pourrait reprendre son cours. Est-ce souhaitable?<\/p>\n<p style=\"text-align: justify;\">J\u2019aurais sans doute des r\u00e9ponses contradictoires \u00e0 cette question. Je me souviens encore des membres qui voulaient mettre un frein \u00e0 la croissance de notre effectif quand nous avons pass\u00e9 la barre des 200\u00a0membres. Heureusement, la direction du club ne les a pas \u00e9cout\u00e9s. Il est presque certain que l\u2019effectif du club d\u00e9passera pour une troisi\u00e8me\u00a0ann\u00e9e les 500\u00a0membres d\u2019ici mai prochain. Le club ne s\u2019en porte que mieux. Sans tous ces nouveaux membres, on aurait probablement d\u00fb doubler la cotisation. Je suis membre depuis 10\u00a0ans et il y a eu qu\u2019une seule augmentation de la cotisation de 5\u00a0$ par an. C\u2019est l\u2019effet du nombre et ce n\u2019est pas le seul.<\/p>\n<p style=\"text-align: justify;\">Mais quel effet aurait l\u2019arriv\u00e9e de dizaines d\u2019\u00e9tudiants du secondaire et du coll\u00e9gial au club! Personnellement, je pense que ce serait un enrichissement. Nos jeunes souvent ne se souviennent plus quand ils ont commenc\u00e9 \u00e0 utiliser un ordinateur, tellement ils ont commenc\u00e9 jeunes. On pr\u00e9tend que l\u2019apprentissage de l\u2019ordinateur en bas \u00e2ge influence la mani\u00e8re d\u2019appr\u00e9hender le monde.<\/p>\n<p style=\"text-align: justify;\">\u00c9tant optimiste de nature, je crois que le c\u00f4toiement de jeunes et de personnes d\u2019\u00e2ge m\u00fbr dans une organisation comme la n\u00f4tre ne peut qu\u2019\u00eatre b\u00e9n\u00e9fique pour tous. Les jeunes nous changeront, nous forceront \u00e0 \u00e9voluer. Comment? Je ne le sais pas. Ils sont plus spontan\u00e9s, probablement plus intuitifs. Ils apprennent plus rapidement. En contrepartie,\u00a0les jeunes rencontreront des personnes qui ont le sens des responsabilit\u00e9s. Une bonne fa\u00e7on de se pr\u00e9parer \u00e0 la vie d\u2019adulte.<\/p>\n<p style=\"text-align: justify;\">Ce n\u2019est pas demain que nous aurons 50\u00a0jeunes au club. Nous devons r\u00e9fl\u00e9chir \u00e0 notre recrutement en ao\u00fbt et en septembre prochains. Devons-nous essayer de rejoindre les jeunes? Si oui, comment? Et comment ferons-nous pour leur assurer une juste place au club?<\/p>\n<p style=\"text-align: justify;\">Maintenant que le blogue est ouvert, dites-nous ce que vous en pensez. N\u2019h\u00e9sitez pas \u00e0 utiliser votre droit de faire des commentaires sur cet article. Croyez-vous qu\u2019il serait souhaitable d\u2019inscrire un fils, une petite-fille ou un neveu au club, avec leur accord \u00e9videmment? Leurs connaissances acquises au club seront un atout pour la famille. Si vous \u00eates d\u2019accord, dites-nous comment le club devrait traiter les \u00e9tudiants (cotisation, etc.).<\/p>\n<p style=\"text-align: justify;\">J\u2019ai h\u00e2te de vous lire.<\/p>\n<p>Andr\u00e9 Charest<\/p>\n","protected":false},"excerpt":{"rendered":"<p>Pour jeunes de 14 \u00e0 94\u00a0ans et plus Notre membre le plus \u00e2g\u00e9 a 94\u00a0ans.\u00a0 Cette ann\u00e9e nous avons deux\u00a0jeunes d\u2019\u00e2ge du secondaire. C\u2019est nouveau. Je ne me souviens pas qu\u2019on ait d\u00e9j\u00e0 pens\u00e9 \u00e0 attirer au club des jeunes du secondaire ou du coll\u00e9gial. Et pourtant, nos deux\u00a0jeunes sont l\u00e0.<\/p>\n","protected":false},"author":43,"featured_media":0,"comment_status":"open","ping_status":"closed","sticky":false,"template":"","format":"standard","meta":{"footnotes":""},"categories":[8],"tags":[286],"class_list":["post-3365","post","type-post","status-publish","format-standard","hentry","category-editoriaux","tag-jeunes"],"_links":{"self":[{"href":"https:\/\/cimbcc.org\/test2\/wp-json\/wp\/v2\/posts\/3365","targetHints":{"allow":["GET"]}}],"collection":[{"href":"https:\/\/cimbcc.org\/test2\/wp-json\/wp\/v2\/posts"}],"about":[{"href":"https:\/\/cimbcc.org\/test2\/wp-json\/wp\/v2\/types\/post"}],"author":[{"embeddable":true,"href":"https:\/\/cimbcc.org\/test2\/wp-json\/wp\/v2\/users\/43"}],"replies":[{"embeddable":true,"href":"https:\/\/cimbcc.org\/test2\/wp-json\/wp\/v2\/comments?post=3365"}],"version-history":[{"count":14,"href":"https:\/\/cimbcc.org\/test2\/wp-json\/wp\/v2\/posts\/3365\/revisions"}],"predecessor-version":[{"id":25814,"href":"https:\/\/cimbcc.org\/test2\/wp-json\/wp\/v2\/posts\/3365\/revisions\/25814"}],"wp:attachment":[{"href":"https:\/\/cimbcc.org\/test2\/wp-json\/wp\/v2\/media?parent=3365"}],"wp:term":[{"taxonomy":"category","embeddable":true,"href":"https:\/\/cimbcc.org\/test2\/wp-json\/wp\/v2\/categories?post=3365"},{"taxonomy":"post_tag","embeddable":true,"href":"https:\/\/cimbcc.org\/test2\/wp-json\/wp\/v2\/tags?post=3365"}],"curies":[{"name":"wp","href":"https:\/\/api.w.org\/{rel}","templated":true}]}}