{"id":33655,"date":"2021-02-12T22:00:37","date_gmt":"2021-02-13T03:00:37","guid":{"rendered":"https:\/\/cimbcc.org\/test2\/?p=33655"},"modified":"2023-10-16T22:12:07","modified_gmt":"2023-10-17T02:12:07","slug":"quand-la-vie-vous-designe-volontaire-pour-devenir-proche-aidant","status":"publish","type":"post","link":"https:\/\/cimbcc.org\/test2\/quand-la-vie-vous-designe-volontaire-pour-devenir-proche-aidant\/","title":{"rendered":"Quand la vie vous d\u00e9signe volontaire pour devenir proche aidant"},"content":{"rendered":"<figure id=\"attachment_24158\" aria-describedby=\"caption-attachment-24158\" style=\"width: 125px\" class=\"wp-caption aligncenter\"><img loading=\"lazy\" decoding=\"async\" class=\"size-full wp-image-24158\" src=\"https:\/\/cimbcc.org\/test2\/wp-content\/uploads\/photo_gervais_richard.jpg\" alt=\"\" width=\"125\" height=\"125\" \/><figcaption id=\"caption-attachment-24158\" class=\"wp-caption-text\"><span style=\"color: #ffffff;\">mmn<\/span>Richard Gervais<\/figcaption><\/figure>\n<p style=\"text-align: justify;\">Le titre de cet article contient volontairement un <a href=\"https:\/\/www.alloprof.qc.ca\/fr\/eleves\/bv\/francais\/l-oxymore-figure-de-style-f1354#\" target=\"_blank\" rel=\"noopener noreferrer\">oxymore<\/a> en juxtaposant le verbe \u00ab d\u00e9signer \u00bb avec le mot \u00ab volontaire \u00bb.<\/p>\n<p style=\"text-align: justify;\">Le dictionnaire Larousse d\u00e9finit volontaire comme une personne <em>\u00ab\u00a0Qui accepte <strong>de son plein gr\u00e9<\/strong> une mission difficile ou dangereuse, une t\u00e2che ou un service b\u00e9n\u00e9vole\u00a0 \u00bb<\/em>. Il arrive que la vie ne nous demande pas notre avis avant de nous imposer des r\u00f4les parfois difficiles comme celui de proche aidant.<\/p>\n<p style=\"text-align: justify;\">Dans les prochaines lignes, vous trouverez six ressources sur le Web qui pourraient vous soutenir si vous \u00eates un proche aidant. Ces liens vous offrent de l&rsquo;information financi\u00e8re, des portes d&rsquo;entr\u00e9e vers des services aux familles et des conseils pour les personnes dont un proche est aux prises avec des probl\u00e8mes de sant\u00e9 mentale ou la maladie d&rsquo;Alzheimer.<\/p>\n<p style=\"text-align: justify;\"><strong>Nous sommes bien chanceux de vivre \u00e0 une \u00e9poque o\u00f9 l&rsquo;informatique nous permet d&rsquo;obtenir de l&rsquo;information et de l&rsquo;aide \u00e0 distance malgr\u00e9 la pand\u00e9mie actuelle.<\/strong><\/p>\n<p><!--more--><\/p>\n<hr \/>\n<h4 id=\"menu\">Menu principal<\/h4>\n<p style=\"text-align: justify;\">Les sujets mentionn\u00e9s dans ce menu seront abord\u00e9s dans cet article. Il n&rsquo;est pas n\u00e9cessaire de tout lire s\u00e9quentiellement ou de faire d\u00e9filer l&rsquo;\u00e9cran. <strong>Vous pouvez cliquer sur le sujet de votre choix dans le menu ci-dessous pour vous d\u00e9placer rapidement vers celui-ci.<\/strong> Vous pourrez ensuite revenir \u00e0 ce menu en cliquant sur \u00ab <strong>Retour au menu principal<\/strong> \u00bb.<\/p>\n<ul>\n<li style=\"text-align: justify;\"><a href=\"#definition\">D\u00e9finition de proche aidant;<\/a><\/li>\n<li style=\"text-align: justify;\">Ressources financi\u00e8res pour les proches aidants :\n<ul style=\"list-style-type: circle;\">\n<li style=\"text-align: justify;\"><a href=\"#federal\">Prestations du Gouvernement f\u00e9d\u00e9ral pour les proches aidants;<\/a><\/li>\n<li style=\"text-align: justify;\"><a href=\"#provincial\">Cr\u00e9dits d&rsquo;imp\u00f4t du Gouvernement provincial pour les proches aidants<\/a><\/li>\n<\/ul>\n<\/li>\n<li style=\"text-align: justify;\">Ressources orient\u00e9es vers la famille :\n<ul style=\"list-style-type: circle;\">\n<li style=\"text-align: justify;\"><a href=\"#MFVR\">Maison de la Famille de la Vall\u00e9e du Richelieu (MFVR);<\/a><\/li>\n<li style=\"text-align: justify;\"><a href=\"#FFRY\">F\u00e9d\u00e9ration de la famille Richelieu-Yamaska (FFRY);<\/a><\/li>\n<\/ul>\n<\/li>\n<li style=\"text-align: justify;\">Ressources pour des probl\u00e8mes de sant\u00e9 particuliers :\n<ul style=\"list-style-type: circle;\">\n<li style=\"text-align: justify;\"><a href=\"#AQPAMM\">Association qu\u00e9b\u00e9coise des parents et amis de la personne atteinte de maladie mentale (AQPAMM);<\/a><\/li>\n<li><a href=\"#Lappui\">L&rsquo;Appui pour les proches aidants<\/a>.<\/li>\n<\/ul>\n<\/li>\n<\/ul>\n<h6>Notes :<\/h6>\n<p style=\"text-align: justify;\">Le sujet des proches aidants a d\u00e9j\u00e0 \u00e9t\u00e9 abord\u00e9 sur ce blogue dans un article de Michel Th\u00e9roux du 6 septembre 2017, \u00ab <a href=\"https:\/\/cimbcc.org\/test2\/proche-aidant-un-sujet-de-plus-en-plus-visible\" target=\"_blank\" rel=\"noopener noreferrer\">Proche aidant, un sujet de plus en plus visible<\/a> \u00bb.<\/p>\n<p style=\"text-align: justify;\">Je tiens \u00e0 remercier Mme Rita Olsthoorn et M. Michel Th\u00e9roux pour leur commentaires et suggestions en lien avec cet article.<\/p>\n<hr \/>\n<h4 id=\"definition\">D\u00e9finition de proche aidant selon le RANQ<\/h4>\n<p style=\"text-align: justify;\">Voici la description de t\u00e2che donn\u00e9e sur le site Web du <a href=\"https:\/\/ranq.qc.ca\/procheaidante\/\" target=\"_blank\" rel=\"noopener noreferrer\">Regroupement des aidants naturels du Qu\u00e9bec<\/a> (RANQ) :<\/p>\n<p style=\"padding-left: 40px; text-align: justify;\"><em>\u00ab Les personnes proches aidantes assurent volontairement des soins, des services ou de l\u2019accompagnement, sans r\u00e9mun\u00e9ration \u00e0 une personne de leur entourage ayant une ou des incapacit\u00e9s temporaires ou permanentes (accident, handicap, maladie, vieillissement, etc.) et pour laquelle elles ont un lien affectif (p\u00e8re, m\u00e8re, conjoint-e, enfant, fr\u00e8re, s\u0153ur, voisin-e, ami-e, etc.). \u00bb<\/em><\/p>\n<p style=\"text-align: justify;\">La d\u00e9finition pr\u00e9c\u00e9dente n&rsquo;est pas n\u00e9cessairement identique \u00e0 celle utilis\u00e9e par les gouvernements du Canada et du Qu\u00e9bec pour encadrer leur aide financi\u00e8re.<\/p>\n<p><a href=\"#menu\"><strong>&lt;- Retour au menu principal<\/strong><\/a><\/p>\n<hr \/>\n<h4 id=\"federal\" style=\"text-align: justify;\">Prestations du Gouvernement f\u00e9d\u00e9ral pour les proches aidants<\/h4>\n<p style=\"text-align: justify;\">Par l&rsquo;entremise de l&rsquo;assurance-emploi, ces <em>\u00ab prestations [pour proches aidants] vous aideront \u00e0 <strong>vous absenter du travail<\/strong> pour fournir des soins ou du soutien \u00e0 une personne gravement malade ou bless\u00e9e ou \u00e0 quelqu\u2019un qui a besoin de soins de fin de vie. \u00bb<\/em><\/p>\n<p style=\"text-align: justify;\">Voici ce que le <a href=\"https:\/\/www.canada.ca\/fr\/services\/prestations\/ae\/proches-aidants.html\" target=\"_blank\" rel=\"noopener noreferrer\">gouvernement canadien offre<\/a>\u00a0:<\/p>\n<ol style=\"text-align: justify;\">\n<li style=\"list-style-type: none;\">\n<ol>\n<li><em>Prestations jusqu\u2019\u00e0 35 semaines pour proches aidants d\u2019enfants;<\/em><\/li>\n<li><em>Prestations jusqu\u2019\u00e0 15 semaines pour proches aidants d\u2019adultes;<\/em><\/li>\n<li><em>Prestations de compassion jusqu\u2019\u00e0 26 semaines pour fournir des soins \u00e0 une personne de tout \u00e2ge ayant besoin de soins de fin de vie.<\/em><\/li>\n<\/ol>\n<\/li>\n<\/ol>\n<p style=\"text-align: justify;\">Dans les deux premiers cas, il s&rsquo;agit d&rsquo;<em>\u00ab une personne gravement malade ou bless\u00e9e (&#8230;) dont l\u2019\u00e9tat de sant\u00e9 de base s\u2019est d\u00e9t\u00e9rior\u00e9 de mani\u00e8re importante en raison d\u2019une maladie ou d\u2019une blessure. \u00bb<\/em> Ceci exclut des probl\u00e8mes de sant\u00e9 chronique.<\/p>\n<p style=\"text-align: justify;\">Pour le dernier cas, il s&rsquo;agit de \u00ab<em> soins ou le soutien fourni \u00e0 une personne gravement malade et qui risque fortement de d\u00e9c\u00e9der dans les 26 prochaines semaines. \u00bb<\/em><\/p>\n<p style=\"text-align: justify;\">Dans les trois cas mentionn\u00e9s, l&rsquo;\u00e9tat de la personne doit \u00eatre reconnu par un m\u00e9decin ou un infirmier praticien.<\/p>\n<p><a href=\"#menu\"><strong>&lt;- Retour au menu principal<\/strong><\/a><\/p>\n<hr \/>\n<h4 id=\"provincial\" style=\"text-align: justify;\">Cr\u00e9dits d&rsquo;imp\u00f4t du Gouvernement provincial pour les proches aidants<\/h4>\n<p style=\"text-align: justify;\">Le Gouvernement provincial a annonc\u00e9 des mesures touchant les proches aidants dans son budget d\u00e9pos\u00e9 en mars 2020, comme l&rsquo;explique <a href=\"https:\/\/www.conseiller.ca\/nouvelles\/economie\/budget-provincial-focus-sur-les-proches-aidants\/\" target=\"_blank\" rel=\"noopener noreferrer\">cet article<\/a> :<\/p>\n<p style=\"padding-left: 40px; text-align: justify;\"><em>\u00ab Toute personne aidante <strong>habitant avec son conjoint ou un proche<\/strong> <strong>de 18 ans ou plus pr\u00e9sentant une d\u00e9ficience grave et prolong\u00e9e<\/strong> aura ainsi acc\u00e8s \u00e0 un montant universel de 1 250 $ [de cr\u00e9dit d&rsquo;imp\u00f4t]. \u00bb<\/em><\/p>\n<p style=\"text-align: justify;\">Un montant suppl\u00e9mentaire sera disponible si la personne aid\u00e9e a un revenu net de 22 180 $ ou moins. Un montant r\u00e9duit peut s&rsquo;ajouter si ce revenu est inf\u00e9rieur \u00e0 29 993 $.<\/p>\n<p>Toujours selon la <a href=\"https:\/\/www.conseiller.ca\/nouvelles\/economie\/budget-provincial-focus-sur-les-proches-aidants\/\" target=\"_blank\" rel=\"noopener noreferrer\">m\u00eame r\u00e9f\u00e9rence<\/a> :<\/p>\n<p style=\"padding-left: 40px; text-align: justify;\"><em>\u00ab Lorsque le proche aidant d\u2019un <strong>individu handicap\u00e9 n\u2019habite pas avec lui<\/strong>, il peut aussi avoir acc\u00e8s \u00e0 un cr\u00e9dit d\u2019imp\u00f4t maximum de 1\u00a0250 $, r\u00e9duit selon le m\u00eame calcul si le revenu net de la personne aid\u00e9e d\u00e9passe 22 180 $.<\/em><\/p>\n<p style=\"padding-left: 40px; text-align: justify;\"><em>Finalement, les personnes aidantes d\u2019un <strong>parent de 70 ans ou plus<\/strong> [autre qu&rsquo;un conjoint, habitant avec vous] sans d\u00e9ficience grave ou prolong\u00e9e recevront un montant universel non r\u00e9ductible de 1\u00a0250\u00a0$, sans somme additionnelle. \u00bb<\/em><\/p>\n<p style=\"text-align: justify;\">Les informations fournies par Revenu Qu\u00e9bec en lien avec le cr\u00e9dit d&rsquo;imp\u00f4t pour les personnes aidantes <a href=\"https:\/\/www.revenuquebec.ca\/fr\/citoyens\/credits-dimpot\/credit-dimpot-pour-personne-aidante\/\" target=\"_blank\" rel=\"noopener noreferrer\">se retrouvent ici<\/a>. Les formulaires pertinents de Revenu Qu\u00e9bec sont <a href=\"https:\/\/www.revenuquebec.ca\/documents\/fr\/formulaires\/tp\/2020-12\/TP-1.D.H%282020-12%29.pdf\" target=\"_blank\" rel=\"noopener noreferrer\">\u00e0 cet endroit<\/a>.<\/p>\n<p style=\"text-align: justify;\">Les informations pr\u00e9c\u00e9dentes sont fournies \u00e0 titre indicatif seulement. Veuillez svp consulter un professionnel de l&rsquo;imp\u00f4t pour v\u00e9rifier si elles s&rsquo;appliquent \u00e0 votre situation.<\/p>\n<p><a href=\"#menu\"><strong>&lt;- Retour au menu principal<\/strong><\/a><\/p>\n<hr \/>\n<h4 id=\"MFVR\">Maison de la Famille de la Vall\u00e9e du Richelieu (MFVR)<\/h4>\n<p style=\"text-align: justify;\">Cette maison se trouve au 91, boul. Cartier, Beloeil J3G 6R4. Sur le <a href=\"https:\/\/www.mfvr.ca\/\" target=\"_blank\" rel=\"noopener noreferrer\">site Web du MFVR<\/a>, vous trouverez :<\/p>\n<p style=\"text-align: justify; padding-left: 40px;\"><em>\u00ab La Maison de la Famille de la Vall\u00e9e du Richelieu se veut un lieu o\u00f9 des liens se cr\u00e9ent, des amis se rencontrent, des r\u00e9seaux se d\u00e9veloppent et o\u00f9 un esprit de communaut\u00e9 unifie la bonne volont\u00e9 de tous pour cr\u00e9er de meilleures relations, des familles plus heureuses, une Vall\u00e9e plus en paix et, du m\u00eame coup, un monde meilleur. Rien que \u00e7a ! \u00bb<\/em><\/p>\n<p style=\"text-align: justify;\">Consid\u00e9rant le contexte en lien avec la COVID-19, il est fortement conseill\u00e9 de vous informer par t\u00e9l\u00e9phone au <strong>450 446-0852<\/strong> avant de vous d\u00e9placer \u00e0 Beloeil. Vous pouvez aussi les <a href=\"https:\/\/www.mfvr.ca\/contact\" target=\"_blank\" rel=\"noopener noreferrer\">contacter par courriel<\/a>.<\/p>\n<p>Voici une liste partielle des services qui sont offerts :<\/p>\n<ul>\n<li style=\"list-style-type: none;\">\n<ul>\n<li><strong>Services aux a\u00een\u00e9s<\/strong>\n<ul style=\"list-style-type: circle;\">\n<li><a href=\"https:\/\/www.mfvr.ca\/pavillon-des-aines\" target=\"_blank\" rel=\"noopener noreferrer\">Pavillon des a\u00een\u00e9s<\/a><\/li>\n<li><a href=\"https:\/\/www.mfvr.ca\/ateliers-pour-aines\" target=\"_blank\" rel=\"noopener noreferrer\">Ateliers pour a\u00een\u00e9s<\/a><\/li>\n<li><a href=\"https:\/\/www.mfvr.ca\/ateliers-pour-proches-aidants\" target=\"_blank\" rel=\"noopener noreferrer\">Ateliers pour proches aidants<\/a><\/li>\n<li><a href=\"https:\/\/www.mfvr.ca\/rencontres-de-soutien\" target=\"_blank\" rel=\"noopener noreferrer\">Rencontre de soutien<\/a><\/li>\n<li><a href=\"https:\/\/www.mfvr.ca\/repit-et-accompagnement-a-domicile\" target=\"_blank\" rel=\"noopener noreferrer\">R\u00e9pit et accompagnement \u00e0 domicile<\/a><\/li>\n<li><a href=\"https:\/\/www.mfvr.ca\/ateliers-sur-mesure-1\" target=\"_blank\" rel=\"noopener noreferrer\">Ateliers sur mesure<\/a><\/li>\n<\/ul>\n<\/li>\n<li><strong>Services aux familles<\/strong>\n<ul style=\"list-style-type: circle;\">\n<li><a href=\"https:\/\/www.mfvr.ca\/halte-garderie-et-scolaire\" target=\"_blank\" rel=\"noopener noreferrer\">Halte-garderie et scolaire<\/a><\/li>\n<li><a href=\"https:\/\/www.mfvr.ca\/ateliers-parents-enfants-dage-prescolaire\" target=\"_blank\" rel=\"noopener noreferrer\">Ateliers parents-enfants d&rsquo;\u00e2ge pr\u00e9scolaire<\/a><\/li>\n<li><a href=\"https:\/\/www.mfvr.ca\/ateliers-parents-enfants-dage-scolaire-\" target=\"_blank\" rel=\"noopener noreferrer\">Ateliers parents-enfants d&rsquo;\u00e2ge scolaire<\/a><\/li>\n<li>Ateliers parents entre nous<\/li>\n<li><a href=\"https:\/\/www.mfvr.ca\/activites-libres\" target=\"_blank\" rel=\"noopener noreferrer\">Activit\u00e9s libres<\/a><\/li>\n<li><a href=\"https:\/\/www.mfvr.ca\/coaching-parents\" target=\"_blank\" rel=\"noopener noreferrer\">Coaching parents<\/a><\/li>\n<li><a href=\"https:\/\/www.mfvr.ca\/ateliers-sur-mesure\" target=\"_blank\" rel=\"noopener noreferrer\">Ateliers sur mesure<\/a><\/li>\n<\/ul>\n<\/li>\n<\/ul>\n<\/li>\n<\/ul>\n<p><a href=\"#menu\"><strong>&lt;- Retour au menu principal<\/strong><\/a><\/p>\n<hr \/>\n<h4 id=\"FFRY\">F\u00e9d\u00e9ration de la famille Richelieu-Yamaska (FFRY)<\/h4>\n<p style=\"text-align: justify;\">La page d&rsquo;accueil du site Web du FFRY mentionne que :<\/p>\n<p style=\"padding-left: 40px; text-align: justify;\"><em>\u00ab La FFRY travaille \u00e0 l\u2019<strong>am\u00e9lioration de la qualit\u00e9 de vie des familles<\/strong> depuis 1971. Pour r\u00e9pondre aux besoins des familles et de ses membres, nous avons choisi diff\u00e9rents moyens, dont la communication et la consultation. Cette fa\u00e7on de proc\u00e9der nous informe et nous permet d\u2019identifier les nouveaux d\u00e9fis \u00e0 relever pour r\u00e9pondre \u00e0 leurs besoins. Elle apporte la valorisation, procure le ressourcement, donne la reconnaissance, la stimulation et l\u2019encouragement n\u00e9cessaire \u00e0 la continuit\u00e9. Elle \u00e9vite aussi le d\u00e9doublement. \u00bb<\/em><\/p>\n<p style=\"text-align: justify;\">Dans les prochaines semaines, les <a href=\"https:\/\/www.ffry.ca\/activites\/\" target=\"_blank\" rel=\"noopener noreferrer\">activit\u00e9s suivantes<\/a> seront pr\u00e9sent\u00e9es <strong>gratuitement sur Zoom, mais l&rsquo;inscription est obligatoire<\/strong>\u00a0:<\/p>\n<ul>\n<li style=\"list-style-type: none;\">\n<ul>\n<li style=\"text-align: justify;\"><strong>Les imp\u00f4ts et la COVID 19<\/strong>, par Jean-Pierre Chenail, <a href=\"https:\/\/www.ffry.ca\/event\/vendredi-19-fevrier-les-impots-et-la-covid-19\" target=\"_blank\" rel=\"noopener noreferrer\">vendredi 19 f\u00e9vrier 2021 \u00e0 19 h 00<\/a> et <a href=\"https:\/\/www.ffry.ca\/event\/samedi-20-fevrier-2021-les-impots-et-la-covid-19\" target=\"_blank\" rel=\"noopener noreferrer\">samedi 20 f\u00e9vrier \u00e0 14 h 00<\/a>;<\/li>\n<li style=\"text-align: justify;\"><strong>De la confrontation \u00e0 l\u2019acceptation : comment d\u00e9velopper une relation plus harmonieuse et satisfaisante<\/strong>, par Fran\u00e7ois St P\u00e8re, <a href=\"https:\/\/www.ffry.ca\/event\/de-la-confrontation-a-lacceptation-comment-developper-une-relation-plus-harmonieuse-et-satisfaisante\" target=\"_blank\" rel=\"noopener noreferrer\">24 f\u00e9vrier 2021 \u00e0 19 h 30<\/a>;<\/li>\n<li style=\"text-align: justify;\"><strong>M\u00e9nopause, oh joie!<\/strong>, par Guylaine Guay, <a href=\"https:\/\/www.ffry.ca\/event\/la-menopause-oh-joie\" target=\"_blank\" rel=\"noopener noreferrer\">5 mars \u00e0 19 h 30<\/a>;<\/li>\n<li style=\"text-align: justify;\"><strong>Le TDA \/ H\u2026 pour tout le monde???<\/strong>, par Dre Christiane Laberge, <a href=\"https:\/\/www.ffry.ca\/event\/le-tda-h-pour-tout-le-monde\" target=\"_blank\" rel=\"noopener noreferrer\">10 mars \u00e0 19 h 30<\/a>;<\/li>\n<li style=\"text-align: justify;\"><strong>Les personnalit\u00e9s difficiles et les relations interpersonnelles<\/strong>, par Rose-Marie Charest, <a href=\"https:\/\/www.ffry.ca\/event\/les-personnalites-difficiles-et-les-relations-interpersonnelles\" target=\"_blank\" rel=\"noopener noreferrer\">16 mars 2021 \u00e0 19 h 30<\/a>;<\/li>\n<li style=\"text-align: justify;\"><strong>L\u2019aspect l\u00e9gal des relations entre conjoints<\/strong>, par Pascal Martin, <a href=\"https:\/\/www.ffry.ca\/event\/laspect-legal-des-relations-entre-conjoint\" target=\"_blank\" rel=\"noopener noreferrer\">6 avril 2021 \u00e0 19 h 30<\/a>;<\/li>\n<li style=\"text-align: justify;\"><strong>Quelle journ\u00e9e!<\/strong>, par Dre Christiane Laberge, <a href=\"https:\/\/www.ffry.ca\/event\/quelle-journee\" target=\"_blank\" rel=\"noopener noreferrer\">14 avril 2021 \u00e0 19 h 30<\/a>.<\/li>\n<\/ul>\n<\/li>\n<\/ul>\n<p><a href=\"#menu\"><strong>&lt;- Retour au menu principal<\/strong><\/a><\/p>\n<hr \/>\n<h4 id=\"AQPAMM\" style=\"text-align: justify;\">Association qu\u00e9b\u00e9coise des parents et amis de la personne atteinte de maladie mentale (AQPAMM)<\/h4>\n<p style=\"text-align: justify;\">La tension constante impos\u00e9e par les mesures sanitaires requises pour pr\u00e9venir la COVID-19 augmente <a href=\"https:\/\/www.quebec.ca\/sante\/problemes-de-sante\/a-z\/coronavirus-2019\/stress-anxiete-et-deprime-associes-a-la-maladie-a-coronavirus-covid-19\/\" target=\"_blank\" rel=\"noopener noreferrer\">le stress, l&rsquo;anxi\u00e9t\u00e9 et la d\u00e9prime de la population<\/a>. Cette pression peut amplifier les probl\u00e8mes existants de sant\u00e9 mentale chez certaines personnes.<\/p>\n<p style=\"text-align: justify;\">La route que doivent emprunter les parents et amis d&rsquo;une personne atteinte de maladie mentale peut \u00eatre difficile. Un certain r\u00e9confort existe quand ce voyage se fait en compagnie d&rsquo;autres personnes ayant d\u00e9j\u00e0 emprunt\u00e9 ce chemin.<\/p>\n<p style=\"text-align: justify;\">Une <a href=\"https:\/\/aqpamm.ca\/nouvelle-ligne-de-soutien-telephonique-nos-pairs-aidants-famille-sont-la-pour-vous\/\" target=\"_blank\" rel=\"noopener noreferrer\">ligne de soutien t\u00e9l\u00e9phonique<\/a>, <strong>1 800 349-9915<\/strong>, est disponible selon l&rsquo;horaire suivant:<\/p>\n<ul>\n<li style=\"list-style-type: none;\">\n<ul>\n<li style=\"text-align: justify;\">Lundi de 13 h \u00e0 17 h;<\/li>\n<li style=\"text-align: justify;\">Mardi de 13 h \u00e0 20 h;<\/li>\n<li style=\"text-align: justify;\">Mercredi 13 h \u00e0 20 h;<\/li>\n<li style=\"text-align: justify;\">Jeudi de 13 h \u00e0 20 h.<\/li>\n<\/ul>\n<\/li>\n<\/ul>\n<p>Voici un extrait du <a href=\"https:\/\/aqpamm.ca\/rapport-annuel-2019-2020\/\" target=\"_blank\" rel=\"noopener noreferrer\">rapport annuel 2019-2020<\/a> de l&rsquo;AQPAMM :<\/p>\n<p style=\"padding-left: 40px; text-align: justify;\"><em>\u00ab L\u2019association qu\u00e9b\u00e9coise des parents et amis de la personne atteinte de maladie mentale (L\u2019AQPAMM) est un organisme communautaire sans but lucratif. Elle dispense \u00e0 ses membres, <strong>les membres de l\u2019entourage d\u2019une personne vivant avec un probl\u00e8me de sant\u00e9 mentale, des services pour les informer, les outiller et les accompagner dans leur r\u00f4le<\/strong> de proche aidance. \u00bb<\/em><\/p>\n<h5><em>L&rsquo;APAMM-RS<\/em><\/h5>\n<p style=\"text-align: justify;\"><strong>Num\u00e9ro d\u2019urgence 24 h\/7 jours<\/strong> :<br \/>\nCentre de crise l\u2019Acc\u00e8s <strong>450-679-8689<\/strong><\/p>\n<p style=\"text-align: justify;\">L&rsquo;Association des parents et amis de la personne atteinte de maladie mentale Rive-Sud (APAMM-RS) est install\u00e9e au 10, boulevard Churchill, suite 206, Greenfield Park J4V 2L7. Vous pouvez les joindre du lundi au vendredi de 9 h 00 \u00e0 17 h 00 au <strong>450-766-0524.<\/strong><\/p>\n<p>Des <a href=\"http:\/\/apammrs.org\/wp-content\/uploads\/2020\/12\/2021-APAMM-RS-Calendrier-activites-1.pdf\" target=\"_blank\" rel=\"noopener noreferrer\">activit\u00e9s y sont offertes<\/a> \u00e0 l&rsquo;hiver 2021.<\/p>\n<h5><em>Le Phare<\/em><\/h5>\n<p style=\"text-align: justify;\">Associ\u00e9 \u00e0 l&rsquo;AQPAMM, l&rsquo;organisme <a href=\"https:\/\/www.lephare-apamm.ca\/\" target=\"_blank\" rel=\"noopener noreferrer\">Le Phare Saint-Hyacinthe<\/a> et r\u00e9gions, <strong>450 773-7202<\/strong> ou <strong>1 877-773-7202<\/strong>,\u00a0 se situe au 620, avenue Robert, Saint-Hyacinthe J2S 4L8. Des formations y sont offertes :<\/p>\n<ul>\n<li style=\"list-style-type: none;\">\n<ul>\n<li><a href=\"https:\/\/www.lephare-apamm.ca\/evenements\/formation-lacher-prise-hiver-2-2021-02-13\/\" target=\"_blank\" rel=\"noopener noreferrer\">Formation L\u00e2cher-Prise<\/a><\/li>\n<li><a href=\"https:\/\/www.lephare-apamm.ca\/evenements\/formation-s-o-s-tpl-hiver-2021-02-15\/\" target=\"_blank\" rel=\"noopener noreferrer\">Formation S.O.S TPL<\/a><\/li>\n<li><a href=\"https:\/\/www.lephare-apamm.ca\/evenements\/formation-trouble-bipolaire-quest-ce-que-cest-et-comment-y-faire-face-2021-02-16\/\" target=\"_blank\" rel=\"noopener noreferrer\">Formation sur le trouble bipolaire<\/a><\/li>\n<li><a href=\"https:\/\/www.lephare-apamm.ca\/evenements\/groupe-de-soutien-hiver-2021-02-17\/\" target=\"_blank\" rel=\"noopener noreferrer\">Groupe de soutien<\/a><\/li>\n<li><a href=\"https:\/\/www.lephare-apamm.ca\/evenements\/formation-sur-lanxiete-2021-02-18\/\" target=\"_blank\" rel=\"noopener noreferrer\">Formation sur l&rsquo;anxi\u00e9t\u00e9<\/a><\/li>\n<\/ul>\n<\/li>\n<\/ul>\n<p><a href=\"#menu\"><strong>&lt;- Retour au menu principal<\/strong><\/a><\/p>\n<hr \/>\n<h4 id=\"Lappui\">L&rsquo;Appui pour les proches aidants<\/h4>\n<p>Voici comment <a href=\"https:\/\/www.lappui.org\/L-Appui-national\/Qui-sommes-nous\" target=\"_blank\" rel=\"noopener noreferrer\">se pr\u00e9sente cet organisme<\/a> sur son site Web :<\/p>\n<p style=\"padding-left: 40px; text-align: justify;\"><em>\u00ab Cr\u00e9\u00e9 en 2009, l\u2019Appui pour les proches aidants contribue \u00e0 <strong>am\u00e9liorer la qualit\u00e9 de vie des proches aidants et \u00e0 faciliter leur quotidien<\/strong> en veillant notamment \u00e0 ce qu\u2019ils tirent pleinement profit des ressources mises \u00e0 leur disposition.<\/em><\/p>\n<p style=\"padding-left: 40px; text-align: justify;\"><em>Nous sommes pr\u00e9sents partout au Qu\u00e9bec, gr\u00e2ce \u00e0 17 Appuis r\u00e9gionaux et une entente sp\u00e9cifique pour les Terres-Cries-de-la-Baie-James. Chaque bureau r\u00e9gional soutient les organismes locaux vou\u00e9s au bien-\u00eatre des proches aidants, et ce, afin d&rsquo;offrir \u00e0 ces derniers des services adapt\u00e9s dans leur milieu.<\/em><\/p>\n<p style=\"padding-left: 40px; text-align: justify;\"><em>Chaque r\u00e9gion dispose d\u2019un fonds lui permettant d\u2019investir dans de nombreux services directs consacr\u00e9s aux proches aidants. \u00bb<\/em><\/p>\n<p style=\"text-align: justify;\">La ligne t\u00e9l\u00e9phonique Info-aidant est disponible au 1 855 8LAPPUI,\u00a0 soit <strong>1 855 852-7784<\/strong>. Le <a href=\"https:\/\/gpsprocheaidant.ca\/\" target=\"_blank\" rel=\"noopener noreferrer\">Guide de Parcours et de Soutien du proche aidant<\/a> (GPS) peut servir de porte d&rsquo;entr\u00e9e pour l&rsquo;aide offerte aux proches aidants de <a href=\"https:\/\/laval.gpsprocheaidant.ca\/\" target=\"_blank\" rel=\"noopener noreferrer\">Laval<\/a> et de <a href=\"https:\/\/monteregie.gpsprocheaidant.ca\/\" target=\"_blank\" rel=\"noopener noreferrer\">Mont\u00e9r\u00e9gie<\/a>.<\/p>\n<h5><em>Maladie d&rsquo;Alzheimer<\/em><\/h5>\n<p style=\"text-align: justify;\">L&rsquo;Appui a produit un documentaire, \u00ab <a href=\"https:\/\/appui-audeladesmots.ca\/\" target=\"_blank\" rel=\"noopener noreferrer\"><strong>Au-del\u00e0 des mots<\/strong><\/a> \u00bb, bas\u00e9 sur le v\u00e9cu de deux personnes, \u00c9dith Fournier et Michel Carbonneau, ayant respectivement perdu leur conjoint et leur conjointe avec la maladie d&rsquo;Alzheimer. Leur t\u00e9moignage se divise en sept chapitres dont la dur\u00e9e est indiqu\u00e9e entre parenth\u00e8ses :<\/p>\n<ol>\n<li style=\"list-style-type: none;\">\n<ol>\n<li><strong><a href=\"https:\/\/appui-audeladesmots.ca\/serie-documentaire\/les-premiers-symptomes\" target=\"_blank\" rel=\"noopener noreferrer\">Les premiers sympt\u00f4mes<\/a><\/strong> (11:48)<\/li>\n<li><strong><a href=\"https:\/\/appui-audeladesmots.ca\/serie-documentaire\/la-quete-de-services\" target=\"_blank\" rel=\"noopener noreferrer\">La qu\u00eate de services<\/a><\/strong> (11:39)<\/li>\n<li><strong><a href=\"https:\/\/appui-audeladesmots.ca\/serie-documentaire\/le-quotidien-a-domicile\" target=\"_blank\" rel=\"noopener noreferrer\">Le quotidien \u00e0 domicile<\/a><\/strong> (10:05)<\/li>\n<li><strong><a href=\"https:\/\/appui-audeladesmots.ca\/serie-documentaire\/la-separation\" target=\"_blank\" rel=\"noopener noreferrer\">La s\u00e9paration<\/a><\/strong> (10:39)<\/li>\n<li><strong><a href=\"https:\/\/appui-audeladesmots.ca\/serie-documentaire\/la-vie-en-hebergement\" target=\"_blank\" rel=\"noopener noreferrer\">La vie en h\u00e9bergement<\/a><\/strong> (9:26)<\/li>\n<li><strong><a href=\"https:\/\/appui-audeladesmots.ca\/serie-documentaire\/quand-la-vie-resurgit\" target=\"_blank\" rel=\"noopener noreferrer\">Quand la vie ressurgit<\/a><\/strong> (10:12)<\/li>\n<li><strong><a href=\"https:\/\/appui-audeladesmots.ca\/serie-documentaire\/la-fin-de-vie-de-la-personne-aidee\" target=\"_blank\" rel=\"noopener noreferrer\">La fin de vie de la personne aid\u00e9e<\/a><\/strong> (16:09)<\/li>\n<\/ol>\n<\/li>\n<\/ol>\n<p><a href=\"#menu\"><strong>&lt;- Retour au menu principal<\/strong><\/a><\/p>\n","protected":false},"excerpt":{"rendered":"<p>Le titre de cet article contient volontairement un oxymore en juxtaposant le verbe \u00ab d\u00e9signer \u00bb avec le mot \u00ab volontaire \u00bb. Le dictionnaire Larousse d\u00e9finit volontaire comme une personne \u00ab\u00a0Qui accepte de son plein gr\u00e9 une mission difficile ou dangereuse, une t\u00e2che ou un service b\u00e9n\u00e9vole\u00a0 \u00bb. Il arrive que la vie ne nous &hellip; <a href=\"https:\/\/cimbcc.org\/test2\/quand-la-vie-vous-designe-volontaire-pour-devenir-proche-aidant\/\" class=\"more-link\">Continuer la lecture de <span class=\"screen-reader-text\">Quand la vie vous d\u00e9signe volontaire pour devenir proche aidant<\/span>  <span class=\"meta-nav\">&rarr;<\/span><\/a><\/p>\n","protected":false},"author":43,"featured_media":0,"comment_status":"open","ping_status":"closed","sticky":false,"template":"","format":"standard","meta":{"footnotes":""},"categories":[24],"tags":[1413,1408,32,1404,1407,993,1405,28,1410,1411,1409,1406,655,927],"class_list":["post-33655","post","type-post","status-publish","format-standard","hentry","category-conseils-pratiques","tag-apamm-rs","tag-aqpamm","tag-credit-dimpot","tag-famille","tag-ffry","tag-impot-federal","tag-impot-provincial","tag-impots","tag-lappui","tag-le-phare","tag-maladie-dalzheimer","tag-mfvr","tag-proche-aidant","tag-sante-mentale"],"_links":{"self":[{"href":"https:\/\/cimbcc.org\/test2\/wp-json\/wp\/v2\/posts\/33655","targetHints":{"allow":["GET"]}}],"collection":[{"href":"https:\/\/cimbcc.org\/test2\/wp-json\/wp\/v2\/posts"}],"about":[{"href":"https:\/\/cimbcc.org\/test2\/wp-json\/wp\/v2\/types\/post"}],"author":[{"embeddable":true,"href":"https:\/\/cimbcc.org\/test2\/wp-json\/wp\/v2\/users\/43"}],"replies":[{"embeddable":true,"href":"https:\/\/cimbcc.org\/test2\/wp-json\/wp\/v2\/comments?post=33655"}],"version-history":[{"count":41,"href":"https:\/\/cimbcc.org\/test2\/wp-json\/wp\/v2\/posts\/33655\/revisions"}],"predecessor-version":[{"id":33744,"href":"https:\/\/cimbcc.org\/test2\/wp-json\/wp\/v2\/posts\/33655\/revisions\/33744"}],"wp:attachment":[{"href":"https:\/\/cimbcc.org\/test2\/wp-json\/wp\/v2\/media?parent=33655"}],"wp:term":[{"taxonomy":"category","embeddable":true,"href":"https:\/\/cimbcc.org\/test2\/wp-json\/wp\/v2\/categories?post=33655"},{"taxonomy":"post_tag","embeddable":true,"href":"https:\/\/cimbcc.org\/test2\/wp-json\/wp\/v2\/tags?post=33655"}],"curies":[{"name":"wp","href":"https:\/\/api.w.org\/{rel}","templated":true}]}}