{"id":33928,"date":"2021-02-23T21:20:42","date_gmt":"2021-02-24T02:20:42","guid":{"rendered":"https:\/\/cimbcc.org\/test2\/?p=33928"},"modified":"2023-10-16T22:12:06","modified_gmt":"2023-10-17T02:12:06","slug":"le-marche-des-appareils-photographiques-subit-une-profonde-contraction","status":"publish","type":"post","link":"https:\/\/cimbcc.org\/test2\/le-marche-des-appareils-photographiques-subit-une-profonde-contraction\/","title":{"rendered":"Le march\u00e9 des appareils photographiques subit une profonde contraction"},"content":{"rendered":"<figure id=\"attachment_24158\" aria-describedby=\"caption-attachment-24158\" style=\"width: 125px\" class=\"wp-caption aligncenter\"><img loading=\"lazy\" decoding=\"async\" class=\"size-full wp-image-24158\" src=\"https:\/\/cimbcc.org\/test2\/wp-content\/uploads\/photo_gervais_richard.jpg\" alt=\"\" width=\"125\" height=\"125\" \/><figcaption id=\"caption-attachment-24158\" class=\"wp-caption-text\"><span style=\"color: #ffffff;\">mnm<\/span>Richard Gervais<\/figcaption><\/figure>\n<p style=\"text-align: justify;\">Les appareils photographiques se sont adapt\u00e9s au fil des d\u00e9cennies aux diff\u00e9rents types de supports physiques permettant de conserver les images. Les pellicules de format <a href=\"https:\/\/fr.wikipedia.org\/wiki\/Format_35_mm\" target=\"_blank\" rel=\"noopener noreferrer\">35 mm<\/a> ont domin\u00e9 pendant 75 ans apr\u00e8s l&rsquo;introduction de l&rsquo;appareil Leica par <a title=\"Oskar Barnack\" href=\"https:\/\/fr.wikipedia.org\/wiki\/Oskar_Barnack\" target=\"_blank\" rel=\"noopener noreferrer\">Oskar Barnack<\/a> en 1925.<\/p>\n<p style=\"text-align: justify;\">\u00c0 partir de 1999, une r\u00e9volution s&rsquo;est d\u00e9roul\u00e9e avec l&rsquo;arriv\u00e9e de la photographie num\u00e9rique. Depuis 2007, la multiplication des t\u00e9l\u00e9phones intelligents impose \u00e0 nouveau des changements majeurs \u00e0 la fa\u00e7on d&rsquo;enregistrer et de partager des images, surtout sur les r\u00e9seaux sociaux.<\/p>\n<p style=\"text-align: justify;\">Cet article examinera l&rsquo;\u00e9volution r\u00e9cente du march\u00e9 des appareils photo. Toutes ces mutations reposent depuis plus de 20 ans sur l&rsquo;utilisation des ordinateurs pour traiter et stocker les images.<\/p>\n<p><!--more--><\/p>\n<h4>1. Technologie argentique<\/h4>\n<h5 style=\"text-align: justify;\"><em>1.1 Introduction<\/em><\/h5>\n<p style=\"text-align: justify;\">L&rsquo;apparition de la photographie remonte \u00e0 janvier 1839 avec l&rsquo;invention\u00a0 du <a title=\"Daguerr\u00e9otype\" href=\"https:\/\/fr.wikipedia.org\/wiki\/Daguerr%C3%A9otype\">daguerr\u00e9otype<\/a>. Depuis cette date, une multitude d&rsquo;images ont \u00e9t\u00e9 captur\u00e9es \u00e0 l&rsquo;aide des techniques s&rsquo;inspirant des d\u00e9couvertes scientifiques du moment.<\/p>\n<p style=\"text-align: justify;\">La firme <a href=\"https:\/\/fr.wikipedia.org\/wiki\/Kodak\" target=\"_blank\" rel=\"noopener noreferrer\">Kodak<\/a> fut fond\u00e9e par <a href=\"https:\/\/fr.wikipedia.org\/wiki\/George_Eastman\" target=\"_blank\" rel=\"noopener noreferrer\">George Eastman<\/a> en 1881. Cette entreprise fit longtemps fortune en mettant en march\u00e9 des pellicules photographiques souples utilis\u00e9es par les studios pour r\u00e9aliser des films et, par les amateurs, pour documenter des tranches de leur vie. En ratant le virage num\u00e9rique, ce g\u00e9ant am\u00e9ricain fit d&rsquo;ailleurs faillite en 2012.<\/p>\n<h5><em>1.2 Vis\u00e9e reflex<\/em><\/h5>\n<p style=\"text-align: justify;\">La firme <a href=\"https:\/\/fr.wikipedia.org\/wiki\/Nikon\" target=\"_blank\" rel=\"noopener noreferrer\">Nikon<\/a> a mis en march\u00e9 un appareil tr\u00e8s influent en 1959, le <a href=\"https:\/\/fr.wikipedia.org\/wiki\/Nikon_F\" target=\"_blank\" rel=\"noopener noreferrer\">Nikon F<\/a>, un appareil \u00e0 vis\u00e9e reflex. Il s&rsquo;agit d&rsquo;un <em>Single Lens Reflex<\/em> (<em>SLR)<\/em> en anglais. C&rsquo;est \u00e0 partir de ce moment que les Japonais ont commenc\u00e9 \u00e0 dominer le march\u00e9 de la photographie 35 mm.<\/p>\n<figure id=\"attachment_33922\" aria-describedby=\"caption-attachment-33922\" style=\"width: 640px\" class=\"wp-caption aligncenter\"><img loading=\"lazy\" decoding=\"async\" class=\"size-full wp-image-33922\" src=\"https:\/\/cimbcc.org\/test2\/wp-content\/uploads\/chip_2021_02_24_photo_7.jpg\" alt=\"\" width=\"640\" height=\"395\" srcset=\"https:\/\/cimbcc.org\/test2\/wp-content\/uploads\/chip_2021_02_24_photo_7.jpg 640w, https:\/\/cimbcc.org\/test2\/wp-content\/uploads\/chip_2021_02_24_photo_7-300x185.jpg 300w\" sizes=\"auto, (max-width: 640px) 100vw, 640px\" \/><figcaption id=\"caption-attachment-33922\" class=\"wp-caption-text\"><a href=\"https:\/\/commons.wikimedia.org\/wiki\/File:Nikon_F_Cameras.jpg\" target=\"_blank\" rel=\"noopener noreferrer\">Nikon F &#8211; appareils photographiques argentiques produits de 1959 \u00e0 1972<\/a><\/figcaption><\/figure>\n<p style=\"text-align: justify;\">En vis\u00e9e reflex, le photographe regarde \u00e0 travers l&rsquo;objectif de prise de vue, ce qui enl\u00e8ve les probl\u00e8mes de <a href=\"https:\/\/fr.wikipedia.org\/wiki\/Parallaxe\" target=\"_blank\" rel=\"noopener noreferrer\">parallaxe<\/a> li\u00e9s \u00e0 la <a href=\"https:\/\/fr.wikipedia.org\/wiki\/Mise_au_point_t%C3%A9l%C3%A9m%C3%A9trique\" target=\"_blank\" rel=\"noopener noreferrer\">mise au point t\u00e9l\u00e9m\u00e9trique<\/a>. La figure suivante illustre de fa\u00e7on sch\u00e9matique le trajet d&rsquo;un rayon lumineux dans la coupe en travers d&rsquo;un appareil reflex. L&rsquo;image transmise par l&rsquo;objectif frappe un miroir inclin\u00e9 \u00e0 45\u00a0degr\u00e9s. Un <a href=\"https:\/\/fr.wikipedia.org\/wiki\/Pentaprisme\" target=\"_blank\" rel=\"noopener noreferrer\">pentaprisme<\/a> en toit redresse l&rsquo;image affich\u00e9e sur le verre d\u00e9poli.<\/p>\n<figure id=\"attachment_33923\" aria-describedby=\"caption-attachment-33923\" style=\"width: 640px\" class=\"wp-caption aligncenter\"><img loading=\"lazy\" decoding=\"async\" class=\"size-full wp-image-33923\" src=\"https:\/\/cimbcc.org\/test2\/wp-content\/uploads\/chip_2021_02_24_photo_9.jpg\" alt=\"\" width=\"640\" height=\"473\" srcset=\"https:\/\/cimbcc.org\/test2\/wp-content\/uploads\/chip_2021_02_24_photo_9.jpg 640w, https:\/\/cimbcc.org\/test2\/wp-content\/uploads\/chip_2021_02_24_photo_9-300x222.jpg 300w\" sizes=\"auto, (max-width: 640px) 100vw, 640px\" \/><figcaption id=\"caption-attachment-33923\" class=\"wp-caption-text\"><a href=\"https:\/\/commons.wikimedia.org\/wiki\/File:Inside_SLR_Camera.jpg\" target=\"_blank\" rel=\"noopener noreferrer\">Coupe en travers d&rsquo;un appareil photographique argentique reflex<\/a><\/figcaption><\/figure>\n<h5><em>1.3 D\u00e9clin des appareils argentiques<\/em><\/h5>\n<p style=\"text-align: justify;\">La figure suivante montre l&rsquo;\u00e9volution depuis 1965 des ventes mondiales d&rsquo;appareils bas\u00e9s sur la technologie argentique. Il y a eu une croissance presque continuelle pendant 30 ans, mais \u00e0 partir de l&rsquo;arriv\u00e9e des appareils num\u00e9riques, un d\u00e9clin brutal a fait dispara\u00eetre les ventes en une seule d\u00e9cennie.<\/p>\n<figure id=\"attachment_33915\" aria-describedby=\"caption-attachment-33915\" style=\"width: 751px\" class=\"wp-caption aligncenter\"><img loading=\"lazy\" decoding=\"async\" class=\"size-full wp-image-33915\" src=\"https:\/\/cimbcc.org\/test2\/wp-content\/uploads\/chip_2021_02_24_photo_1.jpg\" alt=\"\" width=\"751\" height=\"426\" srcset=\"https:\/\/cimbcc.org\/test2\/wp-content\/uploads\/chip_2021_02_24_photo_1.jpg 751w, https:\/\/cimbcc.org\/test2\/wp-content\/uploads\/chip_2021_02_24_photo_1-300x170.jpg 300w\" sizes=\"auto, (max-width: 751px) 100vw, 751px\" \/><figcaption id=\"caption-attachment-33915\" class=\"wp-caption-text\"><a href=\"https:\/\/photographylife.com\/news\/a-few-thoughts-about-the-camera-market\" target=\"_blank\" rel=\"noopener noreferrer\">Nombre total d&rsquo;appareils photographiques argentiques vendus entre 1965 et 2008<\/a><\/figcaption><\/figure>\n<hr \/>\n<h4>2. Technologie num\u00e9rique<\/h4>\n<h5><em>2.1 Premi\u00e8re r\u00e9volution chez les appareils reflex<\/em><\/h5>\n<p style=\"text-align: justify;\">Pour obtenir un appareil reflex num\u00e9rique, il s&rsquo;agit de remplacer le film argentique par un <a href=\"https:\/\/fr.wikipedia.org\/wiki\/Capteur_photographique\" target=\"_blank\" rel=\"noopener noreferrer\">capteur photographique<\/a> CCD ou CMOS et cela devient un <em>Digital Single Lens Reflex\u00a0 (DSLR)<\/em> en anglais.<\/p>\n<p style=\"text-align: justify;\">La conversion n&rsquo;est pas aussi simple qu&rsquo;elle para\u00eet \u00e0 premi\u00e8re vue, car elle exige d&#8217;embarquer \u00e0 bord de l&rsquo;appareil un processeur rapide permettant de traiter et d&#8217;emmagasiner les photos sur un support r\u00e9inscriptible amovible tout en procurant une autonomie suffisante \u00e0 partir de piles rechargeables.<\/p>\n<p style=\"text-align: justify;\"><a href=\"https:\/\/fr.wikipedia.org\/wiki\/Nikon\" target=\"_blank\" rel=\"noopener noreferrer\">Nikon<\/a> a lanc\u00e9 \u00e0 la fin de 1999 le mod\u00e8le <a href=\"https:\/\/fr.wikipedia.org\/wiki\/Nikon_D1\" target=\"_blank\" rel=\"noopener noreferrer\">D1<\/a> illustr\u00e9 \u00e0 la figure suivante. Avec un prix de 5000 $US, il visait une client\u00e8le professionnelle. En raison de son co\u00fbt tr\u00e8s \u00e9lev\u00e9, le capteur num\u00e9rique avait une dimension de seulement 16 par 24 mm (format <a href=\"https:\/\/fr.wikipedia.org\/wiki\/Format_Nikon_DX\" target=\"_blank\" rel=\"noopener noreferrer\">DX<\/a> ou <a href=\"https:\/\/fr.wikipedia.org\/wiki\/APS-C\" target=\"_blank\" rel=\"noopener noreferrer\">APS-C<\/a>) contrairement aux appareils argentiques produisant une image de 24 par 36 mm. Les images de 2,6 m\u00e9gapixels (Mp) \u00e9taient \u00e9crites sur des <a href=\"https:\/\/fr.wikipedia.org\/wiki\/Carte_SD\" target=\"_blank\" rel=\"noopener noreferrer\">cartes SD<\/a>.<\/p>\n<figure id=\"attachment_33921\" aria-describedby=\"caption-attachment-33921\" style=\"width: 480px\" class=\"wp-caption aligncenter\"><img loading=\"lazy\" decoding=\"async\" class=\"size-full wp-image-33921\" src=\"https:\/\/cimbcc.org\/test2\/wp-content\/uploads\/chip_2021_02_24_photo_8.jpg\" alt=\"\" width=\"480\" height=\"480\" srcset=\"https:\/\/cimbcc.org\/test2\/wp-content\/uploads\/chip_2021_02_24_photo_8.jpg 480w, https:\/\/cimbcc.org\/test2\/wp-content\/uploads\/chip_2021_02_24_photo_8-300x300.jpg 300w, https:\/\/cimbcc.org\/test2\/wp-content\/uploads\/chip_2021_02_24_photo_8-150x150.jpg 150w, https:\/\/cimbcc.org\/test2\/wp-content\/uploads\/chip_2021_02_24_photo_8-125x125.jpg 125w\" sizes=\"auto, (max-width: 480px) 100vw, 480px\" \/><figcaption id=\"caption-attachment-33921\" class=\"wp-caption-text\"><a href=\"https:\/\/commons.wikimedia.org\/wiki\/File:Nikon_D1_8373.jpg\" target=\"_blank\" rel=\"noopener noreferrer\">Nikon D1 &#8211; premier appareil photographique num\u00e9rique reflex pour professionnels<\/a><\/figcaption><\/figure>\n<p style=\"text-align: justify;\">Dans les appareils reflex \u00ab abordables \u00bb, un plateau de 20 \u00e0 24 Mp a \u00e9t\u00e9 atteint depuis quelques ann\u00e9es, m\u00eame si le haut de gamme va au-del\u00e0 de 50 et, m\u00eame, 100 Mp. L&rsquo;optimum de 20 \u00e0 24 Mp correspond environ \u00e0 la r\u00e9solution maximale des appareils argentiques utilisant les meilleures pellicules en vente \u00e0 l&rsquo;\u00e9poque.<\/p>\n<p style=\"text-align: justify;\">Pour des raisons de marketing, une nouvelle pouss\u00e9e vers des quantit\u00e9s de plus en plus grandes de m\u00e9gapixels semble s&rsquo;annoncer. Il faut noter que la <a href=\"https:\/\/fr.wikipedia.org\/wiki\/R%C3%A9solution_spatiale_des_images_matricielles#Pixel_par_pouce\" target=\"_blank\" rel=\"noopener noreferrer\">r\u00e9solution<\/a> s&rsquo;exprime en pixels par unit\u00e9 de longueur.\u00a0 Comme les m\u00e9gapixels se calculent par unit\u00e9 de surface, il faut donc quadrupler leur nombre pour doubler la r\u00e9solution.<\/p>\n<h5><em>2.2 D\u00e9mocratisation avec les appareils compacts<\/em><\/h5>\n<p style=\"text-align: justify;\">Au d\u00e9but des ann\u00e9es 2000, les amateurs de photo ont adopt\u00e9 en grand nombre les appareils num\u00e9riques compacts. Ceux-ci sont dot\u00e9s d&rsquo;un objectif non interchangeable contrairement aux mod\u00e8les professionnels. Le <a href=\"https:\/\/www.dpreview.com\/reviews\/canona70\" target=\"_blank\" rel=\"noopener noreferrer\">Canon A70<\/a>, ci-dessous, est un exemple typique vendu en 2003 aux environs de 400\u00a0$.<\/p>\n<figure id=\"attachment_33933\" aria-describedby=\"caption-attachment-33933\" style=\"width: 614px\" class=\"wp-caption alignnone\"><img loading=\"lazy\" decoding=\"async\" class=\"size-full wp-image-33933\" src=\"https:\/\/cimbcc.org\/test2\/wp-content\/uploads\/chip_2021_02_24_photo_13.jpg\" alt=\"\" width=\"614\" height=\"336\" srcset=\"https:\/\/cimbcc.org\/test2\/wp-content\/uploads\/chip_2021_02_24_photo_13.jpg 614w, https:\/\/cimbcc.org\/test2\/wp-content\/uploads\/chip_2021_02_24_photo_13-300x164.jpg 300w\" sizes=\"auto, (max-width: 614px) 100vw, 614px\" \/><figcaption id=\"caption-attachment-33933\" class=\"wp-caption-text\"><a href=\"https:\/\/commons.wikimedia.org\/wiki\/File:Canon_PowerShot_A70_(front).JPG\" target=\"_blank\" rel=\"noopener noreferrer\">Canon A70, mis en march\u00e9 en 2003<\/a><\/figcaption><\/figure>\n<p style=\"text-align: justify;\">Il est \u00e0 noter que le viseur optique de cet appareil est plac\u00e9 en haut de l&rsquo;objectif et un peu d\u00e9centr\u00e9 par rapport \u00e0 celui-ci. Il y a donc une erreur de parallaxe qui n&rsquo;est pas compens\u00e9e dans les appareils \u00e0 bon march\u00e9. Cet effet est plus notable lorsque le sujet est rapproch\u00e9 de l&rsquo;appareil de prise de vue.<\/p>\n<p style=\"text-align: justify;\">Que ce soit pour les mod\u00e8les visant les amateurs ou les professionnels, une intense course aux m\u00e9gapixels s&rsquo;est d\u00e9clench\u00e9e entre les diff\u00e9rents manufacturiers. Cette concurrence s&rsquo;est poursuivie jusqu&rsquo;au <a href=\"https:\/\/fr.wikipedia.org\/wiki\/S%C3%A9isme_de_2011_de_la_c%C3%B4te_Pacifique_du_T%C5%8Dhoku\" target=\"_blank\" rel=\"noopener noreferrer\">s\u00e9isme du Japon de 2011<\/a>. Comme nous le verrons plus tard, les ventes d&rsquo;appareils compacts sont en chute libre depuis ce temps.<\/p>\n<h5><em>2.3 \u00c9volution avec les appareils hybrides<\/em><\/h5>\n<p style=\"text-align: justify;\">Le replacement du film argentique par un capteur num\u00e9rique \u00e9tait une \u00e9volution naturelle pour les manufacturiers. Il ne s&rsquo;agit toutefois pas de la seule possibilit\u00e9 qu&rsquo;offre une approche totalement \u00e9lectronique.<\/p>\n<p style=\"text-align: justify;\">Au moment de la prise de vue, le miroir d&rsquo;un reflex doit basculer vers le haut pour laisser passer la lumi\u00e8re vers le capteur d&rsquo;image. Ce mouvement impose d&rsquo;avoir une distance relativement grande entre la monture de l&rsquo;objectif et le plan du capteur, comme illustr\u00e9e dans la figure ci-dessous.<\/p>\n<figure id=\"attachment_33925\" aria-describedby=\"caption-attachment-33925\" style=\"width: 385px\" class=\"wp-caption aligncenter\"><img loading=\"lazy\" decoding=\"async\" class=\"size-full wp-image-33925\" src=\"https:\/\/cimbcc.org\/test2\/wp-content\/uploads\/chip_2021_02_24_photo_11.jpg\" alt=\"\" width=\"385\" height=\"480\" srcset=\"https:\/\/cimbcc.org\/test2\/wp-content\/uploads\/chip_2021_02_24_photo_11.jpg 385w, https:\/\/cimbcc.org\/test2\/wp-content\/uploads\/chip_2021_02_24_photo_11-241x300.jpg 241w\" sizes=\"auto, (max-width: 385px) 100vw, 385px\" \/><figcaption id=\"caption-attachment-33925\" class=\"wp-caption-text\"><a href=\"https:\/\/commons.wikimedia.org\/wiki\/File:Flange_Focal_Length_(2_types_camera).PNG\" target=\"_blank\" rel=\"noopener noreferrer\">Coupes en travers compar\u00e9es entre un appareil photographique num\u00e9rique reflex et un hybride<\/a><\/figcaption><\/figure>\n<p style=\"text-align: justify;\">Les <a href=\"https:\/\/fr.wikipedia.org\/wiki\/Appareil_photographique_hybride\" target=\"_blank\" rel=\"noopener noreferrer\">appareils num\u00e9riques hybrides<\/a> (<em>mirrorless<\/em> en anglais) envoient l&rsquo;image en temps r\u00e9el \u00e0 un \u00e9cran au dos de l&rsquo;appareil ou \u00e0 un affichage int\u00e9gr\u00e9 au viseur. La distance requise entre la monture de l&rsquo;objectif et le capteur est alors fortement r\u00e9duite. Ceci permet de concevoir des appareils plus compacts et moins complexes du point de vue m\u00e9canique.<\/p>\n<p style=\"text-align: justify;\">Le temps de traitement entre l&rsquo;arriv\u00e9e de l&rsquo;image sur le capteur et son affichage dans le viseur n&rsquo;est pas nul. Ce court d\u00e9lai est en constante am\u00e9lioration, mais il peut d\u00e9ranger les personnes qui essaient de saisir l&rsquo;instant crucial dans les photographies de sport.<\/p>\n<p style=\"text-align: justify;\">Comme les appareils hybrides demeurent sous tension pour produire l&rsquo;image dans le viseur, la consommation d&rsquo;\u00e9lectricit\u00e9 est plus grande que pour les appareils reflex. Par contre, il est possible d&rsquo;offrir des fonctionnalit\u00e9s nouvelles dans le viseur d&rsquo;un hybride comme l&rsquo;indication des zones qui risquent d&rsquo;\u00eatre totalement satur\u00e9es au moment de pousser le d\u00e9clencheur.<\/p>\n<p style=\"text-align: justify;\">En changeant la distance entre la monture de l&rsquo;objectif et le plan du capteur, cela implique que les optiques mont\u00e9es sur les reflex ne conviennent plus aux hybrides, sauf si un adaptateur est ajout\u00e9. Par exemple, dans le monde Nikon, les objectifs des appareils hybrides poss\u00e8dent une nouvelle <a href=\"https:\/\/fr.wikipedia.org\/wiki\/Monture_Nikon_Z\" target=\"_blank\" rel=\"noopener noreferrer\">monture Z<\/a> diff\u00e9rente de l&rsquo;ancienne <a href=\"https:\/\/fr.wikipedia.org\/wiki\/Monture_Nikon_F\" target=\"_blank\" rel=\"noopener noreferrer\">monture\u00a0F<\/a> utilis\u00e9e avec quelques adaptations depuis 1959. Le <a href=\"https:\/\/fr.wikipedia.org\/wiki\/Nikon_Z6\" target=\"_blank\" rel=\"noopener noreferrer\">Nikon Z6<\/a> montr\u00e9 ci-dessous illustre ce type d&rsquo;appareil.<\/p>\n<figure id=\"attachment_33926\" aria-describedby=\"caption-attachment-33926\" style=\"width: 500px\" class=\"wp-caption aligncenter\"><img loading=\"lazy\" decoding=\"async\" class=\"size-full wp-image-33926\" src=\"https:\/\/cimbcc.org\/test2\/wp-content\/uploads\/chip_2021_02_24_photo_10.jpg\" alt=\"\" width=\"500\" height=\"394\" srcset=\"https:\/\/cimbcc.org\/test2\/wp-content\/uploads\/chip_2021_02_24_photo_10.jpg 500w, https:\/\/cimbcc.org\/test2\/wp-content\/uploads\/chip_2021_02_24_photo_10-300x236.jpg 300w\" sizes=\"auto, (max-width: 500px) 100vw, 500px\" \/><figcaption id=\"caption-attachment-33926\" class=\"wp-caption-text\"><a href=\"https:\/\/commons.wikimedia.org\/wiki\/File:Nikon_Z_6_top_left_954.jpg\" target=\"_blank\" rel=\"noopener noreferrer\">Nikon Z6 &#8211; appareil photographique num\u00e9rique hybride<\/a><\/figcaption><\/figure>\n<h5><em>2.4 Ventes des appareils reflex, compacts et hybrides\u00a0<\/em><\/h5>\n<p style=\"text-align: justify;\">La figure suivante montre la r\u00e9partition des parts de march\u00e9 entre les appareils reflex, compacts et hybrides de 2013 \u00e0 nos jours. Les mod\u00e8les compacts sont en constante perte de popularit\u00e9 et en voie de disparition.<\/p>\n<p style=\"text-align: justify;\">Les reflex conservent approximativement leur place, mais les hybrides sont en forte augmentation. D&rsquo;ailleurs, leurs ventes ont d\u00e9pass\u00e9 celles des compacts et des reflex en 2020.<\/p>\n<figure id=\"attachment_33917\" aria-describedby=\"caption-attachment-33917\" style=\"width: 480px\" class=\"wp-caption aligncenter\"><img loading=\"lazy\" decoding=\"async\" class=\"size-full wp-image-33917\" src=\"https:\/\/cimbcc.org\/test2\/wp-content\/uploads\/chip_2021_02_24_photo_3.jpg\" alt=\"\" width=\"480\" height=\"288\" srcset=\"https:\/\/cimbcc.org\/test2\/wp-content\/uploads\/chip_2021_02_24_photo_3.jpg 480w, https:\/\/cimbcc.org\/test2\/wp-content\/uploads\/chip_2021_02_24_photo_3-300x180.jpg 300w\" sizes=\"auto, (max-width: 480px) 100vw, 480px\" \/><figcaption id=\"caption-attachment-33917\" class=\"wp-caption-text\"><a href=\"https:\/\/photorumors.com\/wp-content\/uploads\/2021\/02\/The-fall-of-the-photo-industry-between-2010-2020-infographic-chart-video-1.jpg\" target=\"_blank\" rel=\"noopener noreferrer\">R\u00e9partition des ventes d&rsquo;appareils photographiques num\u00e9riques entre 2013 et 2020<\/a><\/figcaption><\/figure>\n<p>Les parts des <a href=\"https:\/\/www.statista.com\/statistics\/1004962\/global-leading-manufacturers-digital-cameras-market-share-sales-volume\/\" target=\"_blank\" rel=\"noopener noreferrer\">ventes totales d&rsquo;appareils photo pour 2020<\/a> sont de\u00a0 :<\/p>\n<ul>\n<li>54,4% Canon;<\/li>\n<li>20,2% Sony;<\/li>\n<li>18,6% Nikon.<\/li>\n<\/ul>\n<p>Les autres manufacturiers se s\u00e9parent les restes.<\/p>\n<h5><em>2.5 R\u00e9volution avec l&rsquo;arriv\u00e9e des t\u00e9l\u00e9phones intelligents<\/em><\/h5>\n<p style=\"text-align: justify;\">Le premier <a href=\"https:\/\/fr.wikipedia.org\/wiki\/IPhone\" target=\"_blank\" rel=\"noopener noreferrer\">iPhone<\/a> a \u00e9t\u00e9 pr\u00e9sent\u00e9 par <a href=\"https:\/\/fr.wikipedia.org\/wiki\/Steve_Jobs\" target=\"_blank\" rel=\"noopener noreferrer\">Steve Jobs<\/a> en 2007. Ce <a href=\"https:\/\/fr.wikipedia.org\/wiki\/Smartphone\" target=\"_blank\" rel=\"noopener noreferrer\">t\u00e9l\u00e9phone intelligent<\/a> a r\u00e9volutionn\u00e9 plusieurs facettes de notre vie. Il a d&rsquo;ailleurs \u00e9norm\u00e9ment accru la capitalisation boursi\u00e8re de la firme <a href=\"https:\/\/fr.wikipedia.org\/wiki\/Apple\" target=\"_blank\" rel=\"noopener noreferrer\">Apple<\/a>.<\/p>\n<p style=\"text-align: justify;\">Il a mis l&rsquo;Internet dans la poche des gens et a permis l&rsquo;apparition d&rsquo;<a href=\"https:\/\/fr.wikipedia.org\/wiki\/Uber\" target=\"_blank\" rel=\"noopener noreferrer\">Uber<\/a> ainsi que d&rsquo;autres services \u00e0 domicile. D&rsquo;autre part, plusieurs personnes ont abandonn\u00e9 le r\u00e9seau t\u00e9l\u00e9phonique filaire en poss\u00e9dant uniquement un t\u00e9l\u00e9phone cellulaire.<\/p>\n<p style=\"text-align: justify;\">Finalement, la vaste majorit\u00e9 des vid\u00e9os et des photographies capt\u00e9es \u00e0 travers le monde se font d\u00e9sormais \u00e0 l&rsquo;aide de t\u00e9l\u00e9phones intelligents afin d&rsquo;alimenter les r\u00e9seaux sociaux comme <a href=\"https:\/\/fr.wikipedia.org\/wiki\/Facebook\" target=\"_blank\" rel=\"noopener noreferrer\">Facebook<\/a>, <a href=\"https:\/\/fr.wikipedia.org\/wiki\/Instagram\" target=\"_blank\" rel=\"noopener noreferrer\">Instagram<\/a>, <a href=\"https:\/\/fr.wikipedia.org\/wiki\/Snapchat\" target=\"_blank\" rel=\"noopener noreferrer\">Snapchat<\/a> ou <a href=\"https:\/\/fr.wikipedia.org\/wiki\/Tik_Tok\" target=\"_blank\" rel=\"noopener noreferrer\">Tik Tok<\/a>.<\/p>\n<p style=\"text-align: justify;\">D\u00e8s leur mise en march\u00e9, les ventes de t\u00e9l\u00e9phones intelligents ont surpass\u00e9 celles des appareils photo, comme montr\u00e9 dans la figure ci-dessous. Il se vend maintenant pr\u00e8s de 200 <em>\u00ab\u00a0smartphones\u00a0\u00bb<\/em> pour un seul appareil photo. Cette tendance lourde provoque une profonde contraction chez les manufacturiers d&rsquo;\u00e9quipement photographique. Par exemple, la firme <a href=\"https:\/\/www.01net.com\/actualites\/la-fin-d-une-ere-olympus-vend-sa-division-photo-1938290.html\" target=\"_blank\" rel=\"noopener noreferrer\">Olympus a vendu sa division photo<\/a> en juin 2020.<\/p>\n<figure id=\"attachment_33918\" aria-describedby=\"caption-attachment-33918\" style=\"width: 481px\" class=\"wp-caption aligncenter\"><img loading=\"lazy\" decoding=\"async\" class=\"size-full wp-image-33918\" src=\"https:\/\/cimbcc.org\/test2\/wp-content\/uploads\/chip_2021_02_24_photo_4.jpg\" alt=\"\" width=\"481\" height=\"288\" srcset=\"https:\/\/cimbcc.org\/test2\/wp-content\/uploads\/chip_2021_02_24_photo_4.jpg 481w, https:\/\/cimbcc.org\/test2\/wp-content\/uploads\/chip_2021_02_24_photo_4-300x180.jpg 300w\" sizes=\"auto, (max-width: 481px) 100vw, 481px\" \/><figcaption id=\"caption-attachment-33918\" class=\"wp-caption-text\"><a href=\"https:\/\/www.statista.com\/statistics\/263437\/global-smartphone-sales-to-end-users-since-2007\/\" target=\"_blank\" rel=\"noopener noreferrer\">Comparaison entre les ventes de t\u00e9l\u00e9phones intelligents et les appareils photographiques num\u00e9riques<\/a><\/figcaption><\/figure>\n<p style=\"text-align: justify;\"><a href=\"https:\/\/blog.flickr.net\/en\/2017\/12\/07\/top-devices-of-2017\/\" target=\"_blank\" rel=\"noopener noreferrer\">D\u00e9j\u00e0 en 2017<\/a>, les iPhone comptaient pour 54% des photos soumises sur le site Web <a href=\"https:\/\/fr.wikipedia.org\/wiki\/Flickr\" target=\"_blank\" rel=\"noopener noreferrer\">Flickr<\/a>, soit plus que le total des appareils produits par <a href=\"https:\/\/fr.wikipedia.org\/wiki\/Canon_(entreprise)\" target=\"_blank\" rel=\"noopener noreferrer\">Canon<\/a> (23%) et <a href=\"https:\/\/fr.wikipedia.org\/wiki\/Nikon\" target=\"_blank\" rel=\"noopener noreferrer\">Nikon<\/a> (18%).<\/p>\n<p style=\"text-align: justify;\">La tendance actuelle est d&rsquo;incorporer des objectifs de plus en plus nombreux \u00e0 l&rsquo;arri\u00e8re des t\u00e9l\u00e9phones, 2, 3 ou m\u00eame 4. Les trois objectifs faisant partie de l&rsquo;iPhone 12 Pro sont montr\u00e9s dans l&rsquo;image ci-dessous.<\/p>\n<figure id=\"attachment_33927\" aria-describedby=\"caption-attachment-33927\" style=\"width: 220px\" class=\"wp-caption aligncenter\"><img loading=\"lazy\" decoding=\"async\" class=\"size-full wp-image-33927\" src=\"https:\/\/cimbcc.org\/test2\/wp-content\/uploads\/chip_2021_02_24_photo_12.jpg\" alt=\"\" width=\"220\" height=\"258\" \/><figcaption id=\"caption-attachment-33927\" class=\"wp-caption-text\"><a href=\"https:\/\/commons.wikimedia.org\/wiki\/File:IPhone_12_Pro_Max_-_3.jpg\" target=\"_blank\" rel=\"noopener noreferrer\">Triples objectifs d&rsquo;un iPhone 12 Pro<\/a><\/figcaption><\/figure>\n<p style=\"text-align: justify;\">L&rsquo;objectif principal poss\u00e8de 7 <a href=\"https:\/\/fr.wikipedia.org\/wiki\/Lentille_optique\" target=\"_blank\" rel=\"noopener noreferrer\">lentilles<\/a>, procure une longueur focale \u00e9quivalente en format 35 mm de <strong>26 mm<\/strong> et est dot\u00e9 d&rsquo;une ouverture maximale de <strong>f\/1,6<\/strong> avec un capteur de 12 Mp.\u00a0 Le deuxi\u00e8me objectif est compos\u00e9 de 6 <a href=\"https:\/\/fr.wikipedia.org\/wiki\/Lentille_optique\" target=\"_blank\" rel=\"noopener noreferrer\">lentilles<\/a> pour une longueur focale de <strong>52 mm<\/strong> avec une ouverture de <strong>f\/2<\/strong>. Finalement, il y a un tr\u00e8s grand angle de <strong>13\u00a0mm<\/strong> avec 5 <a href=\"https:\/\/fr.wikipedia.org\/wiki\/Lentille_optique\" target=\"_blank\" rel=\"noopener noreferrer\">lentilles<\/a> pour une ouverture de <strong>f\/2,4<\/strong>. Avec deux objectifs plut\u00f4t que trois, les iPhone 12 et 12 Mini ont les 26 mm f\/1,6 et 13 mm f\/2,4\u00a0 en commun avec le mod\u00e8le Pro.<\/p>\n<p style=\"text-align: justify;\">Pour un objet qui se glisse facilement dans une poche de chemise ou un sac \u00e0 main, il s&rsquo;agit d&rsquo;un impressionnant arsenal photographique. Nous sommes loin de l&rsquo;appareil 35 mm accroch\u00e9 autour du cou et d&rsquo;un lourd sac d&rsquo;accessoires en bandouli\u00e8re.<\/p>\n<p style=\"text-align: justify;\">Le processeur \u00e9quipant les t\u00e9l\u00e9phones intelligents permet de faire des corrections optiques, de stabiliser les images et d&rsquo;ins\u00e9rer certains effets sp\u00e9ciaux sans n\u00e9cessiter l&rsquo;utilisation d&rsquo;un ordinateur en post-traitement. L&rsquo;acc\u00e8s au r\u00e9seau Wi-Fi ou cellulaire autorise un partage instantan\u00e9 avec d&rsquo;autres personnes ou sur les r\u00e9seaux sociaux. C&rsquo;est une des grandes forces de tels appareils.<\/p>\n<h4>3. Quelques commentaires avant de terminer<\/h4>\n<p style=\"text-align: justify;\">Il est \u00e9vident que la fermeture des fronti\u00e8res li\u00e9e \u00e0 la pand\u00e9mie n&rsquo;a pas aid\u00e9 les ventes d&rsquo;appareils photo en emp\u00eachant les gens de voyager. Par contre, la pr\u00e9pond\u00e9rance des t\u00e9l\u00e9phones intelligents face aux appareils photo va certainement continuer, sauf pour les enthousiastes fortun\u00e9s et les professionnels de la photo.<\/p>\n<p style=\"text-align: justify;\">Les prix des \u00e9quipements photographiques sont toujours influenc\u00e9s par les fluctuations des taux de change. Depuis une dizaine d&rsquo;ann\u00e9es, il y a une nette augmentation des prix au-del\u00e0 de l&rsquo;inflation. Les nouveaux appareils hybrides sont certainement moins chers \u00e0 fabriquer que les anciens reflex parce qu&rsquo;ils contiennent moins de pi\u00e8ces mobiles, mais les manufacturiers nous font payer leurs co\u00fbts de recherche et de d\u00e9veloppement.<\/p>\n<p style=\"text-align: justify;\">De plus, le changement du type de monture pour les objectifs des hybrides rend en bonne partie d\u00e9suets ceux qui fonctionnaient avec les anciens reflex.\u00a0 Pour les photographes professionnels, ces nouveaux achats peuvent se justifier par une am\u00e9lioration de la qualit\u00e9 de leurs images. Pour les amateurs poss\u00e9dant d\u00e9j\u00e0 de l&rsquo;\u00e9quipement en voie de devenir obsol\u00e8te, cela porte \u00e0 r\u00e9fl\u00e9chir quant \u00e0 la sagesse de faire de nouvelles acquisitions. Encore l\u00e0, les manufacturiers imposent des tarifs tr\u00e8s cors\u00e9s pour leurs plus r\u00e9cents produits.<\/p>\n<p style=\"text-align: justify;\">Il faut aussi se rappeler que la course aux m\u00e9gapixels et la facilit\u00e9 d\u00e9concertante avec laquelle il est possible d&rsquo;accumuler des clich\u00e9s avec un appareil num\u00e9rique ont un impact direct sur les sp\u00e9cifications minimales requises pour les ordinateurs qui doivent traiter et emmagasiner les donn\u00e9es r\u00e9sultantes.<\/p>\n<p style=\"text-align: justify;\">Le meilleur \u00e9quipement est souvent celui que l&rsquo;on poss\u00e8de d\u00e9j\u00e0, car sa manipulation est bien connue. Il n&rsquo;est pas toujours n\u00e9cessaire d&rsquo;\u00e9couter le chant des sir\u00e8nes nous vantant les plus r\u00e9centes technologies.<\/p>\n<p style=\"text-align: justify;\">Pour fermer cette boucle, il est int\u00e9ressant de noter qu&rsquo;il y a actuellement une <a href=\"https:\/\/www.exemplaire.com.ulaval.ca\/culture\/vers-un-retour-de-la-photographie-argentique\/\" target=\"_blank\" rel=\"noopener noreferrer\">recrudescence d&rsquo;int\u00e9r\u00eat pour la photo argentique<\/a>. Certaines personnes aiment acheter les vieux appareils photo sur le march\u00e9 d&rsquo;occasion. Il serait peut-\u00eatre le temps de songer \u00e0 vendre vos vieux appareils rang\u00e9s depuis trop longtemps sur une tablette.<\/p>\n<p>Richard Gervais<\/p>\n","protected":false},"excerpt":{"rendered":"<p>Les appareils photographiques se sont adapt\u00e9s au fil des d\u00e9cennies aux diff\u00e9rents types de supports physiques permettant de conserver les images. Les pellicules de format 35 mm ont domin\u00e9 pendant 75 ans apr\u00e8s l&rsquo;introduction de l&rsquo;appareil Leica par Oskar Barnack en 1925. \u00c0 partir de 1999, une r\u00e9volution s&rsquo;est d\u00e9roul\u00e9e avec l&rsquo;arriv\u00e9e de la photographie &hellip; <a href=\"https:\/\/cimbcc.org\/test2\/le-marche-des-appareils-photographiques-subit-une-profonde-contraction\/\" class=\"more-link\">Continuer la lecture de <span class=\"screen-reader-text\">Le march\u00e9 des appareils photographiques subit une profonde contraction<\/span>  <span class=\"meta-nav\">&rarr;<\/span><\/a><\/p>\n","protected":false},"author":43,"featured_media":0,"comment_status":"open","ping_status":"closed","sticky":false,"template":"","format":"standard","meta":{"footnotes":""},"categories":[24],"tags":[112,216,48,808,104],"class_list":["post-33928","post","type-post","status-publish","format-standard","hentry","category-conseils-pratiques","tag-achat","tag-iphone","tag-photo","tag-photographie","tag-telephone-intelligent"],"_links":{"self":[{"href":"https:\/\/cimbcc.org\/test2\/wp-json\/wp\/v2\/posts\/33928","targetHints":{"allow":["GET"]}}],"collection":[{"href":"https:\/\/cimbcc.org\/test2\/wp-json\/wp\/v2\/posts"}],"about":[{"href":"https:\/\/cimbcc.org\/test2\/wp-json\/wp\/v2\/types\/post"}],"author":[{"embeddable":true,"href":"https:\/\/cimbcc.org\/test2\/wp-json\/wp\/v2\/users\/43"}],"replies":[{"embeddable":true,"href":"https:\/\/cimbcc.org\/test2\/wp-json\/wp\/v2\/comments?post=33928"}],"version-history":[{"count":61,"href":"https:\/\/cimbcc.org\/test2\/wp-json\/wp\/v2\/posts\/33928\/revisions"}],"predecessor-version":[{"id":34034,"href":"https:\/\/cimbcc.org\/test2\/wp-json\/wp\/v2\/posts\/33928\/revisions\/34034"}],"wp:attachment":[{"href":"https:\/\/cimbcc.org\/test2\/wp-json\/wp\/v2\/media?parent=33928"}],"wp:term":[{"taxonomy":"category","embeddable":true,"href":"https:\/\/cimbcc.org\/test2\/wp-json\/wp\/v2\/categories?post=33928"},{"taxonomy":"post_tag","embeddable":true,"href":"https:\/\/cimbcc.org\/test2\/wp-json\/wp\/v2\/tags?post=33928"}],"curies":[{"name":"wp","href":"https:\/\/api.w.org\/{rel}","templated":true}]}}