{"id":34039,"date":"2021-03-02T16:00:08","date_gmt":"2021-03-02T21:00:08","guid":{"rendered":"https:\/\/cimbcc.org\/test2\/?p=34039"},"modified":"2023-10-16T22:12:06","modified_gmt":"2023-10-17T02:12:06","slug":"linfluence-du-confinement-et-du-teletravail-sur-les-ventes-dequipements-informatiques-en-2020","status":"publish","type":"post","link":"https:\/\/cimbcc.org\/test2\/linfluence-du-confinement-et-du-teletravail-sur-les-ventes-dequipements-informatiques-en-2020\/","title":{"rendered":"L&rsquo;influence du confinement et du t\u00e9l\u00e9travail sur les ventes d&rsquo;\u00e9quipements informatiques en 2020"},"content":{"rendered":"<figure id=\"attachment_24158\" aria-describedby=\"caption-attachment-24158\" style=\"width: 125px\" class=\"wp-caption aligncenter\"><img loading=\"lazy\" decoding=\"async\" class=\"size-full wp-image-24158\" src=\"https:\/\/cimbcc.org\/test2\/wp-content\/uploads\/photo_gervais_richard.jpg\" alt=\"\" width=\"125\" height=\"125\" \/><figcaption id=\"caption-attachment-24158\" class=\"wp-caption-text\"><span style=\"color: #ffffff;\">mnm<\/span>Richard Gervais<\/figcaption><\/figure>\n<p style=\"text-align: justify;\">Le confinement li\u00e9 \u00e0 la pand\u00e9mie de COVID-19 a \u00e9branl\u00e9 les fondements de notre monde depuis un an. Il s&rsquo;en est suivi des changements fondamentaux dans nos fa\u00e7ons de vivre. Le t\u00e9l\u00e9travail et l&rsquo;\u00e9cole \u00e0 distance sont deux activit\u00e9s dont la pr\u00e9valence a alors explos\u00e9.<\/p>\n<p style=\"text-align: justify;\">L&rsquo;irruption massive de ces fa\u00e7ons d&rsquo;interagir \u00e0 distance a eu des cons\u00e9quences dans le monde des ordinateurs, des tablettes et des t\u00e9l\u00e9phones intelligents. Des perturbations se sont aussi fait sentir dans plusieurs autres domaines. Par exemple, <a href=\"https:\/\/www.lapresse.ca\/affaires\/entreprises\/2021-02-03\/penurie-de-puces-electroniques\/gm-ferme-trois-usines-pendant-une-semaine.php\" target=\"_blank\" rel=\"noopener noreferrer\">les constructeurs d\u2019automobiles ont d\u00fb ralentir leur production<\/a> parce que les fabricants de puces \u00e9lectroniques ne suffisaient pas \u00e0 la demande.<\/p>\n<p style=\"text-align: justify;\">Cet article examine quelques statistiques au sujet des ventes mondiales d&rsquo;\u00e9quipements informatiques en 2020. Il y sera aussi question du d\u00e9ploiement du r\u00e9seau cellulaire 5G au Canada.<\/p>\n<p style=\"text-align: justify;\"><!--more--><\/p>\n<hr \/>\n<h4>Ordinateurs<\/h4>\n<p style=\"text-align: justify;\">Les ventes mondiales d&rsquo;ordinateurs avaient enregistr\u00e9 un sommet de <a href=\"https:\/\/www.reuters.com\/article\/us-tech-hardware-yearend-idUSKBN28Y12M\" target=\"_blank\" rel=\"noopener noreferrer\">300 millions d&rsquo;unit\u00e9s en 2008<\/a>, mais elles \u00e9taient en d\u00e9croissance depuis ce temps puisque les gens achetaient beaucoup de tablettes et de t\u00e9l\u00e9phones intelligents.<\/p>\n<p style=\"text-align: justify;\">Apr\u00e8s mars 2020, les besoins informatiques \u00e0 la maison ont fortement augment\u00e9. Un seul ordinateur partag\u00e9 par plusieurs personnes d&rsquo;une m\u00eame bulle familiale ne suffisait plus \u00e0 la t\u00e2che, surtout avec une ou deux personnes en t\u00e9l\u00e9travail et des enfants en \u00e9cole \u00e0 distance.<\/p>\n<p style=\"text-align: justify;\">Avant le confinement, l&rsquo;ann\u00e9e 2020 semblait s&rsquo;annoncer modeste, mais plus de <a href=\"https:\/\/www.gartner.com\/en\/newsroom\/press-releases\/2021-01-11-gartner-says-worldwide-pc-shipments-grew-10-point-7-percent-in-the-fourth-quarter-of-2020-and-4-point-8-percent-for-the-year\" target=\"_blank\" rel=\"noopener noreferrer\">275 millions d&rsquo;ordinateurs<\/a> y ont finalement \u00e9t\u00e9 vendus, ce qui constitue un record pour les 10 derni\u00e8res ann\u00e9es. La figure suivante ventile ces ventes par manufacturiers.<\/p>\n<figure id=\"attachment_34087\" aria-describedby=\"caption-attachment-34087\" style=\"width: 408px\" class=\"wp-caption aligncenter\"><img loading=\"lazy\" decoding=\"async\" class=\"size-full wp-image-34087\" src=\"https:\/\/cimbcc.org\/test2\/wp-content\/uploads\/chip_2021_03_02_ordi_1.jpg\" alt=\"\" width=\"408\" height=\"288\" srcset=\"https:\/\/cimbcc.org\/test2\/wp-content\/uploads\/chip_2021_03_02_ordi_1.jpg 408w, https:\/\/cimbcc.org\/test2\/wp-content\/uploads\/chip_2021_03_02_ordi_1-300x212.jpg 300w\" sizes=\"auto, (max-width: 408px) 100vw, 408px\" \/><figcaption id=\"caption-attachment-34087\" class=\"wp-caption-text\"><a href=\"https:\/\/www.gartner.com\/en\/newsroom\/press-releases\/2021-01-11-gartner-says-worldwide-pc-shipments-grew-10-point-7-percent-in-the-fourth-quarter-of-2020-and-4-point-8-percent-for-the-year\" target=\"_blank\" rel=\"noopener noreferrer\">Ventilation en pourcentage des ventes totales mondiales d&rsquo;ordinateurs en 2020<\/a><\/figcaption><\/figure>\n<p style=\"text-align: justify;\">Les trois plus gros vendeurs sont <a href=\"https:\/\/fr.wikipedia.org\/wiki\/Lenovo\" target=\"_blank\" rel=\"noopener noreferrer\">Lenovo<\/a>, <a href=\"https:\/\/fr.wikipedia.org\/wiki\/Hewlett-Packard\" target=\"_blank\" rel=\"noopener noreferrer\">HP<\/a> et <a href=\"https:\/\/fr.wikipedia.org\/wiki\/Dell\" target=\"_blank\" rel=\"noopener noreferrer\">Dell<\/a>. Suivent ensuite <a href=\"https:\/\/fr.wikipedia.org\/wiki\/Apple\" target=\"_blank\" rel=\"noopener noreferrer\">Apple<\/a>, <a href=\"https:\/\/fr.wikipedia.org\/wiki\/Asus\" target=\"_blank\" rel=\"noopener noreferrer\">Asus<\/a> et <a href=\"https:\/\/fr.wikipedia.org\/wiki\/Acer_(entreprise)\" target=\"_blank\" rel=\"noopener noreferrer\">Acer<\/a>. Il se vend environ trois ordinateurs portables pour un ordinateur de bureau. Les <a href=\"https:\/\/www.statista.com\/statistics\/272595\/global-shipments-forecast-for-tablets-laptops-and-desktop-pcs\/\" target=\"_blank\" rel=\"noopener noreferrer\">ventes pr\u00e9vues pour 2021<\/a> et les ann\u00e9es suivantes sont semblables \u00e0 ce qui a \u00e9t\u00e9 observ\u00e9 en 2020.<\/p>\n<p style=\"text-align: justify;\">Un ordinateur doit utiliser un syst\u00e8me d&rsquo;exploitation pour fonctionner. La figure suivante montre quelle est la r\u00e9partition mondiale en janvier 2021 entre les divers concurrents dans ce cr\u00e9neau. <a href=\"https:\/\/fr.wikipedia.org\/wiki\/Microsoft_Windows\" target=\"_blank\" rel=\"noopener noreferrer\">Microsoft Windows<\/a> avec toutes ses versions domine largement, mais l&rsquo;<a href=\"https:\/\/fr.wikipedia.org\/wiki\/MacOS\" target=\"_blank\" rel=\"noopener noreferrer\">OS X<\/a> utilis\u00e9 sur les <a href=\"https:\/\/fr.wikipedia.org\/wiki\/Macintosh\" target=\"_blank\" rel=\"noopener noreferrer\">Mac<\/a> poss\u00e8de une part appr\u00e9ciable de march\u00e9 avec 17%.\u00a0 <a href=\"https:\/\/fr.wikipedia.org\/wiki\/Linux\" target=\"_blank\" rel=\"noopener noreferrer\">Linux<\/a> serait pr\u00e9sent sur 2% des ordinateurs, tout comme <a href=\"https:\/\/fr.wikipedia.org\/wiki\/Chrome_OS\" target=\"_blank\" rel=\"noopener noreferrer\">Chrome OS<\/a>.<\/p>\n<figure id=\"attachment_34088\" aria-describedby=\"caption-attachment-34088\" style=\"width: 354px\" class=\"wp-caption aligncenter\"><img loading=\"lazy\" decoding=\"async\" class=\"size-full wp-image-34088\" src=\"https:\/\/cimbcc.org\/test2\/wp-content\/uploads\/chip_2021_03_02_ordi_2.jpg\" alt=\"\" width=\"354\" height=\"288\" srcset=\"https:\/\/cimbcc.org\/test2\/wp-content\/uploads\/chip_2021_03_02_ordi_2.jpg 354w, https:\/\/cimbcc.org\/test2\/wp-content\/uploads\/chip_2021_03_02_ordi_2-300x244.jpg 300w\" sizes=\"auto, (max-width: 354px) 100vw, 354px\" \/><figcaption id=\"caption-attachment-34088\" class=\"wp-caption-text\"><a href=\"https:\/\/gs.statcounter.com\/os-market-share\/desktop\/worldwide\" target=\"_blank\" rel=\"noopener noreferrer\">Parts du march\u00e9 mondial des diff\u00e9rents syst\u00e8mes d&rsquo;exploitation pour les ordinateurs<\/a><\/figcaption><\/figure>\n<hr \/>\n<h4 style=\"text-align: justify;\">Tablettes<\/h4>\n<p style=\"text-align: justify;\">Les ventes totales de tablettes ont d\u00e9pass\u00e9 <a href=\"https:\/\/www.idc.com\/getdoc.jsp?containerId=prUS47423721\" target=\"_blank\" rel=\"noopener noreferrer\">164 millions d&rsquo;unit\u00e9s<\/a> en 2020, ce qui constitue une augmentation de 13,6% par rapport \u00e0 2019. L&rsquo;\u00e9cole \u00e0 distance a \u00e9t\u00e9 un gros facteur dans cette hausse.<\/p>\n<p style=\"text-align: justify;\">Comme manufacturier et concepteur, <a href=\"https:\/\/fr.wikipedia.org\/wiki\/Apple\" target=\"_blank\" rel=\"noopener noreferrer\">Apple<\/a> domine ce march\u00e9 avec une part de 32,5%. Les autres gros joueurs sont <a href=\"https:\/\/fr.wikipedia.org\/wiki\/Samsung_Electronics\" target=\"_blank\" rel=\"noopener noreferrer\">Samsung<\/a>, <a href=\"https:\/\/fr.wikipedia.org\/wiki\/Huawei\" target=\"_blank\" rel=\"noopener noreferrer\">Huawei<\/a>, <a href=\"https:\/\/fr.wikipedia.org\/wiki\/Lenovo\" target=\"_blank\" rel=\"noopener noreferrer\">Lenovo<\/a> et <a href=\"https:\/\/fr.wikipedia.org\/wiki\/Amazon\" target=\"_blank\" rel=\"noopener noreferrer\">Amazon<\/a> avec ses appareils <a href=\"https:\/\/fr.wikipedia.org\/wiki\/Amazon_Kindle\" target=\"_blank\" rel=\"noopener noreferrer\">Kindle<\/a>.<\/p>\n<figure id=\"attachment_34100\" aria-describedby=\"caption-attachment-34100\" style=\"width: 375px\" class=\"wp-caption aligncenter\"><img loading=\"lazy\" decoding=\"async\" class=\"size-full wp-image-34100\" src=\"https:\/\/cimbcc.org\/test2\/wp-content\/uploads\/chip_2021_03_02_ordi_3.jpg\" alt=\"\" width=\"375\" height=\"288\" srcset=\"https:\/\/cimbcc.org\/test2\/wp-content\/uploads\/chip_2021_03_02_ordi_3.jpg 375w, https:\/\/cimbcc.org\/test2\/wp-content\/uploads\/chip_2021_03_02_ordi_3-300x230.jpg 300w\" sizes=\"auto, (max-width: 375px) 100vw, 375px\" \/><figcaption id=\"caption-attachment-34100\" class=\"wp-caption-text\"><a href=\"https:\/\/www.idc.com\/getdoc.jsp?containerId=prUS47423721\" target=\"_blank\" rel=\"noopener noreferrer\">Ventilation en pourcentage des ventes totales mondiales de tablettes en 2020<\/a><\/figcaption><\/figure>\n<p style=\"text-align: justify;\">Les tablettes avaient enregistr\u00e9 leurs meilleures ventes en 2014 et elles \u00e9taient en d\u00e9croissance depuis ce temps. Comme le montre la figure suivante, l&rsquo;ann\u00e9e 2020 a rompu cette tendance \u00e0 la baisse. La projection des ventes pour 2021 est indiqu\u00e9e en gris sur l&rsquo;histogramme.<\/p>\n<figure id=\"attachment_34102\" aria-describedby=\"caption-attachment-34102\" style=\"width: 481px\" class=\"wp-caption alignnone\"><img loading=\"lazy\" decoding=\"async\" class=\"size-full wp-image-34102\" src=\"https:\/\/cimbcc.org\/test2\/wp-content\/uploads\/chip_2021_03_02_ordi_4.jpg\" alt=\"\" width=\"481\" height=\"288\" srcset=\"https:\/\/cimbcc.org\/test2\/wp-content\/uploads\/chip_2021_03_02_ordi_4.jpg 481w, https:\/\/cimbcc.org\/test2\/wp-content\/uploads\/chip_2021_03_02_ordi_4-300x180.jpg 300w\" sizes=\"auto, (max-width: 481px) 100vw, 481px\" \/><figcaption id=\"caption-attachment-34102\" class=\"wp-caption-text\"><a href=\"https:\/\/www.statista.com\/statistics\/272595\/global-shipments-forecast-for-tablets-laptops-and-desktop-pcs\/\" target=\"_blank\" rel=\"noopener noreferrer\">Ventes totales de tablettes depuis 2010<\/a><\/figcaption><\/figure>\n<p>Aux \u00c9tats-Unis, la dur\u00e9e de vie moyenne d&rsquo;une tablette est de <a href=\"https:\/\/www.statista.com\/statistics\/267473\/average-tablet-life\/\" target=\"_blank\" rel=\"noopener noreferrer\">7 ans<\/a> et le march\u00e9 \u00e9tait domin\u00e9 \u00e0 80% par iOS en 2019.<\/p>\n<hr \/>\n<h4>T\u00e9l\u00e9phones intelligents<\/h4>\n<p style=\"text-align: justify;\">Les ventes de t\u00e9l\u00e9phones intelligents en 2020 ont \u00e9t\u00e9 de l&rsquo;ordre de 1,4 milliard d&rsquo;unit\u00e9s. Elles ont toutefois <a href=\"https:\/\/www.gartner.com\/en\/newsroom\/press-releases\/2021-02-03-gartner-says-worldwide-smartphone-sales-to-grow-11-percent-in-2021\" target=\"_blank\" rel=\"noopener noreferrer\">recul\u00e9 de 10,5%<\/a> par rapport \u00e0 l&rsquo;ann\u00e9e pr\u00e9c\u00e9dente.<\/p>\n<p style=\"text-align: justify;\">Il existe une multitude de fabricants de t\u00e9l\u00e9phones et seuls les cinq plus gros, <a href=\"https:\/\/fr.wikipedia.org\/wiki\/Samsung_Electronics\" target=\"_blank\" rel=\"noopener noreferrer\">Samsung<\/a>, <a href=\"https:\/\/fr.wikipedia.org\/wiki\/Apple\" target=\"_blank\" rel=\"noopener noreferrer\">Apple<\/a>, <a href=\"https:\/\/fr.wikipedia.org\/wiki\/Huawei\" target=\"_blank\" rel=\"noopener noreferrer\">Huawei<\/a>, <a href=\"https:\/\/fr.wikipedia.org\/wiki\/Xiaomi\" target=\"_blank\" rel=\"noopener noreferrer\">Xiaomi<\/a>, <a href=\"https:\/\/fr.wikipedia.org\/wiki\/Oppo\" target=\"_blank\" rel=\"noopener noreferrer\">Oppo<\/a>, sont pr\u00e9sent\u00e9s dans la figure ci-dessous.<\/p>\n<figure id=\"attachment_34091\" aria-describedby=\"caption-attachment-34091\" style=\"width: 349px\" class=\"wp-caption aligncenter\"><img loading=\"lazy\" decoding=\"async\" class=\"size-full wp-image-34091\" src=\"https:\/\/cimbcc.org\/test2\/wp-content\/uploads\/chip_2021_03_02_ordi_5.jpg\" alt=\"\" width=\"349\" height=\"288\" srcset=\"https:\/\/cimbcc.org\/test2\/wp-content\/uploads\/chip_2021_03_02_ordi_5.jpg 349w, https:\/\/cimbcc.org\/test2\/wp-content\/uploads\/chip_2021_03_02_ordi_5-300x248.jpg 300w\" sizes=\"auto, (max-width: 349px) 100vw, 349px\" \/><figcaption id=\"caption-attachment-34091\" class=\"wp-caption-text\"><a href=\"https:\/\/www.gartner.com\/en\/newsroom\/press-releases\/2021-02-03-gartner-says-worldwide-smartphone-sales-to-grow-11-percent-in-2021\" target=\"_blank\" rel=\"noopener noreferrer\">Ventilation en pourcentage des ventes totales mondiales de t\u00e9l\u00e9phones intelligents en 2020<\/a><\/figcaption><\/figure>\n<p style=\"text-align: justify;\">Sauf pour les <a href=\"https:\/\/fr.wikipedia.org\/wiki\/Iphone\" target=\"_blank\" rel=\"noopener noreferrer\">iPhone<\/a> vendus par <a href=\"https:\/\/fr.wikipedia.org\/wiki\/Apple\" target=\"_blank\" rel=\"noopener noreferrer\">Apple<\/a>, tous ces appareils ont le syst\u00e8me d&rsquo;exploitation <a href=\"https:\/\/fr.wikipedia.org\/wiki\/Android\" target=\"_blank\" rel=\"noopener noreferrer\">Android<\/a> en commun. La croissance pr\u00e9vue des ventes de t\u00e9l\u00e9phones pour 2021 est de <a href=\"https:\/\/www.gartner.com\/en\/newsroom\/press-releases\/2021-02-03-gartner-says-worldwide-smartphone-sales-to-grow-11-percent-in-2021\" target=\"_blank\" rel=\"noopener noreferrer\">11% selon Gartner<\/a>.<\/p>\n<p style=\"text-align: justify;\">Comme vous pouvez le constater plus bas, la r\u00e9partition entre les produits Apple utilisant <a href=\"https:\/\/fr.wikipedia.org\/wiki\/IOS\" target=\"_blank\" rel=\"noopener noreferrer\">iOS<\/a> et les t\u00e9l\u00e9phones fonctionnant avec Android varie \u00e9norm\u00e9ment selon les pays. Les contr\u00e9es les plus riches acceptent de payer la prime demand\u00e9e par Apple pour ses produits, ce qui n&rsquo;est pas le cas pour les pays moins fortun\u00e9s.<\/p>\n<figure id=\"attachment_34092\" aria-describedby=\"caption-attachment-34092\" style=\"width: 911px\" class=\"wp-caption alignnone\"><img loading=\"lazy\" decoding=\"async\" class=\"size-full wp-image-34092\" src=\"https:\/\/cimbcc.org\/test2\/wp-content\/uploads\/chip_2021_03_02_ordi_6.jpg\" alt=\"\" width=\"911\" height=\"661\" srcset=\"https:\/\/cimbcc.org\/test2\/wp-content\/uploads\/chip_2021_03_02_ordi_6.jpg 911w, https:\/\/cimbcc.org\/test2\/wp-content\/uploads\/chip_2021_03_02_ordi_6-300x218.jpg 300w, https:\/\/cimbcc.org\/test2\/wp-content\/uploads\/chip_2021_03_02_ordi_6-768x557.jpg 768w\" sizes=\"auto, (max-width: 911px) 100vw, 911px\" \/><figcaption id=\"caption-attachment-34092\" class=\"wp-caption-text\"><a href=\"https:\/\/www.statista.com\/chart\/22702\/andoid-ios-market-share-selected-countries\/\" target=\"_blank\" rel=\"noopener noreferrer\">Parts de march\u00e9 des syst\u00e8mes d&rsquo;exploitation iOS et Android pour les t\u00e9l\u00e9phones intelligents vendus dans divers pays<\/a><\/figcaption><\/figure>\n<hr \/>\n<h4>D\u00e9ploiement de la technologie 5G au Canada<\/h4>\n<p style=\"text-align: justify;\">Le <a href=\"https:\/\/www.lesaffaires.com\/dossier\/telecommunication\/le-canada-est-il-en-retard-au-bal-de-la-5g-\/619302\" target=\"_blank\" rel=\"noopener noreferrer\">gros changement pr\u00e9vu<\/a> pour les prochaines ann\u00e9es sera le d\u00e9ploiement graduel des <a href=\"https:\/\/fr.wikipedia.org\/wiki\/5G\" target=\"_blank\" rel=\"noopener noreferrer\">r\u00e9seaux 5G<\/a> par les diff\u00e9rents fournisseurs de service cellulaire au pays. Chacun de ceux-ci utilise des fr\u00e9quences qui lui sont r\u00e9serv\u00e9es. Le signal 5G peut se servir de trois diff\u00e9rentes gammes de fr\u00e9quences : 700 MHz, 3 500 MHz et au-del\u00e0 de 30 GHz.<\/p>\n<p style=\"text-align: justify;\">Le retrait des cha\u00eenes de t\u00e9l\u00e9vision analogique en ao\u00fbt 2011 a lib\u00e9r\u00e9 les fr\u00e9quences entre 698 et 804 MHz. Cette bande de fr\u00e9quences, appel\u00e9e <strong>700 MHz<\/strong>, a \u00e9t\u00e9 <a href=\"https:\/\/en.wikipedia.org\/wiki\/700_MHz_auction_in_Canada\" target=\"_blank\" rel=\"noopener noreferrer\">mise \u00e0 l&rsquo;encan en 2014<\/a>. Elle a \u00e9t\u00e9 adjug\u00e9e \u00e0 huit entreprises qui ont d\u00e9bours\u00e9 au Gouvernement f\u00e9d\u00e9ral un total de plus de 5 milliards de dollars pour en acqu\u00e9rir une partie. C&rsquo;est dans cette portion du spectre \u00e9lectromagn\u00e9tique que le service 5G sera implant\u00e9 \u00e0 court terme au Canada.<\/p>\n<p style=\"text-align: justify;\">Une autre ench\u00e8re pour la bande de <strong>3 500 MHz<\/strong> \u00e9tait pr\u00e9vue en d\u00e9cembre 2020 avec les fr\u00e9quences entre 3 450 et 3 650 MHz, mais la pand\u00e9mie l&rsquo;a retard\u00e9e <a href=\"https:\/\/www.canada.ca\/fr\/innovation-sciences-developpement-economique\/nouvelles\/2020\/03\/encheres-du-spectre-de-la-bande-de-3500mhz.html\" target=\"_blank\" rel=\"noopener noreferrer\">jusqu&rsquo;\u00e0 juin 2021<\/a>. Ces <strong>ondes centim\u00e9triques<\/strong> font partie de la <a href=\"https:\/\/www.everythingrf.com\/community\/s-band\" target=\"_blank\" rel=\"noopener noreferrer\">bande S des micro-ondes<\/a>, la m\u00eame qu&#8217;employ\u00e9e par le Wi-Fi de 2,4 GHz. Comme les ench\u00e8res ne sont m\u00eame pas encore termin\u00e9es, le service commercial dans cette bande est au mieux une proposition \u00e0 moyen terme.<\/p>\n<p style=\"text-align: justify;\">Les <strong>ondes millim\u00e9triques,<\/strong> entre 30 et 300 GHz, forment une autre bande de fr\u00e9quences que les r\u00e9seaux 5G peuvent utiliser. Plus les fr\u00e9quences augmentent, meilleure est la capacit\u00e9 de transmettre de l&rsquo;information. Toutefois, cet avantage est associ\u00e9 \u00e0 une tr\u00e8s courte port\u00e9e des ondes. Dans un milieu tr\u00e8s dens\u00e9ment peupl\u00e9, les ondes millim\u00e9triques poss\u00e8dent donc un atout \u00e0 condition d&rsquo;avoir un r\u00e9seau de nombreuses antennes. Cette technologie n&rsquo;est pas encore d\u00e9ploy\u00e9e au Canada.<\/p>\n<p style=\"text-align: justify;\">Par exemple, les <a href=\"https:\/\/www.apple.com\/ca\/fr\/iphone-12\/specs\/\" target=\"_blank\" rel=\"noopener noreferrer\">iPhone 12<\/a> arriv\u00e9s \u00e0 l&rsquo;automne 2020 au Canada pourront fonctionner en <a href=\"https:\/\/www.iphoneincanada.ca\/news\/iphone-12-mmwave-5g-not-supported-canada\/\" target=\"_blank\" rel=\"noopener noreferrer\">5G \u00e0 700 et 3 500 MHz<\/a>, m\u00eame si le service commercial n&rsquo;existe pas encore pour cette derni\u00e8re bande de fr\u00e9quences. Par contre, les iPhone 12 vendus aux \u00c9tats-Unis peuvent d\u00e9j\u00e0 utiliser les ondes millim\u00e9triques, ce qui n&rsquo;est pas le cas au Canada.<\/p>\n<p style=\"text-align: justify;\">Si vous avez des questions sur l&rsquo;utilisation de la 5G et de ses effets sur la sant\u00e9, l&rsquo;<em>Institut de sant\u00e9 publique du Qu\u00e9bec<\/em> vous propose <a href=\"https:\/\/www.inspq.qc.ca\/rayonnement-non-ionisant\/5g-et-sante\" target=\"_blank\" rel=\"noopener noreferrer\">une page int\u00e9ressante<\/a> sur son site Web. La revue <em>Prot\u00e9gez-vous<\/em> avait aussi publi\u00e9 <a href=\"https:\/\/www.protegez-vous.ca\/sante-et-alimentation\/5g-sante\" target=\"_blank\" rel=\"noopener noreferrer\">un dossier<\/a>\u00a0sur le m\u00eame sujet en mars 2020.<\/p>\n<hr \/>\n<h4>Quelques commentaires en terminant<\/h4>\n<p style=\"text-align: justify;\">L&rsquo;ann\u00e9e 2020 a \u00e9t\u00e9 tr\u00e8s bonne pour les ventes d&rsquo;ordinateurs et de tablettes.\u00a0 La pand\u00e9mie et le confinement ont acc\u00e9l\u00e9r\u00e9 l\u2019adoption de plusieurs applications informatiques : Zoom, Teams et FaceTime ont litt\u00e9ralement d\u00e9ferl\u00e9 sur la plan\u00e8te. Puisque de tr\u00e8s nombreuses personnes ont \u00e9t\u00e9 oblig\u00e9es de travailler par vid\u00e9oconf\u00e9rence, les ventes d&rsquo;accessoires comme les cam\u00e9ras avec des microphones ont \u00e9t\u00e9 excellentes.<\/p>\n<p style=\"text-align: justify;\">Les grandes usines o\u00f9 sont fabriqu\u00e9es les puces \u00e9lectroniques ont aussi connu des retards de production en lien avec la COVID-19. Comme mentionn\u00e9 en introduction au sujet des automobiles, ces probl\u00e8mes d&rsquo;approvisionnement et la flamb\u00e9e de la demande dans certains domaines a caus\u00e9 une <a href=\"https:\/\/www.lemonde.fr\/economie\/article\/2021\/01\/23\/le-marche-des-semi-conducteurs-face-a-la-penurie_6067305_3234.html\" target=\"_blank\" rel=\"noopener noreferrer\">p\u00e9nurie de puces \u00e9lectroniques<\/a>. Parmi les <a href=\"https:\/\/fortune.com\/2021\/02\/15\/chip-shortage-2021-cars-computers-auto-industry-technology-covid-19\/\" target=\"_blank\" rel=\"noopener noreferrer\">compagnies affect\u00e9es<\/a>, il y a :<\/p>\n<ul>\n<li style=\"text-align: justify;\">General Motors, Ford, Honda, Fiat-Chrysler et Volkswagen pour l&rsquo;auto;<\/li>\n<li style=\"text-align: justify;\">Sony pour la PlayStation 5;<\/li>\n<li style=\"text-align: justify;\">Nvidia et Advanced Micro Devices pour les cartes vid\u00e9o;<\/li>\n<li style=\"text-align: justify;\">Apple et Qualcomm pour les t\u00e9l\u00e9phones cellulaires.<\/li>\n<\/ul>\n<p style=\"text-align: justify;\">L&rsquo;assignation \u00e0 r\u00e9sidence impos\u00e9e dans plusieurs pays a un peu diminu\u00e9 l&rsquo;int\u00e9r\u00eat pour les nouveaux t\u00e9l\u00e9phones durant la derni\u00e8re ann\u00e9e. De plus, le d\u00e9ploiement de la technologie 5G n&rsquo;en est qu&rsquo;\u00e0 ses d\u00e9buts et cela a pu refroidir l&rsquo;ardeur de certains acheteurs. Toutefois, cette nouvelle technologie ouvrira bient\u00f4t de nouveaux domaines d\u2019utilisation de l\u2019informatique.<\/p>\n<p style=\"text-align: justify;\">Loin d\u2019\u00eatre termin\u00e9e, la r\u00e9volution informatique s\u2019acc\u00e9l\u00e8re. Nous avons tout int\u00e9r\u00eat \u00e0 accro\u00eetre nos connaissances dans ce domaine pour profiter de ces changements et pour ne pas nous sentir d\u00e9munis devant toutes les applications informatiques devenues de plus en plus incontournables. L&rsquo;\u00e9poque o\u00f9 elles \u00e9taient facultatives est r\u00e9volue. Par exemple, il n\u2019est pas facile de prendre rendez-vous pour le vaccin contre la COVID-19 sans passer par Internet! De plus en plus, nous constatons que certains services sont disponibles uniquement sur Internet.<\/p>\n<p style=\"text-align: justify;\">Au Club informatique, nous voulons vous aider \u00e0 b\u00e9n\u00e9ficier de la r\u00e9volution informatique, plut\u00f4t que de la subir!<\/p>\n<p style=\"text-align: justify;\">Je tiens \u00e0 remercier MM. Michel Gagn\u00e9 et Sylvain Garneau pour leurs commentaires et suggestions durant la r\u00e9daction de cet article.<\/p>\n<p>Richard Gervais<\/p>\n<p>&nbsp;<\/p>\n","protected":false},"excerpt":{"rendered":"<p>Le confinement li\u00e9 \u00e0 la pand\u00e9mie de COVID-19 a \u00e9branl\u00e9 les fondements de notre monde depuis un an. Il s&rsquo;en est suivi des changements fondamentaux dans nos fa\u00e7ons de vivre. Le t\u00e9l\u00e9travail et l&rsquo;\u00e9cole \u00e0 distance sont deux activit\u00e9s dont la pr\u00e9valence a alors explos\u00e9. L&rsquo;irruption massive de ces fa\u00e7ons d&rsquo;interagir \u00e0 distance a eu &hellip; <a href=\"https:\/\/cimbcc.org\/test2\/linfluence-du-confinement-et-du-teletravail-sur-les-ventes-dequipements-informatiques-en-2020\/\" class=\"more-link\">Continuer la lecture de <span class=\"screen-reader-text\">L&rsquo;influence du confinement et du t\u00e9l\u00e9travail sur les ventes d&rsquo;\u00e9quipements informatiques en 2020<\/span>  <span class=\"meta-nav\">&rarr;<\/span><\/a><\/p>\n","protected":false},"author":43,"featured_media":0,"comment_status":"open","ping_status":"closed","sticky":false,"template":"","format":"standard","meta":{"footnotes":""},"categories":[24],"tags":[1380,112,388,389,105,104],"class_list":["post-34039","post","type-post","status-publish","format-standard","hentry","category-conseils-pratiques","tag-5g","tag-achat","tag-ordinateur-de-bureau","tag-ordinateur-portable","tag-tablette","tag-telephone-intelligent"],"_links":{"self":[{"href":"https:\/\/cimbcc.org\/test2\/wp-json\/wp\/v2\/posts\/34039","targetHints":{"allow":["GET"]}}],"collection":[{"href":"https:\/\/cimbcc.org\/test2\/wp-json\/wp\/v2\/posts"}],"about":[{"href":"https:\/\/cimbcc.org\/test2\/wp-json\/wp\/v2\/types\/post"}],"author":[{"embeddable":true,"href":"https:\/\/cimbcc.org\/test2\/wp-json\/wp\/v2\/users\/43"}],"replies":[{"embeddable":true,"href":"https:\/\/cimbcc.org\/test2\/wp-json\/wp\/v2\/comments?post=34039"}],"version-history":[{"count":52,"href":"https:\/\/cimbcc.org\/test2\/wp-json\/wp\/v2\/posts\/34039\/revisions"}],"predecessor-version":[{"id":34242,"href":"https:\/\/cimbcc.org\/test2\/wp-json\/wp\/v2\/posts\/34039\/revisions\/34242"}],"wp:attachment":[{"href":"https:\/\/cimbcc.org\/test2\/wp-json\/wp\/v2\/media?parent=34039"}],"wp:term":[{"taxonomy":"category","embeddable":true,"href":"https:\/\/cimbcc.org\/test2\/wp-json\/wp\/v2\/categories?post=34039"},{"taxonomy":"post_tag","embeddable":true,"href":"https:\/\/cimbcc.org\/test2\/wp-json\/wp\/v2\/tags?post=34039"}],"curies":[{"name":"wp","href":"https:\/\/api.w.org\/{rel}","templated":true}]}}