{"id":34059,"date":"2021-02-26T11:17:33","date_gmt":"2021-02-26T16:17:33","guid":{"rendered":"https:\/\/cimbcc.org\/test2\/?p=34059"},"modified":"2023-10-16T22:12:06","modified_gmt":"2023-10-17T02:12:06","slug":"vaccin-covid-quoi-pourquoi-effets-et-prise-de-rendez-vous","status":"publish","type":"post","link":"https:\/\/cimbcc.org\/test2\/vaccin-covid-quoi-pourquoi-effets-et-prise-de-rendez-vous\/","title":{"rendered":"Vaccin COVID : quoi, pourquoi, effets et prise de rendez-vous"},"content":{"rendered":"<figure id=\"attachment_43393\" aria-describedby=\"caption-attachment-43393\" style=\"width: 125px\" class=\"wp-caption aligncenter\"><a href=\"https:\/\/cimbcc.org\/test2\/wp-content\/uploads\/photo_delisle_pierre.jpg\"><img loading=\"lazy\" decoding=\"async\" class=\"wp-image-43393 size-full\" src=\"https:\/\/cimbcc.org\/test2\/wp-content\/uploads\/photo_delisle_pierre.jpg\" alt=\"\" width=\"125\" height=\"126\" \/><\/a><figcaption id=\"caption-attachment-43393\" class=\"wp-caption-text\">Pierre Delisle<\/figcaption><\/figure>\n<p style=\"text-align: justify;\">Eh oui, le vaccin s&rsquo;en vient! Nous sommes rendus l\u00e0. Enfin!<\/p>\n<p style=\"text-align: justify;\">Lors de son point de presse du mardi 23 f\u00e9vrier, le premier ministre ne semblait pas trop \u00e0 l\u2019aise de demander aux personnes de plus de 85 ans d\u2019aller sur un site Web pour prendre un rendez-vous pour se faire vacciner.<\/p>\n<p style=\"text-align: justify; padding-left: 40px;\"><em>\u00ab Demandez aux gens autour de vous de vous aider. \u00bb<\/em><\/p>\n<p style=\"text-align: justify;\">L&rsquo;entourage de M. Legault doit savoir que vous faites partie du Club informatique du Mont-Bruno. Alors, pour votre information ou afin d&rsquo;apporter une \u00e9ventuelle assistance \u00e0 d&rsquo;autres personnes, nous avons pens\u00e9 d\u00e9crire la <strong>proc\u00e9dure de prise de rendez-vous pour le vaccin contre la COVID-19<\/strong>.<\/p>\n<p style=\"text-align: justify;\">Nous vous invitons aussi par Zoom \u00e0 une rencontre sp\u00e9ciale \u00e0 ce sujet <span style=\"color: #ff0000;\"><strong>mercredi 3 mars 2021 \u00e0 19 h 30<\/strong><\/span>.\u00a0Lors de cette pr\u00e9sentation, o\u00f9 je serai accompagn\u00e9 de Francine Couture, m\u00e9decin \u00e0 la retraite, il sera question de\u00a0:<\/p>\n<ul>\n<li>Informations sur les vaccins disponibles au Canada;\n<ul style=\"list-style-type: circle;\">\n<li>D\u00e9veloppement;<\/li>\n<li>Dangerosit\u00e9 d\u2019une nouvelle sorte de vaccin;<\/li>\n<\/ul>\n<\/li>\n<li>Effets secondaires ;<\/li>\n<li>Protection donn\u00e9e par le vaccin;<\/li>\n<li>Proc\u00e9dure pour se faire vacciner.<\/li>\n<\/ul>\n<p>Dans cet article, il ne sera toutefois question que de la proc\u00e9dure \u00e0 suivre pour se faire vacciner.<\/p>\n<p><!--more--><\/p>\n<p><img loading=\"lazy\" decoding=\"async\" class=\"aligncenter size-full wp-image-34063\" src=\"https:\/\/cimbcc.org\/test2\/wp-content\/uploads\/chip_2021_02_26_vaccin_1.jpg\" alt=\"\" width=\"427\" height=\"262\" srcset=\"https:\/\/cimbcc.org\/test2\/wp-content\/uploads\/chip_2021_02_26_vaccin_1.jpg 427w, https:\/\/cimbcc.org\/test2\/wp-content\/uploads\/chip_2021_02_26_vaccin_1-300x184.jpg 300w\" sizes=\"auto, (max-width: 427px) 100vw, 427px\" \/><\/p>\n<h4>Groupes prioritaires<\/h4>\n<p style=\"text-align: justify;\">D\u2019abord, vous devez savoir que la vaccination est faite par \u00e9tapes et est r\u00e9serv\u00e9e aux personnes faisant partie des groupes prioritaires du moment.<\/p>\n<p style=\"text-align: justify;\">Voici la liste des groupes et l&rsquo;endroit o\u00f9 nous en sommes rendus (num\u00e9ro 5) au moment d\u2019\u00e9crire ce texte :<\/p>\n<table style=\"border-collapse: collapse; width: 100%;\">\n<tbody>\n<tr>\n<td style=\"width: 8.01688%;\"><img loading=\"lazy\" decoding=\"async\" class=\"alignnone size-full wp-image-34066\" src=\"https:\/\/cimbcc.org\/test2\/wp-content\/uploads\/chip_2021_02_26_vaccin_2.jpg\" alt=\"\" width=\"16\" height=\"17\" \/><\/td>\n<td style=\"width: 91.9831%;\"><strong>1.<\/strong> Les personnes vuln\u00e9rables et en grande perte d\u2019autonomie qui r\u00e9sident dans les centres d\u2019h\u00e9bergement et de soins de longue dur\u00e9e (CHSLD) ou dans les ressources interm\u00e9diaires et de type familial (RI-RTF);<\/td>\n<\/tr>\n<tr>\n<td style=\"width: 8.01688%;\"><img loading=\"lazy\" decoding=\"async\" class=\"alignnone size-full wp-image-34066\" src=\"https:\/\/cimbcc.org\/test2\/wp-content\/uploads\/chip_2021_02_26_vaccin_2.jpg\" alt=\"\" width=\"16\" height=\"17\" \/><\/td>\n<td style=\"width: 91.9831%;\"><strong>2.<\/strong> Les travailleurs du r\u00e9seau de la sant\u00e9 et des services sociaux en contact avec des usagers;<\/td>\n<\/tr>\n<tr>\n<td style=\"width: 8.01688%;\"><img loading=\"lazy\" decoding=\"async\" class=\"alignnone size-full wp-image-34066\" src=\"https:\/\/cimbcc.org\/test2\/wp-content\/uploads\/chip_2021_02_26_vaccin_2.jpg\" alt=\"\" width=\"16\" height=\"17\" \/><\/td>\n<td style=\"width: 91.9831%;\"><strong>3.<\/strong> Les personnes autonomes ou en perte d\u2019autonomie qui vivent en r\u00e9sidence priv\u00e9e pour a\u00een\u00e9s (RPA) ou dans certains milieux ferm\u00e9s h\u00e9bergeant des personnes \u00e2g\u00e9es;<\/td>\n<\/tr>\n<tr>\n<td style=\"width: 8.01688%;\"><img loading=\"lazy\" decoding=\"async\" class=\"alignnone size-full wp-image-34066\" src=\"https:\/\/cimbcc.org\/test2\/wp-content\/uploads\/chip_2021_02_26_vaccin_2.jpg\" alt=\"\" width=\"16\" height=\"17\" \/><\/td>\n<td style=\"width: 91.9831%;\"><strong>4.<\/strong> Les communaut\u00e9s isol\u00e9es et \u00e9loign\u00e9es;<\/td>\n<\/tr>\n<tr>\n<td style=\"width: 8.01688%;\"><img loading=\"lazy\" decoding=\"async\" class=\"alignnone size-full wp-image-34067\" src=\"https:\/\/cimbcc.org\/test2\/wp-content\/uploads\/chip_2021_02_26_vaccin_3.jpg\" alt=\"\" width=\"14\" height=\"16\" \/><\/td>\n<td style=\"width: 91.9831%;\"><strong>5. <\/strong>Les personnes \u00e2g\u00e9es de 80 ans ou plus : pour le moment, seulement les personnes n\u00e9es en 1936 ou auparavant, soit 85 ans et plus, sont invit\u00e9es, mais le groupe entre 80 et 85 ans sera convoqu\u00e9 un peu plus tard.<\/td>\n<\/tr>\n<tr>\n<td style=\"width: 8.01688%;\"><\/td>\n<td style=\"width: 91.9831%;\"><strong>6.<\/strong> Les personnes \u00e2g\u00e9es de 70 \u00e0 79 ans;<\/td>\n<\/tr>\n<tr>\n<td style=\"width: 8.01688%;\"><\/td>\n<td style=\"width: 91.9831%;\"><strong>7.<\/strong> Les personnes \u00e2g\u00e9es de 60 \u00e0 69 ans;<\/td>\n<\/tr>\n<tr>\n<td style=\"width: 8.01688%;\"><\/td>\n<td style=\"width: 91.9831%;\"><strong>8.<\/strong> Les personnes adultes de moins de 60 ans qui ont une maladie chronique ou un probl\u00e8me de sant\u00e9 augmentant le risque de complications de la COVID-19;<\/td>\n<\/tr>\n<tr>\n<td style=\"width: 8.01688%;\"><\/td>\n<td style=\"width: 91.9831%;\"><strong>9.<\/strong> Les adultes de moins de 60 ans sans maladies chroniques ou probl\u00e8mes de sant\u00e9 augmentant le risque de complications, mais qui assurent des services essentiels et qui sont en contact avec des usagers;<\/td>\n<\/tr>\n<tr>\n<td style=\"width: 8.01688%;\"><\/td>\n<td style=\"width: 91.9831%;\"><strong>10.<\/strong> Le reste de la population adulte.<\/td>\n<\/tr>\n<\/tbody>\n<\/table>\n<h4 style=\"text-align: justify;\">Informations n\u00e9cessaires avant la prise d&rsquo;un rendez-vous<\/h4>\n<p style=\"text-align: justify;\">Avant de prendre un rendez-vous, vous devez pr\u00e9alablement poss\u00e9der ces 9 informations :<\/p>\n<ol>\n<li style=\"text-align: justify;\">Le code postal de la personne qui recevra le vaccin<\/li>\n<li style=\"text-align: justify;\">Choix du site de vaccination, le jour et l\u2019heure<\/li>\n<li style=\"text-align: justify;\">Pr\u00e9nom et nom de famille de cette personne<\/li>\n<li style=\"text-align: justify;\">Une adresse de courriel<\/li>\n<li style=\"text-align: justify;\">Sa date de naissance<\/li>\n<li style=\"text-align: justify;\">Un num\u00e9ro de t\u00e9l\u00e9phone<\/li>\n<li style=\"text-align: justify;\"><strong>Son num\u00e9ro de la carte d\u2019assurance maladie<\/strong><\/li>\n<li style=\"text-align: justify;\">Pr\u00e9nom et nom de famille de la m\u00e8re<\/li>\n<li style=\"text-align: justify;\">Pr\u00e9nom et nom de famille du p\u00e8re<\/li>\n<\/ol>\n<h4>Au moment de la prise du rendez-vous<\/h4>\n<p style=\"text-align: justify;\">La liste des 15 actions \u00e0 ex\u00e9cuter est donn\u00e9e plus bas, sous l&rsquo;en-t\u00eate <em><strong>Proc\u00e9dure<\/strong><\/em>.<\/p>\n<p style=\"text-align: justify;\">Pour vous accompagner, nous avons aussi pr\u00e9par\u00e9 des <strong>tutoriels<\/strong> <strong>\u00ab\u00a0pas \u00e0 pas\u00a0\u00bb<\/strong> plus imag\u00e9s :<\/p>\n<ul>\n<li style=\"text-align: justify;\"><a href=\"https:\/\/cimbcc.org\/test2\/wp-content\/uploads\/chip_2021_02_26_tutoriel_rdv_vaccin_covid_19.pdf\" target=\"_blank\" rel=\"noopener noreferrer\">en format PDF<\/a> (texte et image);<\/li>\n<li style=\"text-align: justify;\"><a href=\"https:\/\/youtu.be\/APQkdFd3_nk\" target=\"_blank\" rel=\"noopener noreferrer\">en format vid\u00e9o<\/a> (son et image).<\/li>\n<\/ul>\n<h5><em>Proc\u00e9dure<\/em><\/h5>\n<ol>\n<li style=\"text-align: justify;\">Lorsque votre tour arrivera, allez sur le site <a href=\"https:\/\/www.quebec.ca\/vaccincovid\" target=\"_blank\" rel=\"noopener noreferrer\">https:\/\/www.quebec.ca\/vaccincovid<\/a>.<\/li>\n<li style=\"text-align: justify;\">Cliquez sur Prise de rendez-vous pour se faire vacciner.<\/li>\n<li style=\"text-align: justify;\">Cliquez sur Prendre un rendez-vous pour se faire vacciner.<\/li>\n<li style=\"text-align: justify;\">S\u00e9lectionnez un service<br \/>\nVaccin COVID 19 (et allez au bas de la page pour cliquer sur S\u00c9LECTIONNER CE SERVICE).<\/li>\n<li style=\"text-align: justify;\">Inscrivez votre code postal.<\/li>\n<li style=\"text-align: justify;\">Cliquez sur RECHERCHER.<\/li>\n<li style=\"text-align: justify;\">Regardez les sites de vaccination qui vous sont offerts et cliquez sur celui qui vous int\u00e9resse.<\/li>\n<li style=\"text-align: justify;\">Remplissez le court questionnaire de 3 questions.<\/li>\n<li style=\"text-align: justify;\">Lorsque vous aurez r\u00e9pondu et que vos r\u00e9ponses seront ad\u00e9quates, cliquez sur CONTINUER.<\/li>\n<li style=\"text-align: justify;\">Cliquez sur la date d\u00e9sir\u00e9e et sur l\u2019heure qui vous convient.<\/li>\n<li style=\"text-align: justify;\">D\u00e9roulez jusqu\u2019au bas et cliquez sur CONTINUER.<\/li>\n<li style=\"text-align: justify;\">Remplissez le questionnaire (pr\u00e9nom, nom, courriel, date de naissance, t\u00e9l\u00e9phone, assurance maladie, nom de la m\u00e8re et du p\u00e8re).<\/li>\n<li style=\"text-align: justify;\">Cochez les trois petites bo\u00eetes \u00e0 cocher (Avertissez-moi, j\u2019accepte et je ne suis pas un robot).<\/li>\n<li style=\"text-align: justify;\">Cliquez sur SOUMETTRE.<\/li>\n<li style=\"text-align: justify;\">Le rendez-vous a \u00e9t\u00e9 ajout\u00e9 avec succ\u00e8s.<\/li>\n<\/ol>\n<p style=\"text-align: justify;\">Vous recevrez imm\u00e9diatement un courrier \u00e9lectronique avec toutes les informations pour votre vaccination\u00a0: num\u00e9ro de r\u00e9servation, station, date, heure et lieu.<\/p>\n<h4>Pr\u00e9sentation du 3 mars 2021 \u00e0 19 h 30<\/h4>\n<p style=\"text-align: justify;\">Pour en savoir beaucoup plus sur la vaccination, notez pr\u00e9cieusement ce rendez-vous : <span style=\"color: #ff0000;\"><strong>mercredi 3 mars 2021 \u00e0 19\u00a0h\u00a030<\/strong><\/span>. Les membres recevront le lien ZOOM de cette pr\u00e9sentation dans leur courriel hebdomadaire.<\/p>\n<p style=\"text-align: justify;\"><strong>Vous n\u2019\u00eates pas membre!!!<\/strong> Vous pourrez participer exceptionnellement \u00e0 la pr\u00e9sentation \u00e0 titre d\u2019invit\u00e9 en demandant le lien ZOOM en \u00e9crivant \u00e0 l\u2019adresse de courriel suivante : <a href=\"mailto:zoomcimbcc@gmail.com\">zoomcimbcc@gmail.com<\/a> .<\/p>\n<p>Pierre Delisle<\/p>\n<p>&nbsp;<\/p>\n","protected":false},"excerpt":{"rendered":"<p>Eh oui, le vaccin s&rsquo;en vient! Nous sommes rendus l\u00e0. Enfin! Lors de son point de presse du mardi 23 f\u00e9vrier, le premier ministre ne semblait pas trop \u00e0 l\u2019aise de demander aux personnes de plus de 85 ans d\u2019aller sur un site Web pour prendre un rendez-vous pour se faire vacciner. \u00ab Demandez aux &hellip; <a href=\"https:\/\/cimbcc.org\/test2\/vaccin-covid-quoi-pourquoi-effets-et-prise-de-rendez-vous\/\" class=\"more-link\">Continuer la lecture de <span class=\"screen-reader-text\">Vaccin COVID : quoi, pourquoi, effets et prise de rendez-vous<\/span>  <span class=\"meta-nav\">&rarr;<\/span><\/a><\/p>\n","protected":false},"author":43,"featured_media":0,"comment_status":"open","ping_status":"closed","sticky":false,"template":"","format":"standard","meta":{"footnotes":""},"categories":[24],"tags":[1182,271,113,1359],"class_list":["post-34059","post","type-post","status-publish","format-standard","hentry","category-conseils-pratiques","tag-covid-19","tag-presentations","tag-sante","tag-vaccins"],"_links":{"self":[{"href":"https:\/\/cimbcc.org\/test2\/wp-json\/wp\/v2\/posts\/34059","targetHints":{"allow":["GET"]}}],"collection":[{"href":"https:\/\/cimbcc.org\/test2\/wp-json\/wp\/v2\/posts"}],"about":[{"href":"https:\/\/cimbcc.org\/test2\/wp-json\/wp\/v2\/types\/post"}],"author":[{"embeddable":true,"href":"https:\/\/cimbcc.org\/test2\/wp-json\/wp\/v2\/users\/43"}],"replies":[{"embeddable":true,"href":"https:\/\/cimbcc.org\/test2\/wp-json\/wp\/v2\/comments?post=34059"}],"version-history":[{"count":21,"href":"https:\/\/cimbcc.org\/test2\/wp-json\/wp\/v2\/posts\/34059\/revisions"}],"predecessor-version":[{"id":44127,"href":"https:\/\/cimbcc.org\/test2\/wp-json\/wp\/v2\/posts\/34059\/revisions\/44127"}],"wp:attachment":[{"href":"https:\/\/cimbcc.org\/test2\/wp-json\/wp\/v2\/media?parent=34059"}],"wp:term":[{"taxonomy":"category","embeddable":true,"href":"https:\/\/cimbcc.org\/test2\/wp-json\/wp\/v2\/categories?post=34059"},{"taxonomy":"post_tag","embeddable":true,"href":"https:\/\/cimbcc.org\/test2\/wp-json\/wp\/v2\/tags?post=34059"}],"curies":[{"name":"wp","href":"https:\/\/api.w.org\/{rel}","templated":true}]}}