{"id":34171,"date":"2021-03-04T20:00:42","date_gmt":"2021-03-05T01:00:42","guid":{"rendered":"https:\/\/cimbcc.org\/test2\/?p=34171"},"modified":"2023-10-16T22:12:06","modified_gmt":"2023-10-17T02:12:06","slug":"mot-du-president-mars-2021","status":"publish","type":"post","link":"https:\/\/cimbcc.org\/test2\/mot-du-president-mars-2021\/","title":{"rendered":"Mot du pr\u00e9sident &#8211; mars 2021"},"content":{"rendered":"<figure id=\"attachment_32387\" aria-describedby=\"caption-attachment-32387\" style=\"width: 125px\" class=\"wp-caption aligncenter\"><img loading=\"lazy\" decoding=\"async\" class=\"size-full wp-image-32387\" src=\"https:\/\/cimbcc.org\/test2\/wp-content\/uploads\/photo_cote_rejean.jpg\" alt=\"\" width=\"125\" height=\"125\" \/><figcaption id=\"caption-attachment-32387\" class=\"wp-caption-text\"><span style=\"color: #ffffff;\">mmmm<\/span>R\u00e9jean C\u00f4t\u00e9<\/figcaption><\/figure>\n<h4><strong>Suivre l\u2019\u00e9volution de l\u2019informatique<\/strong><\/h4>\n<p style=\"text-align: justify;\">Les membres du Club informatique Mont-Bruno sont de plus en plus nombreux \u00e0 assister aux pr\u00e9sentations du mercredi et du vendredi. Depuis le d\u00e9but de septembre, plus de 340 membres ont en effet assist\u00e9 en ligne \u00e0 au moins une pr\u00e9sentation du Club. On observe aussi une augmentation continue de la participation des membres avec une moyenne de 139 connexions par vid\u00e9oconf\u00e9rence.<\/p>\n<p style=\"text-align: justify;\">Ces membres ont compris que l\u2019informatique \u00e9volue tr\u00e8s rapidement et qu\u2019ils doivent r\u00e9guli\u00e8rement s\u2019informer des nouveaut\u00e9s. Pour cela, il n\u2019y a rien de mieux que de fr\u00e9quenter des gens qui partagent les m\u00eames pr\u00e9occupations qu\u2019eux. C\u2019est ce qu\u2019ils font en profitant des activit\u00e9s du Club informatique. Je vous invite \u00e0 faire comme eux.<\/p>\n<p><!--more--><\/p>\n<p style=\"text-align: justify;\">Pour ne rien rater, prenez le temps d\u2019aller voir r\u00e9guli\u00e8rement les calendriers des pr\u00e9sentations des s\u00e9ries <em><a href=\"https:\/\/cimbcc.org\/test2\/wp-content\/uploads\/calendrier_serie_facile.pdf\" target=\"_blank\" rel=\"noopener noreferrer\">Facile<\/a><\/em> et <em><a href=\"https:\/\/cimbcc.org\/test2\/wp-content\/uploads\/calendrier_serie_decouverte.pdf\" target=\"_blank\" rel=\"noopener noreferrer\">D\u00e9couverte<\/a><\/em> sur le <a href=\"https:\/\/cimbcc.org\/test2\/\" target=\"_blank\" rel=\"noopener noreferrer\">site du Club<\/a>. Vous constaterez la diversit\u00e9 des sujets pr\u00e9sent\u00e9s et vous pourrez noter \u00e0 quelle date ils seront abord\u00e9s. Jetez aussi un coup d\u2019\u0153il \u00e0 la nouvelle s\u00e9rie <em><a href=\"https:\/\/cimbcc.org\/test2\/wp-content\/uploads\/calendrier_serie_ios_android.pdf\" target=\"_blank\" rel=\"noopener noreferrer\">iOS et Android<\/a><\/em> dont l\u2019objectif est de vous pr\u00e9senter des applications que vous pouvez utiliser sur un ordinateur, une tablette \u00e9lectronique et sur un t\u00e9l\u00e9phone intelligent.<\/p>\n<p style=\"text-align: justify;\">Dans chaque calendrier, vous aurez aussi la possibilit\u00e9 de lire et d\u2019imprimer les notes de la majorit\u00e9 des pr\u00e9sentations (habituellement d\u00e8s que la pr\u00e9sentation a eu lieu). Pour avoir acc\u00e8s \u00e0 ces notes, il suffit de cliquer sur le texte imprim\u00e9 <span style=\"text-decoration: underline;\"><span style=\"color: #0000ff; text-decoration: underline;\">en bleu et soulign\u00e9<\/span><\/span>. Je vous recommande de faire les exercices propos\u00e9s dans ces notes, car c\u2019est la meilleure fa\u00e7on d\u2019apprendre ; autrement on oublie vite ce qui a \u00e9t\u00e9 enseign\u00e9. Vous me dites souvent que le temps vous manque, mais vous n\u2019avez pas le choix : si vous d\u00e9sirez vraiment d\u00e9velopper vos comp\u00e9tences en informatique, vous devez en faire une priorit\u00e9.<\/p>\n<p style=\"text-align: justify;\">Pour continuer \u00e0 \u00e9voluer, vous pouvez prendre conseil aupr\u00e8s de personnes de votre entourage qui en connaissent un peu plus que vous, mais vous avez avantage \u00e0 assister le plus souvent possible aux pr\u00e9sentations du Club.<\/p>\n<p style=\"text-align: justify;\">Pour continuer \u00e0 \u00eatre inform\u00e9s, vous pouvez lire des articles qui traitent d\u2019informatique sur le Web et dans certains journaux, mais lisez aussi les articles diffus\u00e9s trois fois par semaine par le <a href=\"https:\/\/cimbcc.org\/test2\/services\/chip\" target=\"_blank\" rel=\"noopener noreferrer\">CHIP<\/a>, le blogue du Club.<\/p>\n<p style=\"text-align: justify;\">En terminant, j\u2019attire votre attention sur une nouveaut\u00e9 \u00e0 surveiller. Le nouveau syst\u00e8me d\u2019exploitation de Microsoft arrivera ce printemps. Il aura pour nom <a href=\"https:\/\/www.ginjfo.com\/actualites\/logiciels\/windows-10x\/windows-10-microsoft-va-annoncer-le-new-windows-en-mars-2021-20210301\" target=\"_blank\" rel=\"noopener noreferrer\"><strong>Windows\u00a010X<\/strong><\/a>. On vous en dira plus sur le sujet en temps et lieu, mais on sait d\u00e9j\u00e0 que l\u2019interface sera bien diff\u00e9rente de celui de <a href=\"https:\/\/fr.wikipedia.org\/wiki\/Windows_10\" target=\"_blank\" rel=\"noopener noreferrer\"><strong>Windows\u00a010<\/strong><\/a>, surtout au niveau de la<strong><a href=\"https:\/\/fr.wikipedia.org\/wiki\/Barre_des_t%C3%A2ches\" target=\"_blank\" rel=\"noopener noreferrer\"> Barre des t\u00e2ches<\/a>,<\/strong> du <a href=\"https:\/\/fr.wikipedia.org\/wiki\/Menu_d%C3%A9marrer\" target=\"_blank\" rel=\"noopener noreferrer\">menu<strong> D\u00e9marrer <\/strong><\/a>et de l\u2019<a href=\"https:\/\/fr.wikipedia.org\/wiki\/Gestionnaire_de_fichiers\" target=\"_blank\" rel=\"noopener noreferrer\"><strong>Explorateur de fichiers<\/strong><\/a>. C\u2019est \u00e0 suivre\u00a0!<\/p>\n<p>R\u00e9jean C\u00f4t\u00e9, pr\u00e9sident<\/p>\n","protected":false},"excerpt":{"rendered":"<p>Suivre l\u2019\u00e9volution de l\u2019informatique Les membres du Club informatique Mont-Bruno sont de plus en plus nombreux \u00e0 assister aux pr\u00e9sentations du mercredi et du vendredi. Depuis le d\u00e9but de septembre, plus de 340 membres ont en effet assist\u00e9 en ligne \u00e0 au moins une pr\u00e9sentation du Club. On observe aussi une augmentation continue de la &hellip; <a href=\"https:\/\/cimbcc.org\/test2\/mot-du-president-mars-2021\/\" class=\"more-link\">Continuer la lecture de <span class=\"screen-reader-text\">Mot du pr\u00e9sident &#8211; mars 2021<\/span>  <span class=\"meta-nav\">&rarr;<\/span><\/a><\/p>\n","protected":false},"author":43,"featured_media":0,"comment_status":"open","ping_status":"closed","sticky":false,"template":"","format":"standard","meta":{"footnotes":""},"categories":[11],"tags":[107,371,370,390,271,1277,1392],"class_list":["post-34171","post","type-post","status-publish","format-standard","hentry","category-mots-du-president","tag-android","tag-decouverte","tag-facile","tag-ios","tag-presentations","tag-videoconference","tag-windows-10x"],"_links":{"self":[{"href":"https:\/\/cimbcc.org\/test2\/wp-json\/wp\/v2\/posts\/34171","targetHints":{"allow":["GET"]}}],"collection":[{"href":"https:\/\/cimbcc.org\/test2\/wp-json\/wp\/v2\/posts"}],"about":[{"href":"https:\/\/cimbcc.org\/test2\/wp-json\/wp\/v2\/types\/post"}],"author":[{"embeddable":true,"href":"https:\/\/cimbcc.org\/test2\/wp-json\/wp\/v2\/users\/43"}],"replies":[{"embeddable":true,"href":"https:\/\/cimbcc.org\/test2\/wp-json\/wp\/v2\/comments?post=34171"}],"version-history":[{"count":6,"href":"https:\/\/cimbcc.org\/test2\/wp-json\/wp\/v2\/posts\/34171\/revisions"}],"predecessor-version":[{"id":34258,"href":"https:\/\/cimbcc.org\/test2\/wp-json\/wp\/v2\/posts\/34171\/revisions\/34258"}],"wp:attachment":[{"href":"https:\/\/cimbcc.org\/test2\/wp-json\/wp\/v2\/media?parent=34171"}],"wp:term":[{"taxonomy":"category","embeddable":true,"href":"https:\/\/cimbcc.org\/test2\/wp-json\/wp\/v2\/categories?post=34171"},{"taxonomy":"post_tag","embeddable":true,"href":"https:\/\/cimbcc.org\/test2\/wp-json\/wp\/v2\/tags?post=34171"}],"curies":[{"name":"wp","href":"https:\/\/api.w.org\/{rel}","templated":true}]}}