{"id":34369,"date":"2021-03-12T21:01:40","date_gmt":"2021-03-13T02:01:40","guid":{"rendered":"https:\/\/cimbcc.org\/test2\/?p=34369"},"modified":"2023-10-16T22:12:06","modified_gmt":"2023-10-17T02:12:06","slug":"enrichir-son-capital-cerveau","status":"publish","type":"post","link":"https:\/\/cimbcc.org\/test2\/enrichir-son-capital-cerveau\/","title":{"rendered":"Enrichir son \u00ab CAPITAL CERVEAU \u00bb"},"content":{"rendered":"<figure id=\"attachment_29492\" aria-describedby=\"caption-attachment-29492\" style=\"width: 125px\" class=\"wp-caption aligncenter\"><a href=\"https:\/\/cimbcc.org\/test2\/wp-content\/uploads\/photo_delisle_pierre.jpg\"><img loading=\"lazy\" decoding=\"async\" class=\"wp-image-29492 size-full\" src=\"https:\/\/cimbcc.org\/test2\/wp-content\/uploads\/photo_delisle_pierre.jpg\" alt=\"Pierre Delisle\" width=\"125\" height=\"125\" \/><\/a><figcaption id=\"caption-attachment-29492\" class=\"wp-caption-text\"><span style=\"color: #ffffff;\">mnnm<\/span>Pierre Delisle<\/figcaption><\/figure>\n<p style=\"text-align: justify;\">O\u00f9 ai-je mis mes cl\u00e9s ? Comment s&rsquo;appelle-t-il d\u00e9j\u00e0 ? O\u00f9 suis-je gar\u00e9 ? Nous nous posons tous ces questions sans vraiment y pr\u00eater beaucoup attention. <a href=\"https:\/\/livre.fnac.com\/a11264172\/Amouyel-Philippe-Le-Guide-anti-Alzheimer-Les-secrets-d-un-cerveau-en-pleine-forme\" target=\"_blank\" rel=\"noopener\">Mais, avec l&rsquo;\u00e2ge, nous finissons par nous interroger<\/a>.<\/p>\n<p style=\"text-align: justify; padding-left: 40px;\"><em>\u00ab Et si c&rsquo;\u00e9tait la maladie d&rsquo;Alzheimer ? De la d\u00e9mence ? \u00bb<\/em><\/p>\n<p style=\"text-align: justify;\">Aujourd&rsquo;hui, aucun traitement m\u00e9dical n&rsquo;a encore \u00e9t\u00e9 trouv\u00e9 pour ces pathologies. Pouvons-nous en diminuer les risques ?<\/p>\n<p style=\"text-align: justify;\">Dans cet article, apr\u00e8s une mise en situation globale, je vous entretiendrai principalement de trois volets de pr\u00e9vention.<\/p>\n<ol>\n<li style=\"text-align: justify;\"><strong>La forme physique\u00a0:<\/strong> faites marcher vos jambes, votre cerveau en a besoin.<\/li>\n<li style=\"text-align: justify;\"><strong>Briser l&rsquo;isolement\u00a0:<\/strong> faites marcher vos relations, votre cerveau en a besoin.<\/li>\n<li style=\"text-align: justify;\"><strong>La sollicitation intellectuelle\u00a0:<\/strong> faites marcher votre cerveau, il en a besoin.<\/li>\n<\/ol>\n<p><!--more--><\/p>\n<h4>Mieux vaut pr\u00e9venir que gu\u00e9rir!<\/h4>\n<p style=\"text-align: justify;\">Le mois dernier, je racontais \u00e0 une connaissance tr\u00e8s renseign\u00e9e ce que nous faisons au sein du Club informatique. Et soudainement, elle me r\u00e9torque :<\/p>\n<p style=\"padding-left: 40px; text-align: justify;\"><em>\u00ab Mais Pierre, ce que vous faites est excellent. En plus, vous r\u00e9duisez les risques de troubles neurocognitifs chez vos membres \u00bb.<\/em><\/p>\n<p style=\"text-align: justify;\">Hein ? Quoi ? Je me suis donc plong\u00e9 dans des lectures pour bien comprendre cette r\u00e9plique ! Voici ce que j\u2019ai d\u00e9couvert.<\/p>\n<h4>Cerveau, d\u00e9mence et maladie d&rsquo;Alzheimer<\/h4>\n<p style=\"text-align: justify;\">Le cerveau est un organe tellement complexe que je n&rsquo;entreprendrai pas des d\u00e9marches pour comprendre toutes ses ramifications. Je laisse cela aux vrais sp\u00e9cialistes. Je ne vous parlerai que d&rsquo;une toute petite facette, que dis-je, d\u2019une minuscule facette de cet incroyable sujet.<\/p>\n<p style=\"text-align: justify;\">D\u2019abord, un peu de vocabulaire pour \u00eatre sur la m\u00eame longueur d\u2019onde. De ce que je comprends, bien que les mots \u00ab <a href=\"https:\/\/fr.wikipedia.org\/wiki\/Maladie_d%27Alzheimer\" target=\"_blank\" rel=\"noopener\">Alzheimer<\/a> \u00bb et \u00ab\u00a0<a href=\"https:\/\/fr.wikipedia.org\/wiki\/D%C3%A9mence\" target=\"_blank\" rel=\"noopener\">d\u00e9mence<\/a> \u00bb soient souvent utilis\u00e9s de fa\u00e7on interchangeable, ils ne sont pas synonymes. Voici quelques diff\u00e9rences cl\u00e9s.<\/p>\n<ul>\n<li style=\"text-align: justify;\">La maladie d\u2019Alzheimer et la d\u00e9mence font toutes deux r\u00e9f\u00e9rence \u00e0 une <a href=\"https:\/\/info.eugeria.ca\/le-cerveau-cest-bien-plus-que-la-memoire\" target=\"_blank\" rel=\"noopener\">diminution des fonctions du cerveau<\/a>. Toutes les deux surviennent aussi habituellement avec le vieillissement. De plus, dans la majorit\u00e9 des cas, autant l\u2019Alzheimer que la d\u00e9mence se manifestent par une perte significative de la m\u00e9moire.<\/li>\n<li style=\"text-align: justify;\">Toutefois, il est important de savoir que l\u2019Alzheimer ne veut pas dire d\u00e9mence, et vice versa. La maladie d\u2019Alzheimer est plut\u00f4t <a href=\"https:\/\/info.eugeria.ca\/quelles-sont-les-formes-de-demence-et-pourquoi-les-distinguer\" target=\"_blank\" rel=\"noopener\">une des diff\u00e9rentes formes de d\u00e9mence<\/a>.<\/li>\n<\/ul>\n<p style=\"text-align: justify;\"><a href=\"https:\/\/www.dementia.org.au\/risk-reduction\" target=\"_blank\" rel=\"noopener\">Les facteurs de risque<\/a> sont diff\u00e9rents pour chacun. La possibilit\u00e9 de subir leur d\u00e9veloppement peut \u00eatre influenc\u00e9e par :<\/p>\n<ul>\n<li style=\"text-align: justify;\">des <em><span style=\"text-decoration: underline;\">facteurs <\/span><span style=\"text-decoration: underline;\">non modifiables<\/span>,<\/em> comme\n<ul style=\"list-style-type: circle;\">\n<li style=\"text-align: justify;\">le vieillissement,<\/li>\n<li style=\"text-align: justify;\">la g\u00e9n\u00e9tique,<\/li>\n<li style=\"text-align: justify;\">l\u2019historique familial,<\/li>\n<li>etc.<\/li>\n<\/ul>\n<\/li>\n<li style=\"text-align: justify;\">des <em><span style=\"text-decoration: underline;\">f<\/span><u>acteurs modifiables,<\/u><\/em> comme\n<ul style=\"list-style-type: circle;\">\n<li style=\"text-align: justify;\">la sant\u00e9 cardio-vasculaire du corps,<\/li>\n<li style=\"text-align: justify;\">la vitalit\u00e9 de notre r\u00e9seau social,<\/li>\n<li style=\"text-align: justify;\">l&rsquo;utilisation de notre cerveau.<\/li>\n<\/ul>\n<\/li>\n<\/ul>\n<p style=\"text-align: justify;\">Nous pouvons diminuer les risques en agissant sur ces trois derniers facteurs.<\/p>\n<figure id=\"attachment_34374\" aria-describedby=\"caption-attachment-34374\" style=\"width: 556px\" class=\"wp-caption alignnone\"><img loading=\"lazy\" decoding=\"async\" class=\"size-full wp-image-34374\" src=\"https:\/\/cimbcc.org\/test2\/wp-content\/uploads\/chip_2021_03_cerveau_1.jpg\" alt=\"\" width=\"556\" height=\"367\" srcset=\"https:\/\/cimbcc.org\/test2\/wp-content\/uploads\/chip_2021_03_cerveau_1.jpg 556w, https:\/\/cimbcc.org\/test2\/wp-content\/uploads\/chip_2021_03_cerveau_1-300x198.jpg 300w, https:\/\/cimbcc.org\/test2\/wp-content\/uploads\/chip_2021_03_cerveau_1-120x80.jpg 120w\" sizes=\"auto, (max-width: 556px) 100vw, 556px\" \/><figcaption id=\"caption-attachment-34374\" class=\"wp-caption-text\"><a href=\"https:\/\/commons.wikimedia.org\/wiki\/File:Brain_Exercising.png\" target=\"_blank\" rel=\"noopener\">Le cerveau a toujours besoin d&rsquo;exercice<\/a><\/figcaption><\/figure>\n<h4 style=\"text-align: justify;\">1. La forme physique : faites marcher vos jambes, votre cerveau en a besoin<\/h4>\n<h5 style=\"text-align: justify;\"><em>Un esprit sain dans un corps sain !<\/em><\/h5>\n<p style=\"text-align: justify;\"><a href=\"https:\/\/www.alzheimers.org.uk\/about-dementia\/risk-factors-and-prevention\/how-reduce-your-risk-dementia\" target=\"_blank\" rel=\"noopener\">Selon l\u2019association britannique sur l\u2019Alzheimer<\/a>, faire r\u00e9guli\u00e8rement de l\u2019activit\u00e9 physique est l\u2019un des meilleurs moyens de diminuer le risque de d\u00e9mence. C\u2019est bon pour le c\u0153ur, la circulation, le poids, donc tout ce qui aide \u00e0 bien irriguer le cerveau en sang et ainsi bien nourrir les cellules avec des nutriments et de l\u2019oxyg\u00e8ne.<\/p>\n<p style=\"text-align: justify;\">Cela pourrait m\u00eame encourager le d\u00e9veloppement de nouvelles cellules. Faire r\u00e9guli\u00e8rement des exercices physiques aide \u00e0 r\u00e9duire le stress et \u00e0 am\u00e9liorer votre humeur.<\/p>\n<h5><a href=\"https:\/\/alzheimer.ca\/fr\/au-sujet-des-troubles-neurocognitifs\/comment-prevenir-les-troubles-neurocognitifs\/conseils-bons\" target=\"_blank\" rel=\"noopener\"><strong><em>Cinq conseils pour \u00eatre physiquement actif<\/em><\/strong><\/a><\/h5>\n<ol>\n<li style=\"text-align: justify;\">Commencez l\u00e0 o\u00f9 vous le pouvez et fixez-vous des objectifs raisonnables.<\/li>\n<li style=\"text-align: justify;\">Pensez \u00ab Activit\u00e9 \u00bb, et non \u00ab Exercice \u00bb.<\/li>\n<li style=\"text-align: justify;\">Une fois que vous \u00eates lanc\u00e9, visez au moins 150 minutes d\u2019exercice mod\u00e9r\u00e9 \u00e0 vigoureux par semaine.<\/li>\n<li style=\"text-align: justify;\">Songez \u00e0 l\u2019a\u00e9robique ! Par exemple, des activit\u00e9s de longue dur\u00e9e, comme la marche, la natation, le v\u00e9lo, la danse \u2026<\/li>\n<li style=\"text-align: justify;\">Si possible, pr\u00e9voyez vos activit\u00e9s physiques avec une personne que vous connaissez.<\/li>\n<\/ol>\n<p style=\"text-align: justify;\">Pour en savoir plus sur la modulation de l\u2019effort, vous pouvez consulter <a href=\"https:\/\/cimbcc.org\/test2\/allez-hop-on-bouge-outils-numeriques-en-renfort\" target=\"_blank\" rel=\"noopener\">ce pr\u00e9c\u00e9dent article du CHIP<\/a>.<\/p>\n<h4 style=\"text-align: justify;\">2. Briser l&rsquo;isolement : faites marcher vos relations, votre cerveau en a besoin<\/h4>\n<h5><em>La solitude se combat en groupe !<\/em><\/h5>\n<p style=\"text-align: justify;\"><a href=\"https:\/\/info.eugeria.ca\/technologie-isolement-solitude-alzheimer-aines\/\" target=\"_blank\" rel=\"noopener\">Selon le site Eugeria<\/a>, la technologie peut surmonter l\u2019isolement et la solitude. <a href=\"https:\/\/chartwell.com\/fr\/blogue\/2017\/09\/pour-les-a%C3%AEn%C3%A9s-le-lien-num%C3%A9rique-correspond-%C3%A0-une-vie-sociale-plus-active\" target=\"_blank\" rel=\"noopener\">Pour les a\u00een\u00e9s<\/a>, le lien num\u00e9rique correspond \u00e0 une vie sociale plus active.<\/p>\n<p style=\"text-align: justify;\"><a href=\"https:\/\/www.theguardian.com\/media\/2014\/dec\/12\/study-finds-social-media-skype-facebook-use-beneficial-overall-health-elderly\" target=\"_blank\" rel=\"noopener\">Une \u00e9tude r\u00e9cente<\/a>, effectu\u00e9e en Angleterre et en Italie, a \u00e9tabli que les a\u00een\u00e9s ayant \u00e9t\u00e9 form\u00e9s pour utiliser les r\u00e9seaux sociaux, comme Skype et les courriels, obtenaient de meilleurs r\u00e9sultats aux tests cognitifs et \u00e9taient en meilleure sant\u00e9 mentale que les membres du groupe t\u00e9moin, qui n\u2019avaient pas suivi de telles formations. Un autre PLUS pour participer aux activit\u00e9s de votre Club !<\/p>\n<h5 style=\"text-align: justify;\"><a href=\"https:\/\/alzheimer.ca\/fr\/au-sujet-des-troubles-neurocognitifs\/comment-prevenir-les-troubles-neurocognitifs\/conseils-bons\" target=\"_blank\" rel=\"noopener\"><em>Cinq conseils pour \u00eatre socialement actif<\/em><\/a><\/h5>\n<ol>\n<li style=\"text-align: justify;\">Chaque moment de la journ\u00e9e est une occasion de socialiser avec d&rsquo;autres personnes.<\/li>\n<li style=\"text-align: justify;\">Faites preuve de bienveillance\u2026 gratuitement. Un simple sourire enrichit celui qui le re\u00e7oit et celui qui le donne.<\/li>\n<li style=\"text-align: justify;\">Trouvez du temps pour faire du b\u00e9n\u00e9volat. Cela renforce votre estime personnelle, votre confiance en vous et cela \u00e9largit aussi votre r\u00e9seau de soutien social.<\/li>\n<li style=\"text-align: justify;\">Combinez les interactions sociales avec une activit\u00e9.<\/li>\n<li style=\"text-align: justify;\">Entretenez vos anciennes amiti\u00e9s et nouez-en de nouvelles.<\/li>\n<\/ol>\n<h4>3. La sollicitation intellectuelle : faites marcher votre cerveau, il en a besoin<\/h4>\n<h5 style=\"text-align: justify;\"><em>Votre cerveau ne s&rsquo;use que si vous ne vous en servez pas !<\/em><\/h5>\n<p style=\"text-align: justify;\">Stimuler son cerveau reste le meilleur moyen de repousser la maladie d\u2019Alzheimer. Pour faire travailler nos neurones, on pense souvent \u00e0 des exercices intellectuels comme apprendre une langue \u00e9trang\u00e8re. Mais dans notre cas, ma\u00eetriser une nouvelle application informatique, c&rsquo;est aussi une nouvelle conqu\u00eate \u00e0 faire.<\/p>\n<p style=\"padding-left: 40px; text-align: justify;\"><a href=\"https:\/\/www.europe1.fr\/sante\/alzheimer-comment-stimuler-son-cerveau-pour-retarder-la-maladie-3920840\" target=\"_blank\" rel=\"noopener\">\u00ab <em>Il faut faire quelque chose qui change votre comportement par rapport \u00e0 votre cerveau, pour sortir le cerveau de sa zone de confort. \u00bb<\/em><\/a><\/p>\n<p style=\"text-align: justify;\">Pour cela, au CIMBCC, on a plein d\u2019id\u00e9es pour vous \u2026 De plus, en abordant vos activit\u00e9s et actions d\u2019une nouvelle fa\u00e7on, vous stimulez de nouvelles zones c\u00e9r\u00e9brales ou des zones rarement utilis\u00e9es de votre cerveau.<\/p>\n<h5><a href=\"https:\/\/alzheimer.ca\/fr\/au-sujet-des-troubles-neurocognitifs\/comment-prevenir-les-troubles-neurocognitifs\/conseils-bons\" target=\"_blank\" rel=\"noopener\"><em>Cinq conseils pour stimuler votre cerveau<\/em><\/a><\/h5>\n<ol>\n<li>Ne cessez pas d\u2019apprendre.<\/li>\n<li>Jouez \u00e0 des jeux auxquels participe votre cerveau.<\/li>\n<li>Brisez votre train-train quotidien.<\/li>\n<li>Participez \u00e0 des activit\u00e9s culturelles.<\/li>\n<li>Exercez votre cerveau \u00e0 faire autre chose.<\/li>\n<\/ol>\n<h4><img loading=\"lazy\" decoding=\"async\" class=\"alignnone size-full wp-image-34386\" src=\"https:\/\/cimbcc.org\/test2\/wp-content\/uploads\/chip_2021_03_cerveau_2.gif\" alt=\"\" width=\"474\" height=\"307\" \/><\/h4>\n<h4>Conclusion<\/h4>\n<p style=\"text-align: justify;\">Fascinant ! Nous pouvons donc <strong>AGIR<\/strong> pour diminuer le risque de probl\u00e8mes neurocognitifs. Par exemple, la d\u00e9cision de faire partie d\u2019un club informatique favorise cette baisse. Une autre bonne raison pour parler de votre Club au sein de votre entourage \u2026<\/p>\n<p style=\"text-align: justify;\">Loin l\u2019id\u00e9e de me croire maintenant sp\u00e9cialiste. Plusieurs d\u2019entre vous en savent probablement plus que ce qui a \u00e9t\u00e9 pr\u00e9sent\u00e9 ici. <strong>Au Club, on s\u2019entraide<\/strong>. Servez-vous des commentaires ci-dessous pour me corriger, pour ajouter des informations, pour nous enrichir &#8230;<\/p>\n<p>Pierre Delisle<\/p>\n","protected":false},"excerpt":{"rendered":"<p>O\u00f9 ai-je mis mes cl\u00e9s ? Comment s&rsquo;appelle-t-il d\u00e9j\u00e0 ? O\u00f9 suis-je gar\u00e9 ? Nous nous posons tous ces questions sans vraiment y pr\u00eater beaucoup attention. Mais, avec l&rsquo;\u00e2ge, nous finissons par nous interroger. \u00ab Et si c&rsquo;\u00e9tait la maladie d&rsquo;Alzheimer ? De la d\u00e9mence ? \u00bb Aujourd&rsquo;hui, aucun traitement m\u00e9dical n&rsquo;a encore \u00e9t\u00e9 trouv\u00e9 &hellip; <a href=\"https:\/\/cimbcc.org\/test2\/enrichir-son-capital-cerveau\/\" class=\"more-link\">Continuer la lecture de <span class=\"screen-reader-text\">Enrichir son \u00ab CAPITAL CERVEAU \u00bb<\/span>  <span class=\"meta-nav\">&rarr;<\/span><\/a><\/p>\n","protected":false},"author":43,"featured_media":0,"comment_status":"open","ping_status":"closed","sticky":false,"template":"","format":"standard","meta":{"footnotes":""},"categories":[24],"tags":[1198,737,1431,1409,113,927,1430],"class_list":["post-34369","post","type-post","status-publish","format-standard","hentry","category-conseils-pratiques","tag-activite-physique","tag-activites-sociales","tag-demence","tag-maladie-dalzheimer","tag-sante","tag-sante-mentale","tag-sante-physique"],"_links":{"self":[{"href":"https:\/\/cimbcc.org\/test2\/wp-json\/wp\/v2\/posts\/34369","targetHints":{"allow":["GET"]}}],"collection":[{"href":"https:\/\/cimbcc.org\/test2\/wp-json\/wp\/v2\/posts"}],"about":[{"href":"https:\/\/cimbcc.org\/test2\/wp-json\/wp\/v2\/types\/post"}],"author":[{"embeddable":true,"href":"https:\/\/cimbcc.org\/test2\/wp-json\/wp\/v2\/users\/43"}],"replies":[{"embeddable":true,"href":"https:\/\/cimbcc.org\/test2\/wp-json\/wp\/v2\/comments?post=34369"}],"version-history":[{"count":18,"href":"https:\/\/cimbcc.org\/test2\/wp-json\/wp\/v2\/posts\/34369\/revisions"}],"predecessor-version":[{"id":44126,"href":"https:\/\/cimbcc.org\/test2\/wp-json\/wp\/v2\/posts\/34369\/revisions\/44126"}],"wp:attachment":[{"href":"https:\/\/cimbcc.org\/test2\/wp-json\/wp\/v2\/media?parent=34369"}],"wp:term":[{"taxonomy":"category","embeddable":true,"href":"https:\/\/cimbcc.org\/test2\/wp-json\/wp\/v2\/categories?post=34369"},{"taxonomy":"post_tag","embeddable":true,"href":"https:\/\/cimbcc.org\/test2\/wp-json\/wp\/v2\/tags?post=34369"}],"curies":[{"name":"wp","href":"https:\/\/api.w.org\/{rel}","templated":true}]}}