{"id":34464,"date":"2021-03-25T20:00:07","date_gmt":"2021-03-26T00:00:07","guid":{"rendered":"https:\/\/cimbcc.org\/test2\/?p=34464"},"modified":"2023-10-16T22:11:44","modified_gmt":"2023-10-17T02:11:44","slug":"echos-du-conseil-dadministration-9-mars-2021","status":"publish","type":"post","link":"https:\/\/cimbcc.org\/test2\/echos-du-conseil-dadministration-9-mars-2021\/","title":{"rendered":"\u00c9chos du conseil d&rsquo;administration &#8211; 9 mars 2021"},"content":{"rendered":"<figure id=\"attachment_31421\" aria-describedby=\"caption-attachment-31421\" style=\"width: 512px\" class=\"wp-caption alignnone\"><img loading=\"lazy\" decoding=\"async\" class=\"size-full wp-image-31421\" src=\"https:\/\/cimbcc.org\/test2\/wp-content\/uploads\/chip_ca_2020_2021.jpg\" alt=\"CA 2020-2021\" width=\"512\" height=\"202\" srcset=\"https:\/\/cimbcc.org\/test2\/wp-content\/uploads\/chip_ca_2020_2021.jpg 512w, https:\/\/cimbcc.org\/test2\/wp-content\/uploads\/chip_ca_2020_2021-300x118.jpg 300w\" sizes=\"auto, (max-width: 512px) 100vw, 512px\" \/><figcaption id=\"caption-attachment-31421\" class=\"wp-caption-text\">Dans l\u2019ordre habituel : Danielle Barab\u00e9, Michel C\u00f4t\u00e9, R\u00e9jean C\u00f4t\u00e9, Berthe Demers, Michel Gagn\u00e9, Sylvain Garneau, Richard Gervais, Jacques Lalibert\u00e9, Sylvie Mazur, Danielle Provost<\/figcaption><\/figure>\n<p style=\"text-align: justify;\">Chaque mois, le conseil d\u2019administration du Club traite de sujets r\u00e9currents qui ne sont pas toujours rapport\u00e9s dans les articles des <em>\u00c9chos<\/em>, car ce serait fastidieux pour le lecteur.<\/p>\n<p style=\"text-align: justify;\">L\u2019objectif poursuivi ici est plut\u00f4t de partager des nouvelles qui concernent le Club et ses membres, de faire part de d\u00e9cisions qui peuvent int\u00e9resser nos membres et d\u2019informer nos lecteurs de l\u2019\u00e9volution de certaines activit\u00e9s. Voici donc quelques points int\u00e9ressants trait\u00e9s lors de la derni\u00e8re r\u00e9union du conseil d\u2019administration.<\/p>\n<p><!--more--><\/p>\n<hr \/>\n<h4 style=\"text-align: justify;\"><strong>Subvention dans le cadre du programme de <em>Soutien \u00e0 l\u2019action b\u00e9n\u00e9vole\u00a02020-2021 (SAB)<\/em><\/strong><\/h4>\n<p style=\"text-align: justify;\">\u00c0 la suite du d\u00e9p\u00f4t d\u2019une demande de subvention dans le cadre du programme SAB, le Club a re\u00e7u une subvention de 500\u00a0$ accord\u00e9e par la d\u00e9put\u00e9e de Montarville et ministre de la Culture et des Communications, madame <strong>Nathalie\u00a0Roy<\/strong>. Cette somme aidera le Club \u00e0 faire face \u00e0 certaines d\u00e9penses r\u00e9currentes en cette ann\u00e9e o\u00f9 nos revenus sont limit\u00e9s.<\/p>\n<hr \/>\n<h4><strong>Recrutement de b\u00e9n\u00e9voles<\/strong><\/h4>\n<p style=\"text-align: justify;\">Le conseil d\u2019administration a \u00e9t\u00e9 heureux d\u2019apprendre que deux personnes ont exprim\u00e9 leur intention d\u2019apporter une contribution int\u00e9ressante au Club\u00a0:<\/p>\n<ul>\n<li style=\"text-align: justify;\"><strong>Jean-Pierre Bonneau<\/strong> a accept\u00e9 de faire une pr\u00e9sentation sur les <a href=\"https:\/\/cimbcc.org\/test2\/wp-content\/uploads\/notes_2021_03_15_cables_sous_marin.pdf\" target=\"_blank\" rel=\"noopener\">c\u00e2bles sous-marins<\/a> le 15\u00a0mars, \u00e0 la suite de la s\u00e9rie du lundi apr\u00e8s-midi sur <a href=\"https:\/\/cimbcc.org\/test2\/lhistoire-du-numerique-70-ans-de-decouvertes-et-de-bouleversements\" target=\"_blank\" rel=\"noopener\">l\u2019<em>Histoire du num\u00e9rique<\/em><\/a>.<\/li>\n<li style=\"text-align: justify;\"><strong>Richard Parent<\/strong> a manifest\u00e9 son int\u00e9r\u00eat \u00e0 animer, l\u2019an prochain, un atelier qui r\u00e9unira les membres qui utilisent des ordinateurs sous macOS.<\/li>\n<\/ul>\n<hr \/>\n<h4 style=\"text-align: justify;\"><strong>T\u00e9moignages de reconnaissance \u00e0 l\u2019\u00e9gard des b\u00e9n\u00e9voles<\/strong><\/h4>\n<p style=\"text-align: justify;\">Le Club avait pr\u00e9vu d\u2019inviter les <a href=\"https:\/\/cimbcc.org\/test2\/le-club-2\/nos-responsables\" target=\"_blank\" rel=\"noopener\">b\u00e9n\u00e9voles<\/a> au traditionnel souper annuel de mai pour leur manifester notre reconnaissance. Comme il est peu probable que nous puissions nous r\u00e9unir ce printemps, le conseil d\u2019administration pr\u00e9f\u00e8re attendre \u00e0 l\u2019automne prochain o\u00f9 il sera sans doute possible d\u2019organiser cette soir\u00e9e en l\u2019honneur des b\u00e9n\u00e9voles. Le conseil croit que les b\u00e9n\u00e9voles aiment se rassembler et qu\u2019il faut maintenir ce projet m\u00eame s\u2019il doit \u00eatre report\u00e9.<\/p>\n<p style=\"text-align: justify;\">Le conseil a remerci\u00e9 <strong>Walter Pearce<\/strong> et l\u2019\u00e9quipe des activit\u00e9s sociales d\u2019avoir consacr\u00e9 du temps \u00e0 explorer d\u2019autres moyens que le Club pourrait prendre pour t\u00e9moigner sa reconnaissance aux b\u00e9n\u00e9voles.<\/p>\n<hr \/>\n<h4 style=\"text-align: justify;\"><strong>Syst\u00e8me d\u2019inscription en ligne des membres du Club<\/strong><\/h4>\n<p style=\"text-align: justify;\">Depuis le 1<sup>er<\/sup>\u00a0mars, les nouveaux membres peuvent s\u2019inscrire et payer leur cotisation en ligne. Sylvain Garneau en a fait la d\u00e9monstration depuis le clic sur le <a href=\"https:\/\/cimbcc.org\/test2\" target=\"_blank\" rel=\"noopener\">bouton jaune<\/a> de la page d\u2019accueil du site Web jusqu\u2019au paiement de la cotisation, en passant par les \u00e9tapes interm\u00e9diaires d\u2019identification personnelle et de choix du type d\u2019inscription (individuelle, de couple, etc.). Au moment de la r\u00e9union du conseil, sept membres avaient d\u00e9j\u00e0 employ\u00e9 ce syst\u00e8me sans rencontrer de probl\u00e8me.<\/p>\n<p style=\"text-align: justify;\">Les membres dont l\u2019adh\u00e9sion au Club a \u00e9t\u00e9 prolong\u00e9e jusqu\u2019en septembre 2021 pourront renouveler leur adh\u00e9sion en ligne \u00e0 compter du 15\u00a0ao\u00fbt prochain. Ces membres seront invit\u00e9s \u00e0 une vid\u00e9oconf\u00e9rence \u00e0 la fin de l\u2019\u00e9t\u00e9. Celle-ci aura pour objectif de les initier \u00e0 ce nouveau syst\u00e8me de renouvellement d\u2019une adh\u00e9sion.<\/p>\n<p style=\"text-align: justify;\">Le conseil remercie <strong>Gilbert Girard<\/strong> et <strong>Sylvain Garneau<\/strong> pour l\u2019importante somme de travail qu\u2019ils ont consacr\u00e9 \u00e0 la programmation de ce syst\u00e8me en ligne. Plus de 100\u00a0pages de programmation ont \u00e9t\u00e9 n\u00e9cessaires pour pr\u00e9voir tous les cas.<\/p>\n<p style=\"text-align: justify;\">Une \u00e9quipe de six personnes a \u00e9t\u00e9 form\u00e9e pour pr\u00e9parer l\u2019inscription des nouveaux membres et le renouvellement des adh\u00e9sions, l\u2019automne prochain, dans le cadre de la <em>Journ\u00e9e d\u2019information et d\u2019inscription<\/em> et des rencontres au Chalet Marie-Victorin. Les responsables de l\u2019accueil, du registre des membres et du site Web font partie de cette \u00e9quipe.<\/p>\n<hr \/>\n<h4 style=\"text-align: justify;\"><strong>Registre des membres du Club<\/strong><\/h4>\n<p style=\"text-align: justify;\"><strong>Danielle Barab\u00e9<\/strong> est la nouvelle marraine du registre des membres alors que <strong>C\u00e9line Dion<\/strong> en est la nouvelle responsable. Elles succ\u00e8dent \u00e0 <strong>Danielle Bourque<\/strong> qui seconde maintenant la responsable du registre des membres.<\/p>\n<p style=\"text-align: justify;\">Danielle Barab\u00e9 a rappel\u00e9 les diff\u00e9rentes actions n\u00e9cessaires pour assurer la mise \u00e0 jour du registre des membres ainsi que les liens qui existent entre le registre et d\u2019autres services du Club. Entre autres, la responsable du registre travaille en collaboration avec le service de l\u2019accueil dont elle re\u00e7oit les inscriptions des nouveaux membres par courriel. Elle collabore \u00e9galement avec l\u2019\u00e9quipe des communications \u00e0 qui elle transmet chaque semaine la liste des courriels des membres afin qu\u2019ils re\u00e7oivent le courriel hebdomadaire. Elle communique aussi un rapport mensuel au conseil d\u2019administration.<\/p>\n<p style=\"text-align: justify;\">Les membres sont invit\u00e9s \u00e0 communiquer tout changement dans leurs coordonn\u00e9es en remplissant le formulaire qu\u2019ils trouveront <a href=\"https:\/\/cimbcc.org\/test2\/nous-joindre\/nous-joindre-changement-de-profil-de-membre-du-club\" target=\"_blank\" rel=\"noopener\">en cliquant ici<\/a>. Des coordonn\u00e9es exactes rendent possible la communication du Club avec ses membres.<\/p>\n<p style=\"text-align: justify;\">Si l\u2019ann\u00e9e\u00a02020-2021 a \u00e9t\u00e9 profond\u00e9ment marqu\u00e9e par la pand\u00e9mie, l\u2019ann\u00e9e\u00a02021 est celle de l\u2019inauguration du syst\u00e8me d\u2019inscription des membres, de renouvellement des adh\u00e9sions et de paiement des cotisations par Internet. Jusqu\u2019\u00e0 maintenant l\u2019exp\u00e9rience est positive, mais des ajustements pourraient \u00eatre requis en cours d\u2019ann\u00e9e.<\/p>\n<p style=\"text-align: justify;\">Le conseil d\u2019administration encourage les b\u00e9n\u00e9voles responsables du registre des membres \u00e0 poursuivre leur magnifique travail dont il les remercie.<\/p>\n<p>Sylvie Mazur, secr\u00e9taire du conseil d\u2019administration<\/p>\n<p>&nbsp;<\/p>\n","protected":false},"excerpt":{"rendered":"<p>Chaque mois, le conseil d\u2019administration du Club traite de sujets r\u00e9currents qui ne sont pas toujours rapport\u00e9s dans les articles des \u00c9chos, car ce serait fastidieux pour le lecteur. L\u2019objectif poursuivi ici est plut\u00f4t de partager des nouvelles qui concernent le Club et ses membres, de faire part de d\u00e9cisions qui peuvent int\u00e9resser nos membres &hellip; <a href=\"https:\/\/cimbcc.org\/test2\/echos-du-conseil-dadministration-9-mars-2021\/\" class=\"more-link\">Continuer la lecture de <span class=\"screen-reader-text\">\u00c9chos du conseil d&rsquo;administration &#8211; 9 mars 2021<\/span>  <span class=\"meta-nav\">&rarr;<\/span><\/a><\/p>\n","protected":false},"author":43,"featured_media":0,"comment_status":"open","ping_status":"closed","sticky":false,"template":"","format":"standard","meta":{"footnotes":""},"categories":[386],"tags":[1439,1381,1165,222,762,1440,1438],"class_list":["post-34464","post","type-post","status-publish","format-standard","hentry","category-echos-du-conseil-dadministration","tag-cables-sous-marins","tag-histoire-du-numerique","tag-inscription-en-ligne","tag-mac-os","tag-reconnaissance-de-benevoles","tag-registre-des-membres","tag-subvention"],"_links":{"self":[{"href":"https:\/\/cimbcc.org\/test2\/wp-json\/wp\/v2\/posts\/34464","targetHints":{"allow":["GET"]}}],"collection":[{"href":"https:\/\/cimbcc.org\/test2\/wp-json\/wp\/v2\/posts"}],"about":[{"href":"https:\/\/cimbcc.org\/test2\/wp-json\/wp\/v2\/types\/post"}],"author":[{"embeddable":true,"href":"https:\/\/cimbcc.org\/test2\/wp-json\/wp\/v2\/users\/43"}],"replies":[{"embeddable":true,"href":"https:\/\/cimbcc.org\/test2\/wp-json\/wp\/v2\/comments?post=34464"}],"version-history":[{"count":5,"href":"https:\/\/cimbcc.org\/test2\/wp-json\/wp\/v2\/posts\/34464\/revisions"}],"predecessor-version":[{"id":34492,"href":"https:\/\/cimbcc.org\/test2\/wp-json\/wp\/v2\/posts\/34464\/revisions\/34492"}],"wp:attachment":[{"href":"https:\/\/cimbcc.org\/test2\/wp-json\/wp\/v2\/media?parent=34464"}],"wp:term":[{"taxonomy":"category","embeddable":true,"href":"https:\/\/cimbcc.org\/test2\/wp-json\/wp\/v2\/categories?post=34464"},{"taxonomy":"post_tag","embeddable":true,"href":"https:\/\/cimbcc.org\/test2\/wp-json\/wp\/v2\/tags?post=34464"}],"curies":[{"name":"wp","href":"https:\/\/api.w.org\/{rel}","templated":true}]}}